{"id":4780,"date":"2022-08-30T01:03:11","date_gmt":"2022-08-30T06:03:11","guid":{"rendered":"https:\/\/www.biblia.work\/articulos-salud\/frecuencia-cardiaca-elevada-vinculada-a-un-mayor-riesgo-de-demencia\/"},"modified":"2022-08-30T01:03:11","modified_gmt":"2022-08-30T06:03:11","slug":"frecuencia-cardiaca-elevada-vinculada-a-un-mayor-riesgo-de-demencia","status":"publish","type":"post","link":"https:\/\/www.biblia.work\/articulos-salud\/frecuencia-cardiaca-elevada-vinculada-a-un-mayor-riesgo-de-demencia\/","title":{"rendered":"Frecuencia card\u00edaca elevada vinculada a un mayor riesgo de demencia"},"content":{"rendered":"<p>Yume Imahori, investigadora postdoctoral en el Departamento de Neurobiolog\u00eda, Ciencias del Cuidado y Sociedad, Karolinska Institutet. Cr\u00e9dito: Stefan Zimmerman <\/p>\n<p>Tener una frecuencia card\u00edaca elevada en reposo en la vejez puede ser un factor de riesgo independiente de demencia, seg\u00fan un estudio del Instituto Karolinska en Suecia, publicado en la revista Alzheimer&#8217;s &amp; Dementia: The Journal of the Alzheimer&#8217;s Association. Dado que la frecuencia card\u00edaca en reposo es f\u00e1cil de medir y se puede reducir mediante el ejercicio o el tratamiento m\u00e9dico, los investigadores creen que puede ayudar a identificar a las personas con mayor riesgo de demencia para una intervenci\u00f3n temprana. <\/p>\n<p>Se espera que la cantidad de personas que viven con demencia aumente a 139 millones en todo el mundo para 2050, de 55 millones en 2020, seg\u00fan la organizaci\u00f3n Alzheimer&#8217;s Disease International. Actualmente, no existe una cura para la demencia, pero la creciente evidencia sugiere que mantener un estilo de vida saludable y una salud cardiovascular podr\u00eda ayudar a retrasar la aparici\u00f3n de la demencia y aliviar los s\u00edntomas.<\/p>\n<p>En este estudio, los investigadores examinaron si la frecuencia card\u00edaca en reposo en 2147 personas de 60 a\u00f1os o m\u00e1s que viven en Estocolmo podr\u00eda estar relacionado con la demencia y el deterioro cognitivo independientemente de otros factores de riesgo conocidos, como la enfermedad cardiovascular.<\/p>\n<p>El estudio, que sigui\u00f3 a los participantes durante hasta 12 a\u00f1os, mostr\u00f3 que las personas con una frecuencia card\u00edaca en reposo de 80 latidos por minuto o m\u00e1s en promedio ten\u00edan un 55 por ciento m\u00e1s de riesgo de demencia que aquellos con una frecuencia card\u00edaca de 6069 latidos por minuto. La asociaci\u00f3n sigui\u00f3 siendo significativa despu\u00e9s de ajustar posibles factores de confusi\u00f3n, como varias enfermedades cardiovasculares. A\u00fan as\u00ed, los investigadores advierten que el resultado puede haber sido afectado por eventos cardiovasculares no detectados y el hecho de que m\u00e1s participantes con enfermedades cardiovasculares murieron durante el per\u00edodo de seguimiento y, por lo tanto, no tuvieron tiempo de desarrollar demencia.<\/p>\n<p> El estudio no puede establecer una relaci\u00f3n causal, pero los investigadores ofrecen varias explicaciones plausibles para la asociaci\u00f3n, incluido el efecto de las enfermedades cardiovasculares subyacentes y los factores de riesgo cardiovasculares, las arterias r\u00edgidas y el desequilibrio entre las actividades nerviosas simp\u00e1ticas y parasimp\u00e1ticas.<\/p>\n<p> \u00abCreemos que ser\u00eda valioso explorar si la frecuencia card\u00edaca en reposo podr\u00eda identificar a los pacientes con alto riesgo de demencia\u00bb, dice el autor principal del estudio, Yume Imahori, investigador del Departamento de Neurobiolog\u00eda, Ciencias del Cuidado y Sociedad del Instituto Karolinska. \u00abSi hacemos un seguimiento cuidadoso de la funci\u00f3n cognitiva de estos pacientes e intervenimos de forma temprana, la aparici\u00f3n de la demencia podr\u00eda retrasarse, lo que puede tener un impacto sustancial en su calidad de vida\u00bb.<\/p>\n<p>El estudio fue dirigido por el profesor Dr. Chengxuan Qiu y los datos se derivaron del estudio nacional sueco sobre el envejecimiento y el cuidado en Kungsholmen (SNAC-K). <\/p>\n<p>Explore m\u00e1s<\/p>\n<p> El grado de control de la diabetes tipo 2 puede influir en el riesgo de demencia, seg\u00fan un estudio <strong>M\u00e1s informaci\u00f3n:<\/strong> Asociaci\u00f3n de la frecuencia card\u00edaca en reposo con el deterioro cognitivo y la demencia en adultos mayores : un estudio de cohorte basado en la poblaci\u00f3n, Alzheimer y demencia: The Journal of the Alzheimer&#8217;s Association, (2021). DOI: 10.1002\/alz.12495 Proporcionado por Karolinska Institutet <strong>Cita<\/strong>: Frecuencia card\u00edaca elevada vinculada a un mayor riesgo de demencia (10 de diciembre de 2021) consultado el 29 de agosto de 2022 en https:\/\/medicalxpress.com\/news\/ 2021-12-elevated-heart-linked-dementia.html Este documento est\u00e1 sujeto a derechos de autor. Aparte de cualquier trato justo con fines de estudio o investigaci\u00f3n privados, ninguna parte puede reproducirse sin el permiso por escrito. El contenido se proporciona \u00fanicamente con fines informativos.<\/p>\n","protected":false},"excerpt":{"rendered":"<p>Yume Imahori, investigadora postdoctoral en el Departamento de Neurobiolog\u00eda, Ciencias del Cuidado y Sociedad, Karolinska Institutet. Cr\u00e9dito: Stefan Zimmerman Tener una frecuencia card\u00edaca elevada en reposo en la vejez puede ser un factor de riesgo independiente de demencia, seg\u00fan un estudio del Instituto Karolinska en Suecia, publicado en la revista Alzheimer&#8217;s &amp; Dementia: The Journal &hellip; <a href=\"https:\/\/www.biblia.work\/articulos-salud\/frecuencia-cardiaca-elevada-vinculada-a-un-mayor-riesgo-de-demencia\/\" class=\"more-link\">Continuar leyendo<span class=\"screen-reader-text\"> \u00abFrecuencia card\u00edaca elevada vinculada a un mayor riesgo de demencia\u00bb<\/span><\/a><\/p>\n","protected":false},"author":1,"featured_media":0,"comment_status":"","ping_status":"","sticky":false,"template":"","format":"standard","meta":{"footnotes":""},"categories":[1],"tags":[],"class_list":["post-4780","post","type-post","status-publish","format-standard","hentry","category-general"],"_links":{"self":[{"href":"https:\/\/www.biblia.work\/articulos-salud\/wp-json\/wp\/v2\/posts\/4780","targetHints":{"allow":["GET"]}}],"collection":[{"href":"https:\/\/www.biblia.work\/articulos-salud\/wp-json\/wp\/v2\/posts"}],"about":[{"href":"https:\/\/www.biblia.work\/articulos-salud\/wp-json\/wp\/v2\/types\/post"}],"author":[{"embeddable":true,"href":"https:\/\/www.biblia.work\/articulos-salud\/wp-json\/wp\/v2\/users\/1"}],"replies":[{"embeddable":true,"href":"https:\/\/www.biblia.work\/articulos-salud\/wp-json\/wp\/v2\/comments?post=4780"}],"version-history":[{"count":0,"href":"https:\/\/www.biblia.work\/articulos-salud\/wp-json\/wp\/v2\/posts\/4780\/revisions"}],"wp:attachment":[{"href":"https:\/\/www.biblia.work\/articulos-salud\/wp-json\/wp\/v2\/media?parent=4780"}],"wp:term":[{"taxonomy":"category","embeddable":true,"href":"https:\/\/www.biblia.work\/articulos-salud\/wp-json\/wp\/v2\/categories?post=4780"},{"taxonomy":"post_tag","embeddable":true,"href":"https:\/\/www.biblia.work\/articulos-salud\/wp-json\/wp\/v2\/tags?post=4780"}],"curies":[{"name":"wp","href":"https:\/\/api.w.org\/{rel}","templated":true}]}}