{"id":4792,"date":"2022-08-30T01:03:33","date_gmt":"2022-08-30T06:03:33","guid":{"rendered":"https:\/\/www.biblia.work\/articulos-salud\/los-ninos-de-5-a-11-anos-se-vacunan-contra-el-covid-19-lo-que-esto-podria-significar-para-las-fiestas-y-la-variante-omicron\/"},"modified":"2022-08-30T01:03:33","modified_gmt":"2022-08-30T06:03:33","slug":"los-ninos-de-5-a-11-anos-se-vacunan-contra-el-covid-19-lo-que-esto-podria-significar-para-las-fiestas-y-la-variante-omicron","status":"publish","type":"post","link":"https:\/\/www.biblia.work\/articulos-salud\/los-ninos-de-5-a-11-anos-se-vacunan-contra-el-covid-19-lo-que-esto-podria-significar-para-las-fiestas-y-la-variante-omicron\/","title":{"rendered":"Los ni\u00f1os de 5 a 11 a\u00f1os se vacunan contra el COVID-19: lo que esto podr\u00eda significar para las fiestas y la variante Omicron"},"content":{"rendered":"<p>Los ni\u00f1os peque\u00f1os se est\u00e1n arremangando para vacunarse, protegi\u00e9ndose contra el COVID-19 y ayudando a frenar la pandemia. Cr\u00e9dito: Dasantila Golemi-Kotra <\/p>\n<p>Public Health Canada aprob\u00f3 el uso de la vacuna de ARNm de Pfizer\/BioNTech para ni\u00f1os de cinco a 11 a\u00f1os de edad el 19 de noviembre. La decisi\u00f3n fue muy esperada ya que los padres, incluido uno de los autores, han estado esperando para proteger a los ni\u00f1os ante el aumento de casos positivos de SARS-CoV-2 y evitarles otra interrupci\u00f3n del a\u00f1o escolar. (Los ni\u00f1os de cinco a 11 a\u00f1os representan el 7,5 por ciento de todos los casos en Canad\u00e1, con consecuencias potencialmente mortales). <\/p>\n<p>Tan pronto como el sistema provincial de reservas en l\u00ednea estuvo disponible el 23 de noviembre, Dasantila reserv\u00f3 una cita para su hija durante el fin de semana, no queriendo que se pierda ning\u00fan d\u00eda de clases. Luego comenz\u00f3 a planificar c\u00f3mo ofrecerle consuelo el d\u00eda de la vacunaci\u00f3n: a su hija no le gustan las agujas; ver una aguja en la televisi\u00f3n o en una revista o incluso mencionar una la hace temblar, e instintivamente se cubre el brazo izquierdo y dice que es con dolor.<\/p>\n<p>Al d\u00eda siguiente, sin embargo, lleg\u00f3 a casa y pregunt\u00f3 si su vacuna hab\u00eda sido reservada. Cuando se le inform\u00f3 amablemente que ser\u00eda el fin de semana, pregunt\u00f3 por qu\u00e9 no antes. Dasantila se sorprendi\u00f3 de que su peque\u00f1a, a quien por lo general hab\u00eda que persuadir con chocolate para recibir sus vacunas, no estaba contenta de que su vacunaci\u00f3n no se programara antes. Ocultando su conmoci\u00f3n, Dasantila pregunt\u00f3 por qu\u00e9 lo quer\u00eda antes, y su hija dijo que todos en su clase lo estaban recibiendo antes.<\/p>\n<p>Es un recordatorio de que los ni\u00f1os pueden ser m\u00e1s fuertes de lo que imaginamos y pueden superar nuestras expectativas. Tambi\u00e9n es otra raz\u00f3n para agradecer a los maestros que han sido consistentes en su mensaje sobre la importancia de las medidas de salud p\u00fablica para protegerse a s\u00ed mismos y a los dem\u00e1s.<\/p>\n<p>\u00bfCu\u00e1l es la cobertura de vacunaci\u00f3n en Canad\u00e1?<\/p>\n<p>La La aprobaci\u00f3n de la vacunaci\u00f3n para ni\u00f1os de cinco a 11 a\u00f1os llega en un momento cr\u00edtico de la pandemia aqu\u00ed en Canad\u00e1. En Ontario, donde vivimos, los casos aumentan lentamente (la tasa de positividad, el porcentaje de personas analizadas que obtienen un resultado positivo, fluct\u00faa alrededor del tres por ciento), y los brotes en las escuelas primarias de la provincia est\u00e1n en su nivel m\u00e1s alto desde que comenz\u00f3 la pandemia.<\/p>\n<p>Se esperaba un aumento lento de casos positivos a medida que la gente se re\u00fana m\u00e1s en el interior debido al clima fr\u00edo, se abrieron m\u00e1s lugares a plena capacidad y se levantaron las prohibiciones de viaje. Pero no sabemos a qu\u00e9 ritmo continuar\u00e1 esta tendencia, por lo que las medidas de salud p\u00fablica y las vacunas son el hilo al que debemos agarrarnos. <\/p>\n<p>La participaci\u00f3n de ni\u00f1os de cinco a 11 a\u00f1os en los programas de vacunaci\u00f3n har\u00e1 que el 90 por ciento de la poblaci\u00f3n sea elegible para vacunarse (este grupo de edad representa hasta tres millones de ni\u00f1os). Este nivel de vacunaci\u00f3n puede marcar una diferencia sustancial en \u00ablograrlo o deshacerlo\u00bb para el sistema de atenci\u00f3n m\u00e9dica en Canad\u00e1, que se ha visto forzado y no est\u00e1 a plena capacidad cuando se trata de atender a pacientes que no tienen COVID-19. <\/p>\n<p>Actualmente, en Canad\u00e1, el 76 % de la poblaci\u00f3n total est\u00e1 totalmente vacunada (86 % de las personas mayores de 12 a\u00f1os). En Ontario, el 77 % de la poblaci\u00f3n total est\u00e1 completamente vacunado (87 % de las personas mayores de 12 a\u00f1os). La cobertura de vacunaci\u00f3n parcial (dosis \u00fanica) entre los ni\u00f1os de cinco a 11 a\u00f1os es del 5,8 % en Canad\u00e1 y del 22 % en Ontario.<\/p>\n<p>\u00bfHacia d\u00f3nde nos dirigimos?<\/p>\n<p>Un estudio realizado por el Laboratorio de y Matem\u00e1ticas Aplicadas de la Universidad de York muestra que, con el nivel actual de Ontario de vacunaci\u00f3n completa en la poblaci\u00f3n de 12 a\u00f1os o m\u00e1s y en ausencia de vacunaci\u00f3n para ni\u00f1os menores de 12 a\u00f1os, la tasa de ataque de COVID-19 (definida como la proporci\u00f3n de personas infectadas en la poblaci\u00f3n durante un brote) entre los ni\u00f1os menores de 12 a\u00f1os puede alcanzar el 18 por ciento (el estudio a\u00fan no ha sido revisado por pares).<\/p>\n<p>Este nivel de infecci\u00f3n en este grupo de edad puede persistir incluso si la actividad social de las poblaciones mayores de 12 a\u00f1os se mantiene por debajo del 75 por ciento del nivel previo a la pandemia. Afortunadamente, una vacunaci\u00f3n efectiva entre ni\u00f1os de cinco a 11 a\u00f1os puede reducir esta tasa de ataque a menos del 0,2 por ciento. <\/p>\n<p>Un informe reciente del mismo grupo, publicado en el Informe semanal del grupo de modelado PHAC (Informe de octubre) muestra que la tasa de ataque entre todos los ni\u00f1os menores de 12 a\u00f1os puede reducirse a menos del dos por ciento si la mitad de los ni\u00f1os en este grupo de edad est\u00e1n totalmente vacunados, y al 0,17 por ciento con una tasa de vacunaci\u00f3n del 90 por ciento en este grupo de edad. \u00a1Un cambio de juego!<\/p>\n<p>Omicron y las vacaciones<\/p>\n<p>La aparici\u00f3n de Omicron, una variante que se considera m\u00e1s transmisible que Delta, agrega m\u00e1s urgencia para vacunar a los m\u00e1s j\u00f3venes para frenar la circulaci\u00f3n en la comunidad y proteger a aquellos que siguen siendo vulnerables incluso despu\u00e9s de haber sido vacunados por completo (incluidas las vacunas de refuerzo). Numerosos estudios muestran que las vacunas protegen contra los casos graves de la enfermedad COVID-19 y reducen la infecci\u00f3n y la transmisi\u00f3n. <\/p>\n<p>Entonces, a medida que se acercan las festividades, aliente y apoye a aquellos que permanecen indecisos en lo que respecta a las vacunas, y contin\u00fae adoptando medidas de salud p\u00fablica: m\u00e1scaras faciales, distanciamiento f\u00edsico, reuniones limitadas e higiene de manos. \u00a1Las vacaciones pueden parecer un poco m\u00e1s brillantes de esta manera! <\/p>\n<p>Explore m\u00e1s<\/p>\n<p> La regi\u00f3n de Canad\u00e1 reduce la edad de elegibilidad para refuerzo de COVID Proporcionado por The Conversation <\/p>\n<p> Este art\u00edculo se vuelve a publicar de The Conversation bajo una licencia Creative Commons. Lea el art\u00edculo original. <\/p>\n<p> <strong>Cita<\/strong>: Los ni\u00f1os de 5 a 11 a\u00f1os se vacunan contra el COVID-19: lo que esto podr\u00eda significar para las fiestas y la variante de Omicron (2021, 10 de diciembre) consultado el 29 de agosto de 2022 en https:\/ \/medicalxpress.com\/news\/2021-12-children-ages-covid-vaccinations-holidays.html Este documento est\u00e1 sujeto a derechos de autor. Aparte de cualquier trato justo con fines de estudio o investigaci\u00f3n privados, ninguna parte puede reproducirse sin el permiso por escrito. El contenido se proporciona \u00fanicamente con fines informativos.<\/p>\n","protected":false},"excerpt":{"rendered":"<p>Los ni\u00f1os peque\u00f1os se est\u00e1n arremangando para vacunarse, protegi\u00e9ndose contra el COVID-19 y ayudando a frenar la pandemia. Cr\u00e9dito: Dasantila Golemi-Kotra Public Health Canada aprob\u00f3 el uso de la vacuna de ARNm de Pfizer\/BioNTech para ni\u00f1os de cinco a 11 a\u00f1os de edad el 19 de noviembre. La decisi\u00f3n fue muy esperada ya que los &hellip; <a href=\"https:\/\/www.biblia.work\/articulos-salud\/los-ninos-de-5-a-11-anos-se-vacunan-contra-el-covid-19-lo-que-esto-podria-significar-para-las-fiestas-y-la-variante-omicron\/\" class=\"more-link\">Continuar leyendo<span class=\"screen-reader-text\"> \u00abLos ni\u00f1os de 5 a 11 a\u00f1os se vacunan contra el COVID-19: lo que esto podr\u00eda significar para las fiestas y la variante Omicron\u00bb<\/span><\/a><\/p>\n","protected":false},"author":1,"featured_media":0,"comment_status":"","ping_status":"","sticky":false,"template":"","format":"standard","meta":{"footnotes":""},"categories":[1],"tags":[],"class_list":["post-4792","post","type-post","status-publish","format-standard","hentry","category-general"],"_links":{"self":[{"href":"https:\/\/www.biblia.work\/articulos-salud\/wp-json\/wp\/v2\/posts\/4792","targetHints":{"allow":["GET"]}}],"collection":[{"href":"https:\/\/www.biblia.work\/articulos-salud\/wp-json\/wp\/v2\/posts"}],"about":[{"href":"https:\/\/www.biblia.work\/articulos-salud\/wp-json\/wp\/v2\/types\/post"}],"author":[{"embeddable":true,"href":"https:\/\/www.biblia.work\/articulos-salud\/wp-json\/wp\/v2\/users\/1"}],"replies":[{"embeddable":true,"href":"https:\/\/www.biblia.work\/articulos-salud\/wp-json\/wp\/v2\/comments?post=4792"}],"version-history":[{"count":0,"href":"https:\/\/www.biblia.work\/articulos-salud\/wp-json\/wp\/v2\/posts\/4792\/revisions"}],"wp:attachment":[{"href":"https:\/\/www.biblia.work\/articulos-salud\/wp-json\/wp\/v2\/media?parent=4792"}],"wp:term":[{"taxonomy":"category","embeddable":true,"href":"https:\/\/www.biblia.work\/articulos-salud\/wp-json\/wp\/v2\/categories?post=4792"},{"taxonomy":"post_tag","embeddable":true,"href":"https:\/\/www.biblia.work\/articulos-salud\/wp-json\/wp\/v2\/tags?post=4792"}],"curies":[{"name":"wp","href":"https:\/\/api.w.org\/{rel}","templated":true}]}}