{"id":48,"date":"2022-08-29T22:22:05","date_gmt":"2022-08-30T03:22:05","guid":{"rendered":"https:\/\/www.biblia.work\/articulos-salud\/la-evidencia-sugiere-que-el-virus-sars-cov-2-ataca-las-celulas-endoteliales-del-cerebro\/"},"modified":"2022-08-29T22:22:05","modified_gmt":"2022-08-30T03:22:05","slug":"la-evidencia-sugiere-que-el-virus-sars-cov-2-ataca-las-celulas-endoteliales-del-cerebro","status":"publish","type":"post","link":"https:\/\/www.biblia.work\/articulos-salud\/la-evidencia-sugiere-que-el-virus-sars-cov-2-ataca-las-celulas-endoteliales-del-cerebro\/","title":{"rendered":"La evidencia sugiere que el virus SARS-CoV-2 ataca las c\u00e9lulas endoteliales del cerebro"},"content":{"rendered":"<p>Fig. 1: La infecci\u00f3n por SARS-CoV-2 se asocia con un aumento de los vasos sangu\u00edneos en el cerebro. ac, en los cerebros de pacientes infectados con SARS-CoV-2, los tubos vac\u00edos de la membrana basal, tambi\u00e9n conocidos como vasos de cuerda (puntas de flecha), aumentaron en la corteza frontal. Las secciones se ti\u00f1eron para el marcador de membrana basal col\u00e1geno IV (coll IV) y el marcador endotelial CD34. Las im\u00e1genes representativas en a y b se obtuvieron del conjunto de datos en c. a, Barra de escala, 50m. b, Proyecci\u00f3n m\u00e1xima ampliada de una pila en z de un vaso de cuerda con vistas ortogonales para excluir que se trate de secciones parciales de capilares. Barras de escala, 3m. c, Cuantificaci\u00f3n de vasos de cuerda por volumen de imagen. N=23 pacientes de control, N=17 pacientes con COVID-19. d, la inmunotinci\u00f3n revel\u00f3 una mayor cantidad de vasos positivos para caspasa-3 activos en secciones corticales de pacientes infectados con SARS-CoV-2 (N = 6) que en los controles (N = 6). Se muestran im\u00e1genes representativas y cuantificaci\u00f3n. Barra de escala, 20m. e,f, los h\u00e1msteres infectados con SARS-CoV-2 desarrollaron un mayor n\u00famero de vasos sangu\u00edneos como se muestra en la tinci\u00f3n conjunta para coll IV y el marcador endotelial caveolina-1. e, Im\u00e1genes representativas de coll IV y caveolina-1 en la corteza de h\u00e1msteres 4 d\u00edas despu\u00e9s de la infecci\u00f3n (pi) con SARS-CoV-2 y de h\u00e1msteres no infectados. Barra de escala, 50m. f, Cuantificaci\u00f3n de la longitud de los vasos de cuerda como porcentaje de la longitud total de los vasos en h\u00e1msteres infectados con SARS-CoV-2 a los 4, 7 y 24 d\u00edas pi y en controles no infectados (N = 4 h\u00e1msteres por grupo). g, h, los ratones K18-hACE2 infectados con SARS-CoV-2 desarrollaron un aumento en los vasos sangu\u00edneos como se muestra en la tinci\u00f3n conjunta para coll IV y caveolina-1. g, Cuantificaci\u00f3n de la longitud de los vasos de la cuerda como porcentaje de la longitud total de los vasos en ratones K18-hACE2 infectados con SARS-CoV-2 2d pi (N = 3 ratones) y 7d pi (N = 3 ratones) y en controles no infectados (N = 5 ratones). h, Im\u00e1genes representativas de coll IV y caveolina-1 en la corteza de ratones K18-hACE2 7d pi y de animales K18-hACE2 no infectados. Barra de escala, 50m. *PAGS<\/p>\n","protected":false},"excerpt":{"rendered":"<p>Fig. 1: La infecci\u00f3n por SARS-CoV-2 se asocia con un aumento de los vasos sangu\u00edneos en el cerebro. ac, en los cerebros de pacientes infectados con SARS-CoV-2, los tubos vac\u00edos de la membrana basal, tambi\u00e9n conocidos como vasos de cuerda (puntas de flecha), aumentaron en la corteza frontal. Las secciones se ti\u00f1eron para el marcador &hellip; <a href=\"https:\/\/www.biblia.work\/articulos-salud\/la-evidencia-sugiere-que-el-virus-sars-cov-2-ataca-las-celulas-endoteliales-del-cerebro\/\" class=\"more-link\">Continuar leyendo<span class=\"screen-reader-text\"> \u00abLa evidencia sugiere que el virus SARS-CoV-2 ataca las c\u00e9lulas endoteliales del cerebro\u00bb<\/span><\/a><\/p>\n","protected":false},"author":1,"featured_media":0,"comment_status":"","ping_status":"","sticky":false,"template":"","format":"standard","meta":{"footnotes":""},"categories":[1],"tags":[],"class_list":["post-48","post","type-post","status-publish","format-standard","hentry","category-general"],"_links":{"self":[{"href":"https:\/\/www.biblia.work\/articulos-salud\/wp-json\/wp\/v2\/posts\/48","targetHints":{"allow":["GET"]}}],"collection":[{"href":"https:\/\/www.biblia.work\/articulos-salud\/wp-json\/wp\/v2\/posts"}],"about":[{"href":"https:\/\/www.biblia.work\/articulos-salud\/wp-json\/wp\/v2\/types\/post"}],"author":[{"embeddable":true,"href":"https:\/\/www.biblia.work\/articulos-salud\/wp-json\/wp\/v2\/users\/1"}],"replies":[{"embeddable":true,"href":"https:\/\/www.biblia.work\/articulos-salud\/wp-json\/wp\/v2\/comments?post=48"}],"version-history":[{"count":0,"href":"https:\/\/www.biblia.work\/articulos-salud\/wp-json\/wp\/v2\/posts\/48\/revisions"}],"wp:attachment":[{"href":"https:\/\/www.biblia.work\/articulos-salud\/wp-json\/wp\/v2\/media?parent=48"}],"wp:term":[{"taxonomy":"category","embeddable":true,"href":"https:\/\/www.biblia.work\/articulos-salud\/wp-json\/wp\/v2\/categories?post=48"},{"taxonomy":"post_tag","embeddable":true,"href":"https:\/\/www.biblia.work\/articulos-salud\/wp-json\/wp\/v2\/tags?post=48"}],"curies":[{"name":"wp","href":"https:\/\/api.w.org\/{rel}","templated":true}]}}