{"id":4822,"date":"2022-08-30T01:04:26","date_gmt":"2022-08-30T06:04:26","guid":{"rendered":"https:\/\/www.biblia.work\/articulos-salud\/los-checos-hacen-que-la-vacuna-contra-el-covid-19-sea-obligatoria-para-las-personas-mayores-de-60-anos-a-partir-de-marzo\/"},"modified":"2022-08-30T01:04:26","modified_gmt":"2022-08-30T06:04:26","slug":"los-checos-hacen-que-la-vacuna-contra-el-covid-19-sea-obligatoria-para-las-personas-mayores-de-60-anos-a-partir-de-marzo","status":"publish","type":"post","link":"https:\/\/www.biblia.work\/articulos-salud\/los-checos-hacen-que-la-vacuna-contra-el-covid-19-sea-obligatoria-para-las-personas-mayores-de-60-anos-a-partir-de-marzo\/","title":{"rendered":"Los checos hacen que la vacuna contra el covid-19 sea obligatoria para las personas mayores de 60 a\u00f1os a partir de marzo"},"content":{"rendered":"<p>La Rep\u00fablica Checa ha hecho obligatorias las vacunas contra el covid-19 para las personas mayores de 60 a\u00f1os a partir del 1 de marzo, dijo el gobierno el viernes, mientras lucha contra uno de los m\u00e1s altos tasas de infecci\u00f3n en el mundo. <\/p>\n<p>La obligaci\u00f3n tambi\u00e9n se aplicar\u00e1 a los trabajadores de la salud, polic\u00edas, bomberos y militares.<\/p>\n<p>\u201cVemos que las personas de cierta edad son las que tienen m\u00e1s probabilidades de ser hospitalizadas en cuidados intensivos\u201d, dijo el ministro de Salud. dijo Adam Vojtech.<\/p>\n<p>La nueva regulaci\u00f3n se aprob\u00f3 solo una semana antes de que asuma el nuevo gobierno checo.<\/p>\n<p>El nuevo candidato a ministro de salud ya ha dicho que se opone a vacunas obligatorias para personas mayores y quiere modificar la legislaci\u00f3n.<\/p>\n<p>La Rep\u00fablica Checa ha informado 981 casos de Covid por cada 100.000 personas en los \u00faltimos siete d\u00edas, la segunda tasa de infecci\u00f3n m\u00e1s alta despu\u00e9s de su vecino Eslovaquia.<\/p>\n<p>El l\u00edder de centro derecha Petr Fiala, quien gan\u00f3 las elecciones generales en octubre, asumir\u00e1 el cargo de primer ministro.<\/p>\n<p>Se reunir\u00e1 con el presidente Milos Zeman la pr\u00f3xima semana para acordar una fecha para la aprobaci\u00f3n formal de su nuevo gobierno de coalici\u00f3n. <\/p>\n<p>Explorar m\u00e1s<\/p>\n<p> Todos los estudiantes checos se someter\u00e1n a pruebas para frenar el aumento de casos de virus <\/p>\n<p> 2021 AFP <\/p>\n<p> <strong>Cita<\/strong>: Los checos hacen que la vacuna contra el covid sea obligatoria para los mayores de 60 a\u00f1os a partir de marzo (10 de diciembre de 2021) recuperado el 29 de agosto de 2022 de https:\/\/medicalxpress.com\/news\/2021-12-czechs-covid-vaccine-mandatory-over-60s.html Este documento est\u00e1 sujeto a derechos de autor. Aparte de cualquier trato justo con fines de estudio o investigaci\u00f3n privados, ninguna parte puede reproducirse sin el permiso por escrito. El contenido se proporciona \u00fanicamente con fines informativos.<\/p>\n","protected":false},"excerpt":{"rendered":"<p>La Rep\u00fablica Checa ha hecho obligatorias las vacunas contra el covid-19 para las personas mayores de 60 a\u00f1os a partir del 1 de marzo, dijo el gobierno el viernes, mientras lucha contra uno de los m\u00e1s altos tasas de infecci\u00f3n en el mundo. La obligaci\u00f3n tambi\u00e9n se aplicar\u00e1 a los trabajadores de la salud, polic\u00edas, &hellip; <a href=\"https:\/\/www.biblia.work\/articulos-salud\/los-checos-hacen-que-la-vacuna-contra-el-covid-19-sea-obligatoria-para-las-personas-mayores-de-60-anos-a-partir-de-marzo\/\" class=\"more-link\">Continuar leyendo<span class=\"screen-reader-text\"> \u00abLos checos hacen que la vacuna contra el covid-19 sea obligatoria para las personas mayores de 60 a\u00f1os a partir de marzo\u00bb<\/span><\/a><\/p>\n","protected":false},"author":1,"featured_media":0,"comment_status":"","ping_status":"","sticky":false,"template":"","format":"standard","meta":{"footnotes":""},"categories":[1],"tags":[],"class_list":["post-4822","post","type-post","status-publish","format-standard","hentry","category-general"],"_links":{"self":[{"href":"https:\/\/www.biblia.work\/articulos-salud\/wp-json\/wp\/v2\/posts\/4822","targetHints":{"allow":["GET"]}}],"collection":[{"href":"https:\/\/www.biblia.work\/articulos-salud\/wp-json\/wp\/v2\/posts"}],"about":[{"href":"https:\/\/www.biblia.work\/articulos-salud\/wp-json\/wp\/v2\/types\/post"}],"author":[{"embeddable":true,"href":"https:\/\/www.biblia.work\/articulos-salud\/wp-json\/wp\/v2\/users\/1"}],"replies":[{"embeddable":true,"href":"https:\/\/www.biblia.work\/articulos-salud\/wp-json\/wp\/v2\/comments?post=4822"}],"version-history":[{"count":0,"href":"https:\/\/www.biblia.work\/articulos-salud\/wp-json\/wp\/v2\/posts\/4822\/revisions"}],"wp:attachment":[{"href":"https:\/\/www.biblia.work\/articulos-salud\/wp-json\/wp\/v2\/media?parent=4822"}],"wp:term":[{"taxonomy":"category","embeddable":true,"href":"https:\/\/www.biblia.work\/articulos-salud\/wp-json\/wp\/v2\/categories?post=4822"},{"taxonomy":"post_tag","embeddable":true,"href":"https:\/\/www.biblia.work\/articulos-salud\/wp-json\/wp\/v2\/tags?post=4822"}],"curies":[{"name":"wp","href":"https:\/\/api.w.org\/{rel}","templated":true}]}}