{"id":4824,"date":"2022-08-30T01:04:31","date_gmt":"2022-08-30T06:04:31","guid":{"rendered":"https:\/\/www.biblia.work\/articulos-salud\/regreso-el-aumento-de-la-covid-19-en-nueva-york-al-igual-que-su-mandato-de-mascarilla\/"},"modified":"2022-08-30T01:04:31","modified_gmt":"2022-08-30T06:04:31","slug":"regreso-el-aumento-de-la-covid-19-en-nueva-york-al-igual-que-su-mandato-de-mascarilla","status":"publish","type":"post","link":"https:\/\/www.biblia.work\/articulos-salud\/regreso-el-aumento-de-la-covid-19-en-nueva-york-al-igual-que-su-mandato-de-mascarilla\/","title":{"rendered":"Regres\u00f3 el aumento de la COVID-19 en Nueva York, al igual que su mandato de mascarilla"},"content":{"rendered":"<p>En esta imagen tomada de un video, la gobernadora de Nueva York, Kathy Hochul, habla durante una conferencia de prensa virtual, el jueves 2 de diciembre de 2021, en Nueva York. Se han detectado m\u00faltiples casos de la variante del coronavirus omicron en Nueva York, dijeron funcionarios de salud el jueves, incluido un hombre que asisti\u00f3 a una convenci\u00f3n de anime en Manhattan a fines de noviembre y dio positivo por la variante cuando regres\u00f3 a su hogar en Minnesota. Credit: AP Photo <\/p>\n<p>Ante un aumento invernal de infecciones por COVID-19, la gobernadora de Nueva York, Kathy Hochul, anunci\u00f3 el viernes que se requerir\u00e1n m\u00e1scaras en todos los lugares p\u00fablicos cerrados, a menos que las empresas o lugares implementen un requisito de vacunaci\u00f3n. <\/p>\n<p>Hochul dijo que la decisi\u00f3n de restablecer el uso obligatorio de mascarillas se bas\u00f3 en el creciente n\u00famero de casos y hospitalizaciones, que ha sido especialmente pronunciado en partes del norte del estado de Nueva York.<\/p>\n<p>Nueva York promulg\u00f3 un mandato de uso de mascarillas en el inicio de la pandemia en abril de 2020 que dur\u00f3 m\u00e1s de un a\u00f1o. El nuevo mandato de mascarilla se aplica tanto a los clientes como al personal y estar\u00e1 vigente desde el lunes hasta el 15 de enero, despu\u00e9s de lo cual el estado reevaluar\u00e1.<\/p>\n<p>\u00abEstamos entrando en un momento de incertidumbre y podr\u00edamos estancarnos aqu\u00ed o nuestros casos podr\u00edan salirse de control\u00bb, advirti\u00f3 Hochul en una aparici\u00f3n p\u00fablica en la ciudad de Nueva York.<\/p>\n<p>Nueva York se une a varios estados con mandatos similares de mascarillas en interiores, incluidos Washington, Oreg\u00f3n, Illinois, Nuevo M\u00e9xico, Nevada y Haw\u00e1i.<\/p>\n<p>El estado registr\u00f3 m\u00e1s de 68,000 pruebas positivas para el virus en el per\u00edodo de siete d\u00edas que termin\u00f3 el mi\u00e9rcoles. Esa es la mayor cantidad en un per\u00edodo de siete d\u00edas desde principios de febrero. El aumento es especialmente pronunciado en algunas \u00e1reas del norte del estado de Nueva York, que ha representado casi las tres cuartas partes de las muertes confirmadas por COVID-19 en hospitales desde agosto.<\/p>\n<p>\u00abVamos hacia arriba en una direcci\u00f3n que no ya no es sostenible\u00bb, dijo Hochul.<\/p>\n<p>Hochul anunci\u00f3 el mandato del uso de m\u00e1scaras en una agencia de servicios sociales en el lado oeste de Manhattan, donde la mayor\u00eda de las personas ya usan m\u00e1scaras. La ciudad de Nueva York requiere vacunas para las cenas en restaurantes, el entretenimiento y los gimnasios en interiores, por lo que esos lugares no se ver\u00e1n afectados por la nueva regla.<\/p>\n<p>Varios condados del norte del estado de Nueva York tambi\u00e9n han promulgado recientemente mandatos de uso de m\u00e1scaras, incluido el condado de Erie, que incluye Buffalo.<\/p>\n<p>Aunque muchos lo respaldan, los mandatos de m\u00e1scara tambi\u00e9n se han convertido en un tema candente. Los funcionarios electos republicanos que reaccionaron al anuncio de Hochul lo calificaron como una carga innecesaria para las empresas.<\/p>\n<p>\u00abEste mandato m\u00e1s reciente sobre el uso de mascarillas es la peor extralimitaci\u00f3n del gobierno\u00bb, dijo el asamble\u00edsta republicano Mike Lawler del condado suburbano de Rockland. \u00abEn todo el estado de Nueva York, estamos recibiendo vacunas y nuestra tasa de vacunaci\u00f3n es una de las m\u00e1s altas de la naci\u00f3n\u00bb.<\/p>\n<p>Hochul dijo que los infractores podr\u00edan enfrentar sanciones civiles y penales, incluida una multa m\u00e1xima de $1,000. Los departamentos de salud locales estar\u00e1n a cargo de hacer cumplir los requisitos. <\/p>\n<p>Explore m\u00e1s<\/p>\n<p> La variante de Omicron incita a los funcionarios de Nueva York a recomendar el uso de m\u00e1scaras en interiores <\/p>\n<p> 2021 The Associated Press. Reservados todos los derechos. Este material no puede ser publicado, transmitido, reescrito o redistribuido sin permiso. <\/p>\n<p> <strong>Cita<\/strong>: El aumento de COVID de Nueva York est\u00e1 de vuelta y tambi\u00e9n su mandato de m\u00e1scara (2021, 10 de diciembre) recuperado el 29 de agosto de 2022 de https:\/\/medicalxpress.com\/news\/2021-12-york -covid-surge-backand-mask.html Este documento est\u00e1 sujeto a derechos de autor. Aparte de cualquier trato justo con fines de estudio o investigaci\u00f3n privados, ninguna parte puede reproducirse sin el permiso por escrito. El contenido se proporciona \u00fanicamente con fines informativos.<\/p>\n","protected":false},"excerpt":{"rendered":"<p>En esta imagen tomada de un video, la gobernadora de Nueva York, Kathy Hochul, habla durante una conferencia de prensa virtual, el jueves 2 de diciembre de 2021, en Nueva York. Se han detectado m\u00faltiples casos de la variante del coronavirus omicron en Nueva York, dijeron funcionarios de salud el jueves, incluido un hombre que &hellip; <a href=\"https:\/\/www.biblia.work\/articulos-salud\/regreso-el-aumento-de-la-covid-19-en-nueva-york-al-igual-que-su-mandato-de-mascarilla\/\" class=\"more-link\">Continuar leyendo<span class=\"screen-reader-text\"> \u00abRegres\u00f3 el aumento de la COVID-19 en Nueva York, al igual que su mandato de mascarilla\u00bb<\/span><\/a><\/p>\n","protected":false},"author":1,"featured_media":0,"comment_status":"","ping_status":"","sticky":false,"template":"","format":"standard","meta":{"footnotes":""},"categories":[1],"tags":[],"class_list":["post-4824","post","type-post","status-publish","format-standard","hentry","category-general"],"_links":{"self":[{"href":"https:\/\/www.biblia.work\/articulos-salud\/wp-json\/wp\/v2\/posts\/4824","targetHints":{"allow":["GET"]}}],"collection":[{"href":"https:\/\/www.biblia.work\/articulos-salud\/wp-json\/wp\/v2\/posts"}],"about":[{"href":"https:\/\/www.biblia.work\/articulos-salud\/wp-json\/wp\/v2\/types\/post"}],"author":[{"embeddable":true,"href":"https:\/\/www.biblia.work\/articulos-salud\/wp-json\/wp\/v2\/users\/1"}],"replies":[{"embeddable":true,"href":"https:\/\/www.biblia.work\/articulos-salud\/wp-json\/wp\/v2\/comments?post=4824"}],"version-history":[{"count":0,"href":"https:\/\/www.biblia.work\/articulos-salud\/wp-json\/wp\/v2\/posts\/4824\/revisions"}],"wp:attachment":[{"href":"https:\/\/www.biblia.work\/articulos-salud\/wp-json\/wp\/v2\/media?parent=4824"}],"wp:term":[{"taxonomy":"category","embeddable":true,"href":"https:\/\/www.biblia.work\/articulos-salud\/wp-json\/wp\/v2\/categories?post=4824"},{"taxonomy":"post_tag","embeddable":true,"href":"https:\/\/www.biblia.work\/articulos-salud\/wp-json\/wp\/v2\/tags?post=4824"}],"curies":[{"name":"wp","href":"https:\/\/api.w.org\/{rel}","templated":true}]}}