{"id":4838,"date":"2022-08-30T01:04:55","date_gmt":"2022-08-30T06:04:55","guid":{"rendered":"https:\/\/www.biblia.work\/articulos-salud\/el-asma-puede-reducir-el-riesgo-de-tumores-cerebrales-pero-como\/"},"modified":"2022-08-30T01:04:55","modified_gmt":"2022-08-30T06:04:55","slug":"el-asma-puede-reducir-el-riesgo-de-tumores-cerebrales-pero-como","status":"publish","type":"post","link":"https:\/\/www.biblia.work\/articulos-salud\/el-asma-puede-reducir-el-riesgo-de-tumores-cerebrales-pero-como\/","title":{"rendered":"El asma puede reducir el riesgo de tumores cerebrales, pero \u00bfc\u00f3mo?"},"content":{"rendered":"<p>Cr\u00e9dito: Unsplash\/CC0 Public Domain <\/p>\n<p>No se puede decir mucho sobre el asma, una enfermedad respiratoria en la que las v\u00edas respiratorias se estrechan e inflaman. Pero hay esto: las personas con asma parecen tener menos probabilidades de desarrollar tumores cerebrales que otras. Y ahora, los investigadores de la Facultad de Medicina de la Universidad de Washington en St. Louis creen haber descubierto por qu\u00e9. <\/p>\n<p>Todo se reduce al comportamiento de las c\u00e9lulas T, un tipo de c\u00e9lula inmunitaria. Cuando una persona o un rat\u00f3n desarrolla asma, sus c\u00e9lulas T se activan. En un nuevo estudio con ratones, los investigadores descubrieron que el asma hace que las c\u00e9lulas T se comporten de una manera que induce la inflamaci\u00f3n pulmonar pero previene el crecimiento de tumores cerebrales. Lo que es una mala noticia para las v\u00edas respiratorias puede ser una buena noticia para el cerebro.<\/p>\n<p>Los hallazgos, disponibles en l\u00ednea en Nature Communications, sugieren que la reprogramaci\u00f3n de las c\u00e9lulas T en pacientes con tumores cerebrales para que act\u00faen m\u00e1s como c\u00e9lulas T en pacientes con asma podr\u00eda ser un nuevo enfoque para el tratamiento de tumores cerebrales.<\/p>\n<p>\u00abPor supuesto, no vamos a comenzar a inducir el asma en nadie; el asma puede ser una enfermedad letal\u00bb, dijo el autor principal David H. Gutmann, MD, Ph. .D., Profesor de Neurolog\u00eda de la Familia Donald O. Schnuck. \u00abPero, \u00bfqu\u00e9 pasar\u00eda si pudi\u00e9ramos enga\u00f1ar a las c\u00e9lulas T para que piensen que son c\u00e9lulas T del asma cuando ingresan al cerebro, de modo que ya no apoyen la formaci\u00f3n y el crecimiento de tumores cerebrales? Estos hallazgos abren la puerta a nuevos tipos de terapias dirigidas a las c\u00e9lulas T y su interacciones con las c\u00e9lulas del cerebro\u00bb.<\/p>\n<p>La idea de que las personas con enfermedades inflamatorias, como asma o eczema, son menos propensas a desarrollar tumores cerebrales se propuso por primera vez hace m\u00e1s de 15 a\u00f1os, con base en observaciones epidemiol\u00f3gicas. Pero no hab\u00eda ninguna raz\u00f3n obvia por la que los dos tipos de enfermedades tan diferentes estuvieran vinculados, y algunos cient\u00edficos cuestionaron si la asociaci\u00f3n era real.<\/p>\n<p>Gutmann es un experto en neurofibromatosis (NF), un conjunto de enfermedades gen\u00e9ticas complejas. trastornos que hacen que crezcan tumores en los nervios del cerebro y en todo el cuerpo. Los ni\u00f1os con NF tipo 1 (NF1) pueden desarrollar un tipo de tumor cerebral conocido como glioma de la v\u00eda \u00f3ptica. Estos tumores crecen dentro de los nervios \u00f3pticos, que transportan mensajes entre los ojos y el cerebro. Gutmann, director del Centro NF de la Universidad de Washington, not\u00f3 una asociaci\u00f3n inversa entre el asma y los tumores cerebrales entre sus pacientes hace m\u00e1s de cinco a\u00f1os, pero no supo qu\u00e9 hacer al respecto. No fue hasta que estudios m\u00e1s recientes de su laboratorio comenzaron a revelar el papel crucial que desempe\u00f1an las c\u00e9lulas inmunitarias en el desarrollo de los gliomas de la v\u00eda \u00f3ptica que comenz\u00f3 a preguntarse si las c\u00e9lulas inmunitarias podr\u00edan explicar la asociaci\u00f3n entre el asma y los tumores cerebrales.<\/p>\n<p>Jit Chatterjee, Ph.D., investigador postdoctoral y primer autor del art\u00edculo, asumi\u00f3 el desaf\u00edo de investigar la asociaci\u00f3n. Trabajando con el coautor Michael J. Holtzman, MD, profesor de medicina Selma y Herman Seldin y director de la Divisi\u00f3n de Medicina Pulmonar y de Cuidados Cr\u00edticos, Chatterjee estudi\u00f3 ratones gen\u00e9ticamente modificados para llevar una mutaci\u00f3n en sus genes NF1 y formar gliomas de la v\u00eda \u00f3ptica a los 3 meses de edad.<\/p>\n<p>Chatterjee expuso a grupos de ratones a irritantes que inducen asma entre las 4 y las 6 semanas de edad, y trat\u00f3 a un grupo de control con agua salada para comparar. Luego, revis\u00f3 si hab\u00eda gliomas de la v\u00eda \u00f3ptica a los 3 y 6 meses de edad. Los ratones con asma no formaron estos tumores cerebrales.<\/p>\n<p>Experimentos posteriores revelaron que inducir asma en ratones propensos a tumores cambia el comportamiento de sus c\u00e9lulas T. Despu\u00e9s de que los ratones desarrollaran asma, sus c\u00e9lulas T comenzaron a secretar una prote\u00edna llamada decorina que es bien conocida por los investigadores del asma.<\/p>\n<p>En las v\u00edas respiratorias, la decorina es un problema. Act\u00faa sobre los tejidos que recubren las v\u00edas respiratorias y exacerba los s\u00edntomas del asma. Pero en el cerebro, Chatterjee y Gutmann descubrieron que la decorina es beneficiosa. All\u00ed, la prote\u00edna act\u00faa sobre las c\u00e9lulas inmunitarias conocidas como microglia y bloquea su activaci\u00f3n al interferir con la v\u00eda de activaci\u00f3n de NFkappaB. La microgl\u00eda activada promueve el crecimiento y desarrollo de tumores cerebrales.<\/p>\n<p>El tratamiento con decorina o \u00e9ster fenet\u00edlico del \u00e1cido cafeico (CAPE), un compuesto que inhibe la v\u00eda de activaci\u00f3n de NFkappaB, protegi\u00f3 a los ratones con mutaciones en NF1 del desarrollo de gliomas de la v\u00eda \u00f3ptica . Los hallazgos sugieren que bloquear la activaci\u00f3n microglial puede ser un enfoque terap\u00e9utico potencialmente \u00fatil para los tumores cerebrales.<\/p>\n<p>\u00abLa parte m\u00e1s emocionante de esto es que muestra que existe una comunicaci\u00f3n normal entre las c\u00e9lulas T en el cuerpo y el c\u00e9lulas en el cerebro que apoyan la formaci\u00f3n y el crecimiento del glioma de la v\u00eda \u00f3ptica\u00bb, dijo Gutmann, quien tambi\u00e9n es profesor de gen\u00e9tica, neurocirug\u00eda y pediatr\u00eda. \u00abEl pr\u00f3ximo paso para nosotros es ver si esto tambi\u00e9n es cierto para otros tipos de tumores cerebrales. Tambi\u00e9n estamos investigando el papel del eccema y las infecciones de la primera infancia, porque ambos involucran c\u00e9lulas T. A medida que entendemos esta comunicaci\u00f3n entre T las c\u00e9lulas y las c\u00e9lulas que promueven mejor los tumores cerebrales, comenzaremos a encontrar m\u00e1s oportunidades para desarrollar terapias inteligentes para intervenir en el proceso\u00bb. <\/p>\n<p>Explore m\u00e1s<\/p>\n<p> Se identificaron nuevos objetivos para los tumores cerebrales infantiles. <strong>M\u00e1s informaci\u00f3n:<\/strong> Jit Chatterjee et al, Asthma reduce la formaci\u00f3n de gliomas mediante la inhibici\u00f3n de microgl\u00eda mediada por decorina de c\u00e9lulas T, Nature Communications (2021) . DOI: 10.1038\/s41467-021-27455-6 <strong>Informaci\u00f3n del diario:<\/strong> Nature Communications <\/p>\n<p> Proporcionado por la Facultad de Medicina de la Universidad de Washington <strong>Cita<\/strong>: El asma puede reducir el riesgo de tumores cerebrales pero \u00bfc\u00f3mo? (2021, 10 de diciembre) recuperado el 29 de agosto de 2022 de https:\/\/medicalxpress.com\/news\/2021-12-asthma-brain-tumorsbut.html Este documento est\u00e1 sujeto a derechos de autor. Aparte de cualquier trato justo con fines de estudio o investigaci\u00f3n privados, ninguna parte puede reproducirse sin el permiso por escrito. El contenido se proporciona \u00fanicamente con fines informativos.<\/p>\n","protected":false},"excerpt":{"rendered":"<p>Cr\u00e9dito: Unsplash\/CC0 Public Domain No se puede decir mucho sobre el asma, una enfermedad respiratoria en la que las v\u00edas respiratorias se estrechan e inflaman. Pero hay esto: las personas con asma parecen tener menos probabilidades de desarrollar tumores cerebrales que otras. Y ahora, los investigadores de la Facultad de Medicina de la Universidad de &hellip; <a href=\"https:\/\/www.biblia.work\/articulos-salud\/el-asma-puede-reducir-el-riesgo-de-tumores-cerebrales-pero-como\/\" class=\"more-link\">Continuar leyendo<span class=\"screen-reader-text\"> \u00abEl asma puede reducir el riesgo de tumores cerebrales, pero \u00bfc\u00f3mo?\u00bb<\/span><\/a><\/p>\n","protected":false},"author":1,"featured_media":0,"comment_status":"","ping_status":"","sticky":false,"template":"","format":"standard","meta":{"footnotes":""},"categories":[1],"tags":[],"class_list":["post-4838","post","type-post","status-publish","format-standard","hentry","category-general"],"_links":{"self":[{"href":"https:\/\/www.biblia.work\/articulos-salud\/wp-json\/wp\/v2\/posts\/4838","targetHints":{"allow":["GET"]}}],"collection":[{"href":"https:\/\/www.biblia.work\/articulos-salud\/wp-json\/wp\/v2\/posts"}],"about":[{"href":"https:\/\/www.biblia.work\/articulos-salud\/wp-json\/wp\/v2\/types\/post"}],"author":[{"embeddable":true,"href":"https:\/\/www.biblia.work\/articulos-salud\/wp-json\/wp\/v2\/users\/1"}],"replies":[{"embeddable":true,"href":"https:\/\/www.biblia.work\/articulos-salud\/wp-json\/wp\/v2\/comments?post=4838"}],"version-history":[{"count":0,"href":"https:\/\/www.biblia.work\/articulos-salud\/wp-json\/wp\/v2\/posts\/4838\/revisions"}],"wp:attachment":[{"href":"https:\/\/www.biblia.work\/articulos-salud\/wp-json\/wp\/v2\/media?parent=4838"}],"wp:term":[{"taxonomy":"category","embeddable":true,"href":"https:\/\/www.biblia.work\/articulos-salud\/wp-json\/wp\/v2\/categories?post=4838"},{"taxonomy":"post_tag","embeddable":true,"href":"https:\/\/www.biblia.work\/articulos-salud\/wp-json\/wp\/v2\/tags?post=4838"}],"curies":[{"name":"wp","href":"https:\/\/api.w.org\/{rel}","templated":true}]}}