{"id":4839,"date":"2022-08-30T01:04:56","date_gmt":"2022-08-30T06:04:56","guid":{"rendered":"https:\/\/www.biblia.work\/articulos-salud\/suiza-se-prepara-para-reglas-mas-estrictas-a-medida-que-los-casos-de-covid-siguen-aumentando\/"},"modified":"2022-08-30T01:04:56","modified_gmt":"2022-08-30T06:04:56","slug":"suiza-se-prepara-para-reglas-mas-estrictas-a-medida-que-los-casos-de-covid-siguen-aumentando","status":"publish","type":"post","link":"https:\/\/www.biblia.work\/articulos-salud\/suiza-se-prepara-para-reglas-mas-estrictas-a-medida-que-los-casos-de-covid-siguen-aumentando\/","title":{"rendered":"Suiza se prepara para reglas m\u00e1s estrictas a medida que los casos de COVID siguen aumentando"},"content":{"rendered":"<p>Impresi\u00f3n 3D de una prote\u00edna espiga de SARS-CoV-2, el virus que causa el COVID-19 frente a una impresi\u00f3n 3D de una part\u00edcula del virus SARS-CoV-2. La prote\u00edna espiga (en primer plano) permite que el virus ingrese e infecte las c\u00e9lulas humanas. En el modelo de virus, la superficie del virus (azul) est\u00e1 cubierta con prote\u00ednas de pico (rojo) que permiten que el virus ingrese e infecte las c\u00e9lulas humanas. Cr\u00e9dito: NIH <\/p>\n<p>Enfrentando un nuevo aumento en los casos de COVID-19, el gobierno suizo se est\u00e1 preparando para intensificar los requisitos de m\u00e1scaras y aumentar las restricciones para las personas que no han sido vacunadas o recuperadas de la enfermedad, e incluso podr\u00edan cerrar restaurantes, bares y clubes de fitness. El recuento de muertes diarias vinculadas a la pandemia alcanz\u00f3 el viernes su nivel m\u00e1s alto desde enero. <\/p>\n<p>El ministro de Salud, Alain Berset, present\u00f3 dos propuestas alternativas a ra\u00edz de un fuerte aumento en los casos en los \u00faltimos meses, en un pa\u00eds donde aproximadamente dos tercios de la poblaci\u00f3n est\u00e1 completamente vacunada menos que en algunos de sus vecinos de Europa occidental.<\/p>\n<p> p&gt; <\/p>\n<p>En esencia, se retirar\u00eda el criterio de \u00abprueba negativa\u00bb que permite a las personas que no se han recuperado o vacunado asistir a algunos eventos, y requerir\u00eda el uso de m\u00e1scaras y el consumo de alimentos y bebidas solo sentados en interiores. Otra alternativa m\u00e1s dura cerrar\u00eda todas las \u00e1reas p\u00fablicas interiores donde no se pueden usar m\u00e1scaras todo el tiempo, en particular los comedores, discotecas, gimnasios y bares.<\/p>\n<p>La situaci\u00f3n \u00abno es alentadora\u00bb, dijo Berset, agregando: \u00abEstamos regresando a un lugar donde no queremos estar\u00bb.<\/p>\n<p>Las dos propuestas ser\u00e1n consideradas y el gobierno decidir\u00e1 en coordinaci\u00f3n con los l\u00edderes locales y otros qu\u00e9 camino tomar. en pr\u00f3ximos d\u00edas. El gobierno ya hab\u00eda endurecido las restricciones de COVID solo una semana antes.<\/p>\n<p>La oficina de salud p\u00fablica report\u00f3 el viernes m\u00e1s de 10,100 casos nuevos durante las \u00faltimas 24 horas en el pa\u00eds de 8.5 millones, con un promedio diario durante los \u00faltimos siete d\u00edas de m\u00e1s de 9,200 frente a menos de 1,000 a principios de octubre. Se inform\u00f3 un total de 51 muertes relacionadas con la pandemia de jueves a viernes, el mayor recuento diario desde un pico en enero.<\/p>\n<p>Eso sigue siendo mucho menos que el r\u00e9cord anterior de finales de 2020 y principios de 2021. , cuando cada d\u00eda mor\u00edan entre 80 y 90 o m\u00e1s personas.<\/p>\n<p>Berset dijo que la situaci\u00f3n en los hospitales estaba empeorando, con el personal cada vez m\u00e1s cansado y las unidades de cuidados intensivos enfrentando una mayor presi\u00f3n.<\/p>\n<p>Suiza de Vaud cant\u00f3n, o regi\u00f3n, anunci\u00f3 el viernes que cualquier persona mayor de 16 a\u00f1os ser\u00eda elegible para recibir una dosis de refuerzo de las vacunas aprobadas al menos seis meses despu\u00e9s de las primeras vacunas. Esto se produce cuando el grupo de edad de 10 a 19 a\u00f1os ha sido, con mucho, el m\u00e1s afectado por las nuevas infecciones en Suiza en las \u00faltimas semanas.<\/p>\n<p>Algunas cadenas de supermercados han comenzado a limitar el n\u00famero de personas que pueden ser permitido ingresar a sus tiendas en los \u00faltimos d\u00edas, y hasta ahora se ha llamado al ej\u00e9rcito en peque\u00f1as cantidades para ayudar a apoyar los esfuerzos de vacunaci\u00f3n en el cant\u00f3n de Jura a lo largo de la frontera con Francia. <\/p>\n<p>Explore m\u00e1s<\/p>\n<p> Los casos suizos alcanzan el m\u00e1ximo de 2021 pero no hay nuevas reglas de COVID <\/p>\n<p> 2021 The Associated Press. Reservados todos los derechos. Este material no puede ser publicado, transmitido, reescrito o redistribuido sin permiso. <\/p>\n<p> <strong>Cita<\/strong>: Suiza se prepara para reglas m\u00e1s estrictas a medida que los casos de COVID siguen aumentando (2021, 10 de diciembre) consultado el 29 de agosto de 2022 de https:\/\/medicalxpress.com\/news\/2021-12-swiss -gear-tighter-covid-cases.html Este documento est\u00e1 sujeto a derechos de autor. Aparte de cualquier trato justo con fines de estudio o investigaci\u00f3n privados, ninguna parte puede reproducirse sin el permiso por escrito. El contenido se proporciona \u00fanicamente con fines informativos.<\/p>\n","protected":false},"excerpt":{"rendered":"<p>Impresi\u00f3n 3D de una prote\u00edna espiga de SARS-CoV-2, el virus que causa el COVID-19 frente a una impresi\u00f3n 3D de una part\u00edcula del virus SARS-CoV-2. La prote\u00edna espiga (en primer plano) permite que el virus ingrese e infecte las c\u00e9lulas humanas. En el modelo de virus, la superficie del virus (azul) est\u00e1 cubierta con prote\u00ednas &hellip; <a href=\"https:\/\/www.biblia.work\/articulos-salud\/suiza-se-prepara-para-reglas-mas-estrictas-a-medida-que-los-casos-de-covid-siguen-aumentando\/\" class=\"more-link\">Continuar leyendo<span class=\"screen-reader-text\"> \u00abSuiza se prepara para reglas m\u00e1s estrictas a medida que los casos de COVID siguen aumentando\u00bb<\/span><\/a><\/p>\n","protected":false},"author":1,"featured_media":0,"comment_status":"","ping_status":"","sticky":false,"template":"","format":"standard","meta":{"footnotes":""},"categories":[1],"tags":[],"class_list":["post-4839","post","type-post","status-publish","format-standard","hentry","category-general"],"_links":{"self":[{"href":"https:\/\/www.biblia.work\/articulos-salud\/wp-json\/wp\/v2\/posts\/4839","targetHints":{"allow":["GET"]}}],"collection":[{"href":"https:\/\/www.biblia.work\/articulos-salud\/wp-json\/wp\/v2\/posts"}],"about":[{"href":"https:\/\/www.biblia.work\/articulos-salud\/wp-json\/wp\/v2\/types\/post"}],"author":[{"embeddable":true,"href":"https:\/\/www.biblia.work\/articulos-salud\/wp-json\/wp\/v2\/users\/1"}],"replies":[{"embeddable":true,"href":"https:\/\/www.biblia.work\/articulos-salud\/wp-json\/wp\/v2\/comments?post=4839"}],"version-history":[{"count":0,"href":"https:\/\/www.biblia.work\/articulos-salud\/wp-json\/wp\/v2\/posts\/4839\/revisions"}],"wp:attachment":[{"href":"https:\/\/www.biblia.work\/articulos-salud\/wp-json\/wp\/v2\/media?parent=4839"}],"wp:term":[{"taxonomy":"category","embeddable":true,"href":"https:\/\/www.biblia.work\/articulos-salud\/wp-json\/wp\/v2\/categories?post=4839"},{"taxonomy":"post_tag","embeddable":true,"href":"https:\/\/www.biblia.work\/articulos-salud\/wp-json\/wp\/v2\/tags?post=4839"}],"curies":[{"name":"wp","href":"https:\/\/api.w.org\/{rel}","templated":true}]}}