{"id":4867,"date":"2022-08-30T01:05:51","date_gmt":"2022-08-30T06:05:51","guid":{"rendered":"https:\/\/www.biblia.work\/articulos-salud\/los-factores-de-riesgo-de-los-problemas-de-salud-mental-se-agravan-para-los-jovenes-lgbtq\/"},"modified":"2022-08-30T01:05:51","modified_gmt":"2022-08-30T06:05:51","slug":"los-factores-de-riesgo-de-los-problemas-de-salud-mental-se-agravan-para-los-jovenes-lgbtq","status":"publish","type":"post","link":"https:\/\/www.biblia.work\/articulos-salud\/los-factores-de-riesgo-de-los-problemas-de-salud-mental-se-agravan-para-los-jovenes-lgbtq\/","title":{"rendered":"Los factores de riesgo de los problemas de salud mental se agravan para los j\u00f3venes LGBTQ"},"content":{"rendered":"<p>Cr\u00e9dito: Unsplash\/CC0 Dominio p\u00fablico <\/p>\n<p>El Cirujano General de EE. UU. public\u00f3 un informe inusual el 7 de diciembre que advierte sobre una crisis de salud mental entre los j\u00f3venes causada en parte por el COVID -19 pandemia. <\/p>\n<p>El aviso p\u00fablico de 53 p\u00e1ginas detalla el aumento de las tasas de depresi\u00f3n, ansiedad y problemas de salud mental que comenzaron antes de la pandemia pero que han seguido aumentando, seg\u00fan los autoinformes de los adolescentes y las visitas a la sala de emergencias relacionadas con la salud mental.<\/p>\n<p>Northwestern Now habl\u00f3 con los expertos en salud Dr. Aron Janssen, Brian Mustanski y Michael Newcomb para conocer sus reacciones al aviso y sus hallazgos. <\/p>\n<p>&#8216;Imposible ignorar el sufrimiento&#8217;<\/p>\n<p>\u00abAhora se ha vuelto imposible ignorar el sufrimiento que soportan los ni\u00f1os de hoy\u00bb, dijo Janssen. \u00abLo m\u00e1s alarmante es que, a pesar de la evidencia mejorada que respalda la eficacia de la atenci\u00f3n de la salud mental para los ni\u00f1os, solo la mitad de los ni\u00f1os reciben la atenci\u00f3n adecuada y, a menudo, esos ni\u00f1os esperan meses o a\u00f1os para tener acceso. <\/p>\n<p>\u00bb Tenemos una creciente necesidad de atenci\u00f3n con un suministro cada vez menor de profesionales de la salud mental capacitados. Necesitamos un enfoque de todo el sistema, raz\u00f3n por la cual este informe del cirujano general es tan importante. El punto positivo es que esta necesidad ahora se reconoce al m\u00e1s alto nivel de gobierno. Se necesitar\u00e1 una respuesta coordinada entre varios estados e instituciones para comenzar a abordar los complejos desaf\u00edos que enfrentan los ni\u00f1os y las familias\u00bb.<\/p>\n<p>Riesgo adicional para los adolescentes LGBTQ<\/p>\n<p>\u00abEl suicidio es el segundo causa de muerte entre los estadounidenses de 1024 a\u00f1os, e incluso antes de la pandemia de COVID, las muertes por suicidio hab\u00edan aumentado en este grupo de edad cada a\u00f1o desde 2007\u00bb, dijo Mustanski. \u00abDurante d\u00e9cadas se sabe que los adolescentes LGBTQ tienen un mayor riesgo, en gran parte debido a factores sociales como el aumento de la intimidaci\u00f3n y la falta de apoyo de los padres que aumentan la depresi\u00f3n y la desesperanza, dos factores de riesgo importantes para el suicidio\u00bb.<\/p>\n<p>\u00abMuchos j\u00f3venes han tenido que depender del apoyo de los padres y las familias durante COVID-19 debido a problemas econ\u00f3micos, como la p\u00e9rdida de empleo o retrasos en el logro educativo\u00bb, dijo Newcomb. \u00abEsto coloca a muchos j\u00f3venes LGBTQ en una situaci\u00f3n particularmente desafiante o incluso peligrosa que podr\u00eda tener un impacto profundo en su salud mental. Es probable que muchos j\u00f3venes LGBTQ hayan tenido que regresar a entornos familiares que no aceptan su g\u00e9nero o identidad sexual, lo que los expone al estigma y al acoso. Otros ni siquiera han tenido la opci\u00f3n de depender de sus familias debido al rechazo previo de sus padres, lo que los hace a\u00fan m\u00e1s vulnerables a las consecuencias negativas de la pandemia de COVID-19\u00bb.<\/p>\n<p>Educaci\u00f3n y orientaci\u00f3n para padres<\/p>\n<p> p&gt; <\/p>\n<p>\u00abNuestra investigaci\u00f3n sobre adolescentes homosexuales y bisexuales durante la COVID ha demostrado un efecto combinado del rechazo de los padres y la tensi\u00f3n debido a la orientaci\u00f3n sexual sobre la depresi\u00f3n entre los adolescentes que viven en casa con sus padres durante el per\u00edodo de aislamiento de la COVID-19\u00bb, dijo Mustanski. \u00abEn tiempos tan estresantes y de aislamiento, es fundamental brindarles a los padres una educaci\u00f3n culturalmente apropiada y orientaci\u00f3n sobre la orientaci\u00f3n sexual para que puedan apoyar de manera efectiva a sus hijos LGBTQ\u00bb. edad m\u00e1s joven Proporcionado por la Universidad Northwestern <strong>Cita<\/strong>: Los factores de riesgo para los problemas de salud mental se componen para los j\u00f3venes LGBTQ (2021, 9 de diciembre) recuperado el 29 de agosto de 2022 de https:\/\/medicalxpress.com\/ne ws\/2021-12-factors-mental-health-compounded-lgbtq.html Este documento est\u00e1 sujeto a derechos de autor. Aparte de cualquier trato justo con fines de estudio o investigaci\u00f3n privados, ninguna parte puede reproducirse sin el permiso por escrito. El contenido se proporciona \u00fanicamente con fines informativos.<\/p>\n","protected":false},"excerpt":{"rendered":"<p>Cr\u00e9dito: Unsplash\/CC0 Dominio p\u00fablico El Cirujano General de EE. UU. public\u00f3 un informe inusual el 7 de diciembre que advierte sobre una crisis de salud mental entre los j\u00f3venes causada en parte por el COVID -19 pandemia. El aviso p\u00fablico de 53 p\u00e1ginas detalla el aumento de las tasas de depresi\u00f3n, ansiedad y problemas de &hellip; <a href=\"https:\/\/www.biblia.work\/articulos-salud\/los-factores-de-riesgo-de-los-problemas-de-salud-mental-se-agravan-para-los-jovenes-lgbtq\/\" class=\"more-link\">Continuar leyendo<span class=\"screen-reader-text\"> \u00abLos factores de riesgo de los problemas de salud mental se agravan para los j\u00f3venes LGBTQ\u00bb<\/span><\/a><\/p>\n","protected":false},"author":1,"featured_media":0,"comment_status":"","ping_status":"","sticky":false,"template":"","format":"standard","meta":{"footnotes":""},"categories":[1],"tags":[],"class_list":["post-4867","post","type-post","status-publish","format-standard","hentry","category-general"],"_links":{"self":[{"href":"https:\/\/www.biblia.work\/articulos-salud\/wp-json\/wp\/v2\/posts\/4867","targetHints":{"allow":["GET"]}}],"collection":[{"href":"https:\/\/www.biblia.work\/articulos-salud\/wp-json\/wp\/v2\/posts"}],"about":[{"href":"https:\/\/www.biblia.work\/articulos-salud\/wp-json\/wp\/v2\/types\/post"}],"author":[{"embeddable":true,"href":"https:\/\/www.biblia.work\/articulos-salud\/wp-json\/wp\/v2\/users\/1"}],"replies":[{"embeddable":true,"href":"https:\/\/www.biblia.work\/articulos-salud\/wp-json\/wp\/v2\/comments?post=4867"}],"version-history":[{"count":0,"href":"https:\/\/www.biblia.work\/articulos-salud\/wp-json\/wp\/v2\/posts\/4867\/revisions"}],"wp:attachment":[{"href":"https:\/\/www.biblia.work\/articulos-salud\/wp-json\/wp\/v2\/media?parent=4867"}],"wp:term":[{"taxonomy":"category","embeddable":true,"href":"https:\/\/www.biblia.work\/articulos-salud\/wp-json\/wp\/v2\/categories?post=4867"},{"taxonomy":"post_tag","embeddable":true,"href":"https:\/\/www.biblia.work\/articulos-salud\/wp-json\/wp\/v2\/tags?post=4867"}],"curies":[{"name":"wp","href":"https:\/\/api.w.org\/{rel}","templated":true}]}}