{"id":4869,"date":"2022-08-30T01:05:54","date_gmt":"2022-08-30T06:05:54","guid":{"rendered":"https:\/\/www.biblia.work\/articulos-salud\/papel-de-un-gen-conocido-como-fto-en-la-coexistencia-de-depresion-y-obesidad\/"},"modified":"2022-08-30T01:05:54","modified_gmt":"2022-08-30T06:05:54","slug":"papel-de-un-gen-conocido-como-fto-en-la-coexistencia-de-depresion-y-obesidad","status":"publish","type":"post","link":"https:\/\/www.biblia.work\/articulos-salud\/papel-de-un-gen-conocido-como-fto-en-la-coexistencia-de-depresion-y-obesidad\/","title":{"rendered":"Papel de un gen conocido como FTO en la coexistencia de depresi\u00f3n y obesidad"},"content":{"rendered":"<p>El equipo de investigaci\u00f3n de la UGR que ha realizado este trabajo. Cr\u00e9dito: Universidad de Granada <\/p>\n<p>Cient\u00edficos de la Universidad de Granada (UGR) han destacado que el posible papel atribuido al gen &#8216;grasa asociado a la masa grasa y la obesidad&#8217; (FTO) en la comorbilidad de la depresi\u00f3n y la obesidad solo puede ser confirmado por realizar m\u00e1s estudios con individuos que padezcan ambas enfermedades, as\u00ed como profundizar en el an\u00e1lisis de los diferentes subtipos cl\u00ednicos de depresi\u00f3n, ya que unos son m\u00e1s propensos a ir acompa\u00f1ados de obesidad que otros. <\/p>\n<p>En su estudio, que ha sido publicado en la revista Neuroscience &amp; Biobehavioral Reviews, los investigadores realizaron una revisi\u00f3n sistem\u00e1tica exhaustiva de la literatura cient\u00edfica publicada hasta la fecha sobre este tema, para comprender mejor el papel de este gen en la relaci\u00f3n entre estos dos enfermedades.<\/p>\n<p>La depresi\u00f3n y la obesidad son enfermedades extremadamente comunes en nuestra sociedad, con graves implicaciones no solo a nivel personal y familiar, sino tambi\u00e9n para la salud p\u00fablica, laboral y econ\u00f3mica. La depresi\u00f3n se considera actualmente la principal causa de discapacidad en el mundo. No menos grave, la obesidad se considera una pandemia al constituir el principal factor de riesgo de otras enfermedades que provocan mortalidad, como las enfermedades cardiovasculares, la diabetes tipo 2 o el c\u00e1ncer.<\/p>\n<p>Juan Antonio Zarza Rebollo, investigador del El Departamento de Bioqu\u00edmica y Biolog\u00eda Molecular II de la UGR y autor principal de este trabajo, explica: \u00abLa depresi\u00f3n y la obesidad tienen una fuerte relaci\u00f3n bidireccional, es decir, la obesidad aumenta el riesgo de desarrollar depresi\u00f3n; y viceversa, las personas con depresi\u00f3n tienen mayor riesgo de desarrollarla\u00bb. volverse obeso. Adem\u00e1s, es com\u00fan que la depresi\u00f3n y la obesidad se presenten como comorbilidades, es decir, aparecen al mismo tiempo y coexisten en el mismo individuo, lo que representa un riesgo a\u00fan mayor para la salud\u00bb.<\/p>\n<p>Existen diferentes factores que aumentan el riesgo de que un individuo desarrolle depresi\u00f3n y obesidad simult\u00e1neamente. Estos factores incluyen tener baja autoestima, haber sufrido maltrato o abuso en la infancia, estigma social o bajo nivel de apoyo familiar y social. Todo ello puede repercutir en la biolog\u00eda de cada individuo, donde existen determinados mecanismos fisiol\u00f3gicos (que involucran el eje hipot\u00e1lamo-pituitario-suprarrenal o la inflamaci\u00f3n) o variantes gen\u00e9ticas de riesgo que pueden jugar un papel importante en la aparici\u00f3n de estas patolog\u00edas.<\/p>\n<p>Seg\u00fan la investigadora \u00abRam\u00f3n y Cajal\u00bb Margarita Rivera (coordinadora de este trabajo y de la investigaci\u00f3n sobre salud f\u00edsica y salud mental de este grupo y tambi\u00e9n profesora del Departamento de Bioqu\u00edmica y Biolog\u00eda Molecular II de la UGR) : \u201cEl estudio de los factores gen\u00e9ticos subyacentes implicados en la comorbilidad entre depresi\u00f3n y obesidad es una de las l\u00edneas activas de investigaci\u00f3n de nuestro grupo. En concreto, el gen FTO ha sido investigado por este y otros grupos de investigaci\u00f3n internacionales como posible v\u00ednculo gen\u00e9tico entre ambas patolog\u00edas.\u00bb<\/p>\n<p>Un papel limitado pero importante<\/p>\n<p>El papel de los genes en el desarrollo de estas enfermedades es limitado y no puede considerarse un factor determinante (tha Es decir, no existe un \u00abgen de la obesidad\u00bb o un \u00abgen de la depresi\u00f3n\u00bb). Esther Molina, coautora de esta investigaci\u00f3n y profesora del Departamento de Enfermer\u00eda de la UGR, explica, sin embargo, que \u00abexisten variantes gen\u00e9ticas comunes a ambos trastornos que confieren mayor riesgo de desarrollar estas enfermedades a quienes las portan porque pueden interactuar con el medio ambiente, dando lugar a un riesgo individual para estas patolog\u00edas. Por lo tanto, encontramos que algunas personas tienen m\u00e1s probabilidades de desarrollarlas que otras\u00bb.<\/p>\n<p>Esta revisi\u00f3n sistem\u00e1tica se llev\u00f3 a cabo para obtener informaci\u00f3n de la public\u00f3 evidencia cient\u00edfica sobre el posible papel que un gen en particular, el gen FTO, puede desempe\u00f1ar en la depresi\u00f3n y la obesidad com\u00f3rbidas. Este gen contiene un \u00e1rea que var\u00eda de persona a persona, conocida como polimorfismo.<\/p>\n<p>\u00abLa presencia de la denominada variante de &#8216;riesgo&#8217; de este polimorfismo ha sido vinculada por numerosos estudios a una mayor probabilidad de a padecer obesidad y al aumento de peso corporal en humanos.Aunque no existen estudios que lo asocien con la depresi\u00f3n de forma independiente, el gen FTO se encuentra altamente expresado en el cerebro, y estudios recientes han descrito funciones que pueden participar en importantes mecanismos cerebrales. de ello nos lleva a pensar que este gen puede jugar un papel clave en la aparici\u00f3n de depresi\u00f3n y obesidad com\u00f3rbidas\u201d, se\u00f1ala Zarza-Rebollo.<\/p>\n<p>Los autores de este trabajo, todos ellos pertenecientes al \u201cFederico El Instituto de Neurociencias Olriz\u00bb y el Centro de Investigaci\u00f3n Biom\u00e9dica de la UGR, han demostrado que existen muy pocos estudios que analicen el papel de este gen en la comorbilidad de la obesidad y la depresi\u00f3n. Por lo tanto, es necesario realizar m\u00e1s estudios donde se analicen simult\u00e1neamente individuos con ambas patolog\u00edas. Seg\u00fan Margarita Rivera, \u201cal mismo tiempo, es importante que futuros estudios tengan en cuenta los diferentes subtipos de depresi\u00f3n, ya que tienen caracter\u00edsticas diferentes no solo a nivel cl\u00ednico sino tambi\u00e9n a nivel metab\u00f3lico y de ganancia de peso. Diferentes subtipos de depresi\u00f3n probablemente tengan diferentes perfiles gen\u00e9ticos Al caracterizar las muestras por los diferentes subtipos de depresi\u00f3n, podemos iluminar el papel que juega el gen FTO y posiblemente otros genes en esos subtipos de depresi\u00f3n que son m\u00e1s propensos a desencadenar el aumento de peso. .\u00bb<\/p>\n<p>\u00abUna mejor comprensi\u00f3n del papel de la gen\u00e9tica en la depresi\u00f3n y la obesidad com\u00f3rbidas abre la puerta a la detecci\u00f3n precoz de aquellos individuos con mayor riesgo de desarrollar esta comorbilidad y a poder dise\u00f1ar de forma m\u00e1s personalizada (y m\u00e1s eficaces) estrategias de prevenci\u00f3n y tratamiento para ellos\u00bb, destaca Esther Molina. <\/p>\n<p>Explorar m\u00e1s<\/p>\n<p> El IMC alto provoca depresi\u00f3n, tanto factores f\u00edsicos como sociales juegan un papel <strong>M\u00e1s informaci\u00f3n:<\/strong> Juan Antonio Zarza-Rebollo et al, El papel del gen FTO en la relaci\u00f3n entre depresi\u00f3n y obesidad. Una revisi\u00f3n sistem\u00e1tica, Neuroscience &amp; Biobehavioral Reviews (2021). DOI: 10.1016\/j.neubiorev.2021.05.013 Proporcionado por la Universidad de Granada <strong>Cita<\/strong>: Papel de un gen conocido como FTO en la coexistencia de depresi\u00f3n y obesidad (2021, 9 de diciembre) recuperado el 29 de agosto de 2022 de https:\/\/medicalxpress.com\/news\/2021-12-role-gene-fto-coexistence-depression.html Este documento est\u00e1 sujeto a derechos de autor. Aparte de cualquier trato justo con fines de estudio o investigaci\u00f3n privados, ninguna parte puede reproducirse sin el permiso por escrito. El contenido se proporciona \u00fanicamente con fines informativos.<\/p>\n","protected":false},"excerpt":{"rendered":"<p>El equipo de investigaci\u00f3n de la UGR que ha realizado este trabajo. Cr\u00e9dito: Universidad de Granada Cient\u00edficos de la Universidad de Granada (UGR) han destacado que el posible papel atribuido al gen &#8216;grasa asociado a la masa grasa y la obesidad&#8217; (FTO) en la comorbilidad de la depresi\u00f3n y la obesidad solo puede ser confirmado &hellip; <a href=\"https:\/\/www.biblia.work\/articulos-salud\/papel-de-un-gen-conocido-como-fto-en-la-coexistencia-de-depresion-y-obesidad\/\" class=\"more-link\">Continuar leyendo<span class=\"screen-reader-text\"> \u00abPapel de un gen conocido como FTO en la coexistencia de depresi\u00f3n y obesidad\u00bb<\/span><\/a><\/p>\n","protected":false},"author":1,"featured_media":0,"comment_status":"","ping_status":"","sticky":false,"template":"","format":"standard","meta":{"footnotes":""},"categories":[1],"tags":[],"class_list":["post-4869","post","type-post","status-publish","format-standard","hentry","category-general"],"_links":{"self":[{"href":"https:\/\/www.biblia.work\/articulos-salud\/wp-json\/wp\/v2\/posts\/4869","targetHints":{"allow":["GET"]}}],"collection":[{"href":"https:\/\/www.biblia.work\/articulos-salud\/wp-json\/wp\/v2\/posts"}],"about":[{"href":"https:\/\/www.biblia.work\/articulos-salud\/wp-json\/wp\/v2\/types\/post"}],"author":[{"embeddable":true,"href":"https:\/\/www.biblia.work\/articulos-salud\/wp-json\/wp\/v2\/users\/1"}],"replies":[{"embeddable":true,"href":"https:\/\/www.biblia.work\/articulos-salud\/wp-json\/wp\/v2\/comments?post=4869"}],"version-history":[{"count":0,"href":"https:\/\/www.biblia.work\/articulos-salud\/wp-json\/wp\/v2\/posts\/4869\/revisions"}],"wp:attachment":[{"href":"https:\/\/www.biblia.work\/articulos-salud\/wp-json\/wp\/v2\/media?parent=4869"}],"wp:term":[{"taxonomy":"category","embeddable":true,"href":"https:\/\/www.biblia.work\/articulos-salud\/wp-json\/wp\/v2\/categories?post=4869"},{"taxonomy":"post_tag","embeddable":true,"href":"https:\/\/www.biblia.work\/articulos-salud\/wp-json\/wp\/v2\/tags?post=4869"}],"curies":[{"name":"wp","href":"https:\/\/api.w.org\/{rel}","templated":true}]}}