{"id":4876,"date":"2022-08-30T01:06:06","date_gmt":"2022-08-30T06:06:06","guid":{"rendered":"https:\/\/www.biblia.work\/articulos-salud\/la-exposicion-a-la-contaminacion-del-aire-durante-el-embarazo-se-relaciona-con-un-mayor-riesgo-de-depresion-entre-las-latinas\/"},"modified":"2022-08-30T01:06:06","modified_gmt":"2022-08-30T06:06:06","slug":"la-exposicion-a-la-contaminacion-del-aire-durante-el-embarazo-se-relaciona-con-un-mayor-riesgo-de-depresion-entre-las-latinas","status":"publish","type":"post","link":"https:\/\/www.biblia.work\/articulos-salud\/la-exposicion-a-la-contaminacion-del-aire-durante-el-embarazo-se-relaciona-con-un-mayor-riesgo-de-depresion-entre-las-latinas\/","title":{"rendered":"La exposici\u00f3n a la contaminaci\u00f3n del aire durante el embarazo se relaciona con un mayor riesgo de depresi\u00f3n entre las latinas"},"content":{"rendered":"<p>Cr\u00e9dito: Unsplash\/CC0 Public Domain <\/p>\n<p>Las mujeres hispanas\/latinas de bajos ingresos que est\u00e1n expuestas a niveles m\u00e1s altos de contaminaci\u00f3n del aire durante la mitad del embarazo tienen un mayor riesgo de depresi\u00f3n un a\u00f1o despu\u00e9s del parto, seg\u00fan un estudio del Centro MADRES de Disparidades en la Salud Ambiental de la USC. <\/p>\n<p>La investigaci\u00f3n, publicada recientemente en la revista Environmental Health, sigui\u00f3 a 180 mujeres desde el inicio del embarazo hasta un a\u00f1o despu\u00e9s de dar a luz, rastreando su exposici\u00f3n al di\u00f3xido de nitr\u00f3geno, el ozono a nivel del suelo y part\u00edculas, como las emisiones de veh\u00edculos, f\u00e1bricas y plantas de energ\u00eda usando monitoreo ambiental.<\/p>\n<p>\u00abLa depresi\u00f3n es a menudo un resultado de salud subdiagnosticado y subtratado entre las personas de color, y la contaminaci\u00f3n del aire es una exposici\u00f3n potencialmente modificable en contraste con los factores de riesgo individuales\u00bb, dijo la autora principal, Tracy Bastain, Ph.D. ., MPH, epidemi\u00f3logo ambiental y profesor asociado de poblaci\u00f3n cl\u00ednica y ciencias de la salud p\u00fablica en la Escuela de Medicina Keck de la USC. \u00abEste estudio subraya la necesidad de comprender mejor el impacto de los factores de riesgo ambientales durante los per\u00edodos cr\u00edticos de exposici\u00f3n\u00bb.<\/p>\n<p>La depresi\u00f3n afecta a unos 280 millones de personas al a\u00f1o y, en el peor de los casos, puede conducir al suicidio, seg\u00fan la Organizaci\u00f3n Mundial de la Salud. A diferencia de las fluctuaciones habituales en el estado de \u00e1nimo de la vida diaria, es una afecci\u00f3n de salud grave con s\u00edntomas como falta de concentraci\u00f3n, sentimientos de culpa excesivos o baja autoestima, desesperanza, sue\u00f1o interrumpido y cambios en el apetito o el peso.<\/p>\n<p>La depresi\u00f3n es dos veces m\u00e1s frecuente entre las mujeres, y las mujeres de comunidades hist\u00f3ricamente marginadas, incluidas las poblaciones hispanas, enfrentan barreras significativas para acceder a los servicios de salud mental, incluido el estigma cultural en torno a las enfermedades mentales, la falta de seguro m\u00e9dico o cobertura inadecuada para los servicios de atenci\u00f3n de salud mental, y disponibilidad limitada de profesionales biling\u00fces de atenci\u00f3n de la salud mental.<\/p>\n<p>\u00abCada vez hay m\u00e1s pruebas de que la contaminaci\u00f3n del aire puede afectar el riesgo de depresi\u00f3n al activar las v\u00edas neuroinflamatorias de los contaminantes inhalados\u00bb, dijo Bastain. \u00abNuestros resultados sugieren que el per\u00edodo prenatal puede ser un per\u00edodo de susceptibilidad a la depresi\u00f3n materna, ya que los cambios adaptativos normales durante el embarazo, como los aumentos en la tasa de respiraci\u00f3n que est\u00e1n dise\u00f1ados para apoyar al feto en crecimiento, en realidad pueden aumentar la vulnerabilidad materna a los efectos nocivos de la contaminaci\u00f3n del aire\u00bb. \/p&gt; <\/p>\n<p>El estudio se bas\u00f3 en la cohorte de embarazo prospectivo en curso de MADRES de m\u00e1s de 800 mujeres latinas, en su mayor\u00eda de bajos ingresos, reclutadas de proveedores de atenci\u00f3n prenatal de salud comunitaria en Los \u00c1ngeles entre 2015 y 2020. Otros estudios de esta cohorte han examinado la obesidad infantil. y su efecto desproporcionado en las comunidades minoritarias urbanas de bajos ingresos en Los \u00c1ngeles. MADRES es la abreviatura de Maternal And Developmental Risks from Environmental and Social estresors.<\/p>\n<p>Andrea Calder\u00f3n, coordinadora de investigaci\u00f3n del estudio, dijo que muchas participantes compartieron su lucha por manejar una familia y un trabajo en crecimiento, o la p\u00e9rdida de ingresos debido a quedarse en casa con sus hijos debido a los altos costos del cuidado de los ni\u00f1os. Muchos estaban visiblemente angustiados y no se dieron cuenta de que pod\u00edan estar deprimidos y necesitaban apoyo profesional, dijo.<\/p>\n<p>\u00abLa pandemia agreg\u00f3 otra capa de estr\u00e9s porque muchos ni\u00f1os estaban en casa\u00bb, agreg\u00f3 Calder\u00f3n.<\/p>\n<p>Las comunidades minoritarias, incluidas las poblaciones hispanas y negras, tienen m\u00e1s probabilidades de estar expuestas a la contaminaci\u00f3n da\u00f1ina porque el lugar donde viven y trabajan est\u00e1 m\u00e1s cerca de las fuentes de contaminaci\u00f3n.<\/p>\n<p>Uso de datos de monitoreo de la calidad del aire del Sistema de calidad del aire de la EPA de EE. UU., los investigadores asignaron estimaciones diarias de part\u00edculas de \u00f3xido de nitr\u00f3geno (NO2), ozono (O3) conocidas como PM2.5 y PM10 a las ubicaciones residenciales de cada participante del estudio durante su embarazo.<\/p>\n<p>El di\u00f3xido de nitr\u00f3geno es parte de una familia de gases que se forman cuando se quema combustible a altas temperaturas en autom\u00f3viles, centrales el\u00e9ctricas de carb\u00f3n y f\u00e1bricas. El ozono a nivel del suelo se crea cuando el di\u00f3xido de nitr\u00f3geno reacciona con compuestos org\u00e1nicos vol\u00e1tiles en el calor y la luz solar. Las part\u00edculas provienen de una variedad de fuentes que incluyen la combusti\u00f3n de gasolina, los incendios forestales y el humo de las instalaciones industriales.<\/p>\n<p>\u00abHa sido un gran privilegio poder ver a las madres durante su embarazo y conocer a sus hijos en su primer a\u00f1o de vida\u00bb, dijo Calder\u00f3n, candidata a una maestr\u00eda en salud p\u00fablica y madre de un ni\u00f1o de cuatro meses que comenz\u00f3 a trabajar con MADRES en 2017 como pasante mientras completaba su licenciatura.<\/p>\n<p>\u00bb Muchos de nuestros participantes nacieron en el extranjero, as\u00ed que cuando los entrevist\u00e9, vi a mi madre, y cuando entrevist\u00e9 a mujeres de mi edad, tambi\u00e9n de primera generaci\u00f3n a punto de tener su primer hijo, me vi a m\u00ed misma\u00bb. <\/p>\n<p>Explore m\u00e1s<\/p>\n<p> La p\u00e9rdida del beb\u00e9 duplica el riesgo de ansiedad y depresi\u00f3n <strong>M\u00e1s informaci\u00f3n:<\/strong> Theresa M. Bastain et al, Contaminaci\u00f3n del aire ambiental prenatal y depresi\u00f3n materna a los 12 meses posparto en la cohorte de embarazo de MADRES , Salud Ambiental (2021). DOI: 10.1186\/s12940-021-00807-x <strong>Informaci\u00f3n de la revista:<\/strong> Environmental Health <\/p>\n<p> Proporcionado por la Universidad del Sur de California <strong>Cita<\/strong>: La exposici\u00f3n a la contaminaci\u00f3n del aire durante el embarazo est\u00e1 relacionada con mayor riesgo de depresi\u00f3n entre las latinas (2021, 9 de diciembre) recuperado el 29 de agosto de 2022 de https:\/\/medicalxpress.com\/news\/2021-12-air-pollution-exposure-pregnancy-linked.html Este documento est\u00e1 sujeto a derechos de autor. Aparte de cualquier trato justo con fines de estudio o investigaci\u00f3n privados, ninguna parte puede reproducirse sin el permiso por escrito. El contenido se proporciona \u00fanicamente con fines informativos.<\/p>\n","protected":false},"excerpt":{"rendered":"<p>Cr\u00e9dito: Unsplash\/CC0 Public Domain Las mujeres hispanas\/latinas de bajos ingresos que est\u00e1n expuestas a niveles m\u00e1s altos de contaminaci\u00f3n del aire durante la mitad del embarazo tienen un mayor riesgo de depresi\u00f3n un a\u00f1o despu\u00e9s del parto, seg\u00fan un estudio del Centro MADRES de Disparidades en la Salud Ambiental de la USC. La investigaci\u00f3n, publicada &hellip; <a href=\"https:\/\/www.biblia.work\/articulos-salud\/la-exposicion-a-la-contaminacion-del-aire-durante-el-embarazo-se-relaciona-con-un-mayor-riesgo-de-depresion-entre-las-latinas\/\" class=\"more-link\">Continuar leyendo<span class=\"screen-reader-text\"> \u00abLa exposici\u00f3n a la contaminaci\u00f3n del aire durante el embarazo se relaciona con un mayor riesgo de depresi\u00f3n entre las latinas\u00bb<\/span><\/a><\/p>\n","protected":false},"author":1,"featured_media":0,"comment_status":"","ping_status":"","sticky":false,"template":"","format":"standard","meta":{"footnotes":""},"categories":[1],"tags":[],"class_list":["post-4876","post","type-post","status-publish","format-standard","hentry","category-general"],"_links":{"self":[{"href":"https:\/\/www.biblia.work\/articulos-salud\/wp-json\/wp\/v2\/posts\/4876","targetHints":{"allow":["GET"]}}],"collection":[{"href":"https:\/\/www.biblia.work\/articulos-salud\/wp-json\/wp\/v2\/posts"}],"about":[{"href":"https:\/\/www.biblia.work\/articulos-salud\/wp-json\/wp\/v2\/types\/post"}],"author":[{"embeddable":true,"href":"https:\/\/www.biblia.work\/articulos-salud\/wp-json\/wp\/v2\/users\/1"}],"replies":[{"embeddable":true,"href":"https:\/\/www.biblia.work\/articulos-salud\/wp-json\/wp\/v2\/comments?post=4876"}],"version-history":[{"count":0,"href":"https:\/\/www.biblia.work\/articulos-salud\/wp-json\/wp\/v2\/posts\/4876\/revisions"}],"wp:attachment":[{"href":"https:\/\/www.biblia.work\/articulos-salud\/wp-json\/wp\/v2\/media?parent=4876"}],"wp:term":[{"taxonomy":"category","embeddable":true,"href":"https:\/\/www.biblia.work\/articulos-salud\/wp-json\/wp\/v2\/categories?post=4876"},{"taxonomy":"post_tag","embeddable":true,"href":"https:\/\/www.biblia.work\/articulos-salud\/wp-json\/wp\/v2\/tags?post=4876"}],"curies":[{"name":"wp","href":"https:\/\/api.w.org\/{rel}","templated":true}]}}