{"id":4879,"date":"2022-08-30T01:06:11","date_gmt":"2022-08-30T06:06:11","guid":{"rendered":"https:\/\/www.biblia.work\/articulos-salud\/la-falta-de-aire-en-pacientes-con-covid-prolongado-puede-indicar-problemas-cardiacos\/"},"modified":"2022-08-30T01:06:11","modified_gmt":"2022-08-30T06:06:11","slug":"la-falta-de-aire-en-pacientes-con-covid-prolongado-puede-indicar-problemas-cardiacos","status":"publish","type":"post","link":"https:\/\/www.biblia.work\/articulos-salud\/la-falta-de-aire-en-pacientes-con-covid-prolongado-puede-indicar-problemas-cardiacos\/","title":{"rendered":"La falta de aire en pacientes con COVID prolongado puede indicar problemas card\u00edacos"},"content":{"rendered":"<p>Cr\u00e9dito: Pixabay\/CC0 Dominio p\u00fablico <\/p>\n<p>Un peque\u00f1o estudio ha sugerido que los pacientes con COVID-19 que contin\u00faan sin aliento durante la actividad f\u00edsica un a\u00f1o despu\u00e9s de recuperarse de la infecci\u00f3n puede haber sufrido da\u00f1os en el coraz\u00f3n. La investigaci\u00f3n se presenta hoy en EuroEcho 2021, un congreso cient\u00edfico de la Sociedad Europea de Cardiolog\u00eda (ESC). <\/p>\n<p>\u00abLos hallazgos podr\u00edan ayudar a explicar por qu\u00e9 algunos pacientes con COVID prolongado todav\u00eda experimentan dificultad para respirar un a\u00f1o despu\u00e9s e indican que podr\u00eda estar relacionado con una disminuci\u00f3n en el rendimiento card\u00edaco\u00bb, dijo la autora del estudio, la Dra. Maria-Luiza Luchian, del Hospital Universitario de Bruselas. , B\u00e9lgica.<\/p>\n<p>Cada vez hay m\u00e1s pruebas de complicaciones cardiovasculares debidas a la COVID-19 y de s\u00edntomas duraderos como la disnea (dificultad para respirar), conocida como COVID prolongada. Este estudio investig\u00f3 si las anomal\u00edas card\u00edacas subcl\u00ednicas eran m\u00e1s comunes en pacientes con COVID prolongado con disnea, lo que podr\u00eda explicar el motivo de sus s\u00edntomas.<\/p>\n<p>El estudio incluy\u00f3 a 66 pacientes sin enfermedad card\u00edaca o pulmonar previa que fueron hospitalizados con COVID-19 entre Marzo y abril de 2020 en el Hospital Universitario de Bruselas. Al a\u00f1o del alta hospitalaria, se utiliz\u00f3 la espirometr\u00eda junto con la tomograf\u00eda computarizada de t\u00f3rax para evaluar la funci\u00f3n pulmonar y las posibles secuelas de la COVID-19. Se realiz\u00f3 una ecograf\u00eda card\u00edaca para examinar la funci\u00f3n card\u00edaca e incluy\u00f3 una nueva t\u00e9cnica de im\u00e1genes llamada trabajo mioc\u00e1rdico que brinda informaci\u00f3n m\u00e1s precisa sobre la funci\u00f3n card\u00edaca que los m\u00e9todos anteriores.<\/p>\n<p>La edad promedio de los participantes fue de 50 a\u00f1os y el 67 % eran hombres. Al a\u00f1o, 23 pacientes (35 %) ten\u00edan dificultad para respirar durante el esfuerzo.<\/p>\n<p>Los investigadores examinaron la asociaci\u00f3n entre las medidas de im\u00e1genes de la funci\u00f3n card\u00edaca y la dificultad para respirar un a\u00f1o despu\u00e9s de ajustar por edad y g\u00e9nero. El an\u00e1lisis mostr\u00f3 que la funci\u00f3n card\u00edaca anormal se asoci\u00f3 de manera independiente y significativa con la disnea persistente. Las im\u00e1genes card\u00edacas revelaron un rendimiento card\u00edaco m\u00e1s deficiente en pacientes con disnea versus sin disnea un a\u00f1o despu\u00e9s de la hospitalizaci\u00f3n debido a COVID-19.<\/p>\n<p>Dr. Luchian dijo que su \u00abestudio muestra que m\u00e1s de un tercio de los pacientes con COVID-19 sin antecedentes de enfermedad card\u00edaca o pulmonar ten\u00edan disnea de esfuerzo persistente un a\u00f1o despu\u00e9s del alta del hospital. Al observar en detalle la funci\u00f3n card\u00edaca mediante ecograf\u00eda card\u00edaca, observamos anomal\u00edas sutiles que podr\u00edan explicar la disnea continua\u00bb.<\/p>\n<p>Concluy\u00f3 que \u00abel trabajo del miocardio podr\u00eda ser una nueva herramienta ecocardiogr\u00e1fica para la identificaci\u00f3n temprana de anomal\u00edas de la funci\u00f3n card\u00edaca en pacientes con COVID-19 prolongado, que podr\u00edan necesitar ex\u00e1menes m\u00e1s frecuentes y vigilancia card\u00edaca a largo plazo. Se necesitan estudios futuros que incluyan diferentes variantes de COVID-19 y el impacto de la vacunaci\u00f3n para confirmar nuestros resultados sobre la evoluci\u00f3n a largo plazo y las posibles consecuencias card\u00edacas de esta enfermedad\u00bb. <\/p>\n<p>Explore m\u00e1s<\/p>\n<p> La funci\u00f3n card\u00edaca es normal en la mayor\u00eda de las personas que han tenido COVID-19 <strong>M\u00e1s informaci\u00f3n:<\/strong> Sesi\u00f3n: digital-congress.escardio.org\/ &hellip; r-covid-19-infection Proporcionado por la Sociedad Europea de Cardiolog\u00eda <strong>Cita<\/strong>: La falta de aire en pacientes con COVID prolongado puede indicar problemas card\u00edacos (2021, 9 de diciembre) recuperado el 29 de agosto de 2022 de https:\/\/medicalxpress.com \/noticias\/2021-12-breathlessness-patients-covid-heart-problems.html Este documento est\u00e1 sujeto a derechos de autor. Aparte de cualquier trato justo con fines de estudio o investigaci\u00f3n privados, ninguna parte puede reproducirse sin el permiso por escrito. El contenido se proporciona \u00fanicamente con fines informativos.<\/p>\n","protected":false},"excerpt":{"rendered":"<p>Cr\u00e9dito: Pixabay\/CC0 Dominio p\u00fablico Un peque\u00f1o estudio ha sugerido que los pacientes con COVID-19 que contin\u00faan sin aliento durante la actividad f\u00edsica un a\u00f1o despu\u00e9s de recuperarse de la infecci\u00f3n puede haber sufrido da\u00f1os en el coraz\u00f3n. La investigaci\u00f3n se presenta hoy en EuroEcho 2021, un congreso cient\u00edfico de la Sociedad Europea de Cardiolog\u00eda (ESC). &hellip; <a href=\"https:\/\/www.biblia.work\/articulos-salud\/la-falta-de-aire-en-pacientes-con-covid-prolongado-puede-indicar-problemas-cardiacos\/\" class=\"more-link\">Continuar leyendo<span class=\"screen-reader-text\"> \u00abLa falta de aire en pacientes con COVID prolongado puede indicar problemas card\u00edacos\u00bb<\/span><\/a><\/p>\n","protected":false},"author":1,"featured_media":0,"comment_status":"","ping_status":"","sticky":false,"template":"","format":"standard","meta":{"footnotes":""},"categories":[1],"tags":[],"class_list":["post-4879","post","type-post","status-publish","format-standard","hentry","category-general"],"_links":{"self":[{"href":"https:\/\/www.biblia.work\/articulos-salud\/wp-json\/wp\/v2\/posts\/4879","targetHints":{"allow":["GET"]}}],"collection":[{"href":"https:\/\/www.biblia.work\/articulos-salud\/wp-json\/wp\/v2\/posts"}],"about":[{"href":"https:\/\/www.biblia.work\/articulos-salud\/wp-json\/wp\/v2\/types\/post"}],"author":[{"embeddable":true,"href":"https:\/\/www.biblia.work\/articulos-salud\/wp-json\/wp\/v2\/users\/1"}],"replies":[{"embeddable":true,"href":"https:\/\/www.biblia.work\/articulos-salud\/wp-json\/wp\/v2\/comments?post=4879"}],"version-history":[{"count":0,"href":"https:\/\/www.biblia.work\/articulos-salud\/wp-json\/wp\/v2\/posts\/4879\/revisions"}],"wp:attachment":[{"href":"https:\/\/www.biblia.work\/articulos-salud\/wp-json\/wp\/v2\/media?parent=4879"}],"wp:term":[{"taxonomy":"category","embeddable":true,"href":"https:\/\/www.biblia.work\/articulos-salud\/wp-json\/wp\/v2\/categories?post=4879"},{"taxonomy":"post_tag","embeddable":true,"href":"https:\/\/www.biblia.work\/articulos-salud\/wp-json\/wp\/v2\/tags?post=4879"}],"curies":[{"name":"wp","href":"https:\/\/api.w.org\/{rel}","templated":true}]}}