{"id":4906,"date":"2022-08-30T01:06:59","date_gmt":"2022-08-30T06:06:59","guid":{"rendered":"https:\/\/www.biblia.work\/articulos-salud\/la-exposicion-cronica-a-la-contaminacion-del-aire-puede-aumentar-los-riesgos-de-ingreso-en-la-uci-o-muerte-entre-los-pacientes-con-covid-19-segun-un-estudio\/"},"modified":"2022-08-30T01:06:59","modified_gmt":"2022-08-30T06:06:59","slug":"la-exposicion-cronica-a-la-contaminacion-del-aire-puede-aumentar-los-riesgos-de-ingreso-en-la-uci-o-muerte-entre-los-pacientes-con-covid-19-segun-un-estudio","status":"publish","type":"post","link":"https:\/\/www.biblia.work\/articulos-salud\/la-exposicion-cronica-a-la-contaminacion-del-aire-puede-aumentar-los-riesgos-de-ingreso-en-la-uci-o-muerte-entre-los-pacientes-con-covid-19-segun-un-estudio\/","title":{"rendered":"La exposici\u00f3n cr\u00f3nica a la contaminaci\u00f3n del aire puede aumentar los riesgos de ingreso en la UCI o muerte entre los pacientes con COVID-19, seg\u00fan un estudio"},"content":{"rendered":"<p>Cr\u00e9dito: CC0 Public Domain <\/p>\n<p>Pacientes hospitalizados con COVID-19 que hab\u00edan estado expuestos cr\u00f3nicamente en sus vecindarios a part\u00edculas m\u00e1s altas, como el humo, el holl\u00edn y la suciedad hab\u00edan aumentado los riesgos de ingreso a la unidad de cuidados intensivos (UCI) y muerte en comparaci\u00f3n con quienes no ten\u00edan tal exposici\u00f3n, informaron investigadores dirigidos por Mount Sinai en el American Journal of Respiratory and Critical Care Medicine el 8 de diciembre. <\/p>\n<p> El hallazgo se suma a nuestra comprensi\u00f3n sobre los factores ambientales que aumentan los riesgos de COVID-19. Los investigadores notaron que la exposici\u00f3n cr\u00f3nica a la contaminaci\u00f3n del aire puede alterar el sistema inmunol\u00f3gico pulmonar, puede aumentar la inflamaci\u00f3n sist\u00e9mica y puede estar asociada con un mayor riesgo de enfermedad cardiovascular y s\u00edndrome metab\u00f3lico. Las infecciones y muertes por COVID-19 tambi\u00e9n han ocurrido de manera desproporcionada entre las poblaciones negras, latinas e ind\u00edgenas, as\u00ed como entre las personas con factores de riesgo seg\u00fan el sexo, la edad y las enfermedades concomitantes existentes, como la diabetes y la obesidad.<\/p>\n<p> \u00abLa pandemia de COVID-19 ha puesto de relieve el papel cr\u00edtico del medio ambiente en las disparidades de salud. Estos datos sugieren que la exposici\u00f3n a largo plazo a la contaminaci\u00f3n del aire, incluso en concentraciones por debajo de los est\u00e1ndares regulatorios de la Agencia de Protecci\u00f3n Ambiental de los EE. 19 morbilidad y mortalidad entre los pacientes hospitalizados\u00bb, dijo la autora correspondiente Alison Lee, MD, MS, Profesora Asistente de Medicina (Pulmonar, Cuidados Cr\u00edticos y Medicina del Sue\u00f1o) y Pediatr\u00eda, en la Escuela de Medicina Icahn en Mount Sinai. \u00abCr\u00edticamente, la contaminaci\u00f3n del aire es un factor de riesgo modificable. Las pol\u00edticas para reducir la contaminaci\u00f3n del aire deben considerarse una medida de salud p\u00fablica necesaria, especialmente en comunidades que son desproporcionadamente susceptibles a los efectos nocivos de la contaminaci\u00f3n del aire\u00bb. <\/p>\n<p>Un equipo de investigadores realiz\u00f3 un an\u00e1lisis retrospectivo de m\u00e1s de 6500 pacientes con COVID-19 ingresados en siete hospitales de la ciudad de Nueva York con poblaciones de pacientes \u00e9tnicamente diversas, incluidos Mount Sinai Morningside, Mount Sinai Queens, NYC Health + Hospitals\/Elmhurst, y NYC Health + Hospitals\/Queensamid el primer pico de la pandemia de marzo a agosto de 2020. Los investigadores calcularon los niveles de exposici\u00f3n a contaminantes que incluyen part\u00edculas, di\u00f3xido de nitr\u00f3geno y carbono negro en las direcciones residenciales de los pacientes en el momento de la admisi\u00f3n. Luego, el equipo evalu\u00f3 los resultados de los pacientes, incluida la mortalidad, el ingreso en la UCI y la intubaci\u00f3n. Descubrieron que la exposici\u00f3n cr\u00f3nica a part\u00edculas, incluso a niveles por debajo de los umbrales regulatorios actuales, se asoci\u00f3 con un riesgo de mortalidad un 11 % mayor y un riesgo de ingreso a la UCI un 13 % mayor. Los an\u00e1lisis exploratorios sugirieron que las personas j\u00f3venes de color pueden ser particularmente susceptibles.<\/p>\n<p>El estudio se desarroll\u00f3 a trav\u00e9s de la participaci\u00f3n en la asociaci\u00f3n de la Unidad de Investigaci\u00f3n COVID-19 en Elmhurst (CURE-19), una iniciativa del Instituto Arnhold de Mount Sinai. para Global Health y NYC Health + Hospitals\/Elmhurst y Queens para investigar la pandemia global y las causas fundamentales de las disparidades de salud en la ciudad de Nueva York.<\/p>\n<p>\u00abTodav\u00eda hay mucho que no sabemos sobre el coronavirus, y es por eso que iniciativas como la asociaci\u00f3n CURE-19 son de suma importancia en la lucha contra esta pandemia y nuestra recuperaci\u00f3n continua\u00bb, dijo el coautor Stanley Pierre, MD, MPA, NYC Health + Hospitals\/Coordinador de seguridad del paciente de Queens y director de la Programa de Desarrollo de Centros Cl\u00ednicos de Excelencia. \u00abPoder comprender mejor qu\u00e9 y c\u00f3mo los factores ambientales juegan un papel en la salud de los neoyorquinos y los riesgos asociados con el COVID-19 no solo nos permite tratar mejor a los pacientes a largo plazo, sino que tambi\u00e9n nos brinda la oportunidad de abogar por cambios que pueden ayudar a prevenir enfermedades graves en el futuro\u00bb. <\/p>\n<p>Explore m\u00e1s<\/p>\n<p> Es posible que el VIH no empeore las perspectivas de COVID-19 <strong>M\u00e1s informaci\u00f3n:<\/strong> Anne Bozack et al, Exposici\u00f3n a la contaminaci\u00f3n del aire a largo plazo y mortalidad por COVID-19: un an\u00e1lisis a nivel de paciente de Ciudad de Nueva York, American Journal of Respiratory and Critical Care Medicine (2021). DOI: 10.1164\/rccm.202104-0845OC <strong>Informaci\u00f3n de la revista:<\/strong> American Journal of Respiratory and Critical Care Medicine <\/p>\n<p> Proporcionado por The Mount Sinai Hospital <strong>Cita<\/strong>: Exposici\u00f3n cr\u00f3nica al aire la contaminaci\u00f3n puede aumentar los riesgos de ingreso en la UCI o muerte entre los pacientes con COVID-19, seg\u00fan un estudio (9 de diciembre de 2021) consultado el 29 de agosto de 2022 en https:\/\/medicalxpress.com\/news\/2021-12-chronic-exposure-air-pollution- icu.html Este documento est\u00e1 sujeto a derechos de autor. Aparte de cualquier trato justo con fines de estudio o investigaci\u00f3n privados, ninguna parte puede reproducirse sin el permiso por escrito. El contenido se proporciona \u00fanicamente con fines informativos.<\/p>\n","protected":false},"excerpt":{"rendered":"<p>Cr\u00e9dito: CC0 Public Domain Pacientes hospitalizados con COVID-19 que hab\u00edan estado expuestos cr\u00f3nicamente en sus vecindarios a part\u00edculas m\u00e1s altas, como el humo, el holl\u00edn y la suciedad hab\u00edan aumentado los riesgos de ingreso a la unidad de cuidados intensivos (UCI) y muerte en comparaci\u00f3n con quienes no ten\u00edan tal exposici\u00f3n, informaron investigadores dirigidos por &hellip; <a href=\"https:\/\/www.biblia.work\/articulos-salud\/la-exposicion-cronica-a-la-contaminacion-del-aire-puede-aumentar-los-riesgos-de-ingreso-en-la-uci-o-muerte-entre-los-pacientes-con-covid-19-segun-un-estudio\/\" class=\"more-link\">Continuar leyendo<span class=\"screen-reader-text\"> \u00abLa exposici\u00f3n cr\u00f3nica a la contaminaci\u00f3n del aire puede aumentar los riesgos de ingreso en la UCI o muerte entre los pacientes con COVID-19, seg\u00fan un estudio\u00bb<\/span><\/a><\/p>\n","protected":false},"author":1,"featured_media":0,"comment_status":"","ping_status":"","sticky":false,"template":"","format":"standard","meta":{"footnotes":""},"categories":[1],"tags":[],"class_list":["post-4906","post","type-post","status-publish","format-standard","hentry","category-general"],"_links":{"self":[{"href":"https:\/\/www.biblia.work\/articulos-salud\/wp-json\/wp\/v2\/posts\/4906","targetHints":{"allow":["GET"]}}],"collection":[{"href":"https:\/\/www.biblia.work\/articulos-salud\/wp-json\/wp\/v2\/posts"}],"about":[{"href":"https:\/\/www.biblia.work\/articulos-salud\/wp-json\/wp\/v2\/types\/post"}],"author":[{"embeddable":true,"href":"https:\/\/www.biblia.work\/articulos-salud\/wp-json\/wp\/v2\/users\/1"}],"replies":[{"embeddable":true,"href":"https:\/\/www.biblia.work\/articulos-salud\/wp-json\/wp\/v2\/comments?post=4906"}],"version-history":[{"count":0,"href":"https:\/\/www.biblia.work\/articulos-salud\/wp-json\/wp\/v2\/posts\/4906\/revisions"}],"wp:attachment":[{"href":"https:\/\/www.biblia.work\/articulos-salud\/wp-json\/wp\/v2\/media?parent=4906"}],"wp:term":[{"taxonomy":"category","embeddable":true,"href":"https:\/\/www.biblia.work\/articulos-salud\/wp-json\/wp\/v2\/categories?post=4906"},{"taxonomy":"post_tag","embeddable":true,"href":"https:\/\/www.biblia.work\/articulos-salud\/wp-json\/wp\/v2\/tags?post=4906"}],"curies":[{"name":"wp","href":"https:\/\/api.w.org\/{rel}","templated":true}]}}