{"id":4911,"date":"2022-08-30T01:07:08","date_gmt":"2022-08-30T06:07:08","guid":{"rendered":"https:\/\/www.biblia.work\/articulos-salud\/omicron-se-propaga-en-africa-pero-los-datos-sugieren-que-es-menos-grave-oms\/"},"modified":"2022-08-30T01:07:08","modified_gmt":"2022-08-30T06:07:08","slug":"omicron-se-propaga-en-africa-pero-los-datos-sugieren-que-es-menos-grave-oms","status":"publish","type":"post","link":"https:\/\/www.biblia.work\/articulos-salud\/omicron-se-propaga-en-africa-pero-los-datos-sugieren-que-es-menos-grave-oms\/","title":{"rendered":"Omicron se propaga en \u00c1frica, pero los datos sugieren que es \u00abmenos grave\u00bb: OMS"},"content":{"rendered":"<p>Cr\u00e9dito: Pixabay\/CC0 Dominio p\u00fablico <\/p>\n<p>Los casos de coronavirus en \u00c1frica casi se duplicaron en una semana a medida que se propagaba Omicron, pero las hospitalizaciones en Sud\u00e1frica, donde la nueva variante fue descubierto, siguen siendo bajos, dijo la ONU el jueves. <\/p>\n<p>En una rueda de prensa semanal en l\u00ednea, la sucursal africana de la Organizaci\u00f3n Mundial de la Salud dijo que el continente hab\u00eda registrado 107\u00a0000 casos adicionales en la semana hasta el domingo, en comparaci\u00f3n con los 55\u00a0000 de la semana anterior.<\/p>\n<p>Omicron \u00abest\u00e1 llegando a m\u00e1s pa\u00edses de \u00c1frica\u00bb, dijo, y agreg\u00f3 que se estaba intensificando la investigaci\u00f3n para ver si la nueva variante estaba espec\u00edficamente detr\u00e1s del fuerte aumento.<\/p>\n<p>El mayor aumento en n\u00fameros, un 140 por ciento en promedio, fue en el sur del continente. .<\/p>\n<p>Sin embargo, en Sud\u00e1frica, que descubri\u00f3 la nueva variante el mes pasado, \u00ablos casos graves siguen siendo bajos\u00bb, dijo la OMS en un comunicado.<\/p>\n<p>\u00abDatos emergentes de Sud\u00e1frica indican que Omicron puede causar una enfermedad menos grave\u00bb, dijo.<\/p>\n<p>\u00abLos datos que analizaron las hospitalizaciones en Sud\u00e1frica entre el 14 de noviembre y el 4 de diciembre encontraron que la ocupaci\u00f3n de la UCI (unidad de cuidados intensivos) fue solo del 6,3 %.<\/p>\n<p>\u00ab(Esto) es muy bajo en comparaci\u00f3n con el mismo per\u00edodo cuando el pa\u00eds enfrentaba el pico vinculado a la variante Delta en J julio\u00bb.<\/p>\n<p>La agencia reiter\u00f3 sus objeciones a las restricciones de viaje, que dijo que hab\u00edan sido emitidas por m\u00e1s de 70 pa\u00edses y estaban dirigidas abrumadoramente al sur de \u00c1frica, a pesar de que los pa\u00edses de la regi\u00f3n hab\u00edan sido \u00abtransparentes con sus datos\u00bb.<\/p>\n<p>Tambi\u00e9n pidi\u00f3 a los pa\u00edses que intensifiquen las vacunas: solo el 7,8 por ciento de los aproximadamente 1.200 millones de habitantes del continente han sido vacunados.<\/p>\n<p>Los mayores rezagados en inmunizaci\u00f3n son Chad, Djibouti y Rep\u00fablica Democr\u00e1tica Rep\u00fablica del Congo.<\/p>\n<p>Se est\u00e1 implementando un nuevo sistema de suministro de vacunas para ayudar a los pa\u00edses africanos a distribuirlas m\u00e1s f\u00e1cilmente, dijo Richard Mihigo, coordinador del programa de vacunaci\u00f3n de la OMS en \u00c1frica. <\/p>\n<p>Explore m\u00e1s<\/p>\n<p> El organismo de control de la UE dice que Omicron es \u00abprincipalmente leve\u00bb, ya que la OMS advierte sobre el acaparamiento de vacunas <\/p>\n<p> 2021 AFP <\/p>\n<p> <strong>Cita<\/strong>: Omicron se est\u00e1 propagando en \u00c1frica, pero los datos sugieren grave&#8217;: OMS (2021, 9 de diciembre) recuperado el 29 de agosto de 2022 de https:\/\/medicalxpress.com\/news\/2021-12-omicron-africa-severe.html Este documento est\u00e1 sujeto a derechos de autor. Aparte de cualquier trato justo con fines de estudio o investigaci\u00f3n privados, ninguna parte puede reproducirse sin el permiso por escrito. El contenido se proporciona \u00fanicamente con fines informativos.<\/p>\n","protected":false},"excerpt":{"rendered":"<p>Cr\u00e9dito: Pixabay\/CC0 Dominio p\u00fablico Los casos de coronavirus en \u00c1frica casi se duplicaron en una semana a medida que se propagaba Omicron, pero las hospitalizaciones en Sud\u00e1frica, donde la nueva variante fue descubierto, siguen siendo bajos, dijo la ONU el jueves. En una rueda de prensa semanal en l\u00ednea, la sucursal africana de la Organizaci\u00f3n &hellip; <a href=\"https:\/\/www.biblia.work\/articulos-salud\/omicron-se-propaga-en-africa-pero-los-datos-sugieren-que-es-menos-grave-oms\/\" class=\"more-link\">Continuar leyendo<span class=\"screen-reader-text\"> \u00abOmicron se propaga en \u00c1frica, pero los datos sugieren que es \u00abmenos grave\u00bb: OMS\u00bb<\/span><\/a><\/p>\n","protected":false},"author":1,"featured_media":0,"comment_status":"","ping_status":"","sticky":false,"template":"","format":"standard","meta":{"footnotes":""},"categories":[1],"tags":[],"class_list":["post-4911","post","type-post","status-publish","format-standard","hentry","category-general"],"_links":{"self":[{"href":"https:\/\/www.biblia.work\/articulos-salud\/wp-json\/wp\/v2\/posts\/4911","targetHints":{"allow":["GET"]}}],"collection":[{"href":"https:\/\/www.biblia.work\/articulos-salud\/wp-json\/wp\/v2\/posts"}],"about":[{"href":"https:\/\/www.biblia.work\/articulos-salud\/wp-json\/wp\/v2\/types\/post"}],"author":[{"embeddable":true,"href":"https:\/\/www.biblia.work\/articulos-salud\/wp-json\/wp\/v2\/users\/1"}],"replies":[{"embeddable":true,"href":"https:\/\/www.biblia.work\/articulos-salud\/wp-json\/wp\/v2\/comments?post=4911"}],"version-history":[{"count":0,"href":"https:\/\/www.biblia.work\/articulos-salud\/wp-json\/wp\/v2\/posts\/4911\/revisions"}],"wp:attachment":[{"href":"https:\/\/www.biblia.work\/articulos-salud\/wp-json\/wp\/v2\/media?parent=4911"}],"wp:term":[{"taxonomy":"category","embeddable":true,"href":"https:\/\/www.biblia.work\/articulos-salud\/wp-json\/wp\/v2\/categories?post=4911"},{"taxonomy":"post_tag","embeddable":true,"href":"https:\/\/www.biblia.work\/articulos-salud\/wp-json\/wp\/v2\/tags?post=4911"}],"curies":[{"name":"wp","href":"https:\/\/api.w.org\/{rel}","templated":true}]}}