{"id":4955,"date":"2022-08-30T01:08:24","date_gmt":"2022-08-30T06:08:24","guid":{"rendered":"https:\/\/www.biblia.work\/articulos-salud\/oms-europa-los-ninos-en-el-grupo-de-edad-de-5-a-14-anos-muestran-las-tasas-mas-altas-de-covid\/"},"modified":"2022-08-30T01:08:24","modified_gmt":"2022-08-30T06:08:24","slug":"oms-europa-los-ninos-en-el-grupo-de-edad-de-5-a-14-anos-muestran-las-tasas-mas-altas-de-covid","status":"publish","type":"post","link":"https:\/\/www.biblia.work\/articulos-salud\/oms-europa-los-ninos-en-el-grupo-de-edad-de-5-a-14-anos-muestran-las-tasas-mas-altas-de-covid\/","title":{"rendered":"OMS Europa: los ni\u00f1os en el grupo de edad de 5 a 14 a\u00f1os muestran las tasas m\u00e1s altas de COVID"},"content":{"rendered":"<p>Los ni\u00f1os, algunos con mascarillas, disfrutan de un carrusel en una feria navide\u00f1a en Bucarest, Rumania, el s\u00e1bado 27 de noviembre de 2021. La capital rumana tendr\u00e1 tres ferias navide\u00f1as abiertas al p\u00fablico en las pr\u00f3ximas semanas y el acceso a los recintos estar\u00e1 condicionado a un pase verde COVID-19, acreditando la vacunaci\u00f3n del titular o la recuperaci\u00f3n tras la infecci\u00f3n. Cr\u00e9dito: AP Photo\/Vadim Ghirda <\/p>\n<p>La oficina de la Organizaci\u00f3n Mundial de la Salud para Europa dijo el martes que los ni\u00f1os en el grupo de edad de 5 a 14 ahora representan las tasas m\u00e1s altas de infecci\u00f3n por COVID-19 reportada en la regi\u00f3n. <\/p>\n<p>El director regional de la OMS en Europa, el Dr. Hans Kluge, tambi\u00e9n argument\u00f3 que los mandatos de vacunas deber\u00edan ser \u00abun \u00faltimo recurso absoluto\u00bb y dijo que las muertes por COVID-19 permanecen \u00absignificativamente por debajo de los picos anteriores\u00bb. Pero dijo que los casos y las muertes por coronavirus se han m\u00e1s que duplicado en los \u00faltimos dos meses en la regi\u00f3n de 53 pa\u00edses que se extiende hasta Asia central.<\/p>\n<p>Hizo hincapi\u00e9 en la continua amenaza de la variante delta generalizada y se\u00f1al\u00f3 la nueva La variante omicron ha representado hasta ahora 432 casos confirmados en 21 pa\u00edses de la regi\u00f3n.<\/p>\n<p>\u00abLa variante delta sigue siendo dominante en Europa y Asia Central, y sabemos que las vacunas contra la COVID-19 siguen siendo efectivas para reducir las infecciones graves\u00bb. enfermedad y las muertes a causa de ella\u00bb, dijo a los periodistas desde la sede de la OMS en Europa en Copenhague, Dinamarca. \u00abA\u00fan est\u00e1 por verse c\u00f3mo y si la \u00faltima variante preocupante de COVID-19, omicron, ser\u00e1 m\u00e1s transmisible, o m\u00e1s o menos grave\u00bb.<\/p>\n<p>Kluge inst\u00f3 a los pa\u00edses a \u00abproteger a los ni\u00f1os y las escuelas\u00bb. \u00bb en medio del r\u00e1pido aumento de casos entre los j\u00f3venes de la regi\u00f3n, y dijo que la incidencia de COVID-19 era de dos a tres veces mayor entre los ni\u00f1os peque\u00f1os que la poblaci\u00f3n promedio en algunos lugares. Los ni\u00f1os tienden a enfrentar casos menos graves que las poblaciones m\u00e1s vulnerables, como las personas mayores, los trabajadores de la salud y las personas con sistemas inmunol\u00f3gicos m\u00e1s d\u00e9biles.<\/p>\n<p>\u00abA medida que se acercan las vacaciones escolares, tambi\u00e9n debemos reconocer que los ni\u00f1os contaminan a sus padres y abuelos en casa, con un riesgo 10 veces mayor de que estos adultos desarrollen una enfermedad grave, sean hospitalizados o mueran si no est\u00e1n vacunados\u00bb, dijo. \u00abLos riesgos para la salud se extienden m\u00e1s all\u00e1 de los propios ni\u00f1os\u00bb.<\/p>\n<p>Kluge tambi\u00e9n se pronunci\u00f3 en contra de los mandatos de vacunaci\u00f3n, diciendo que deber\u00edan ser un \u00ab\u00faltimo recurso absoluto\u00bb y tener eficacia solo en algunos contextos.<\/p>\n<p>La regi\u00f3n europea de la OMS tiene el epicentro mundial de la pandemia desde hace semanas, representando el 70 % de los casos y el 61 % de las muertes en todo el mundo, seg\u00fan el informe epidemiol\u00f3gico semanal de la agencia de salud de la ONU emitido la semana pasada.<\/p>\n<p>___<\/p>\n<p>David Keyton en Estocolmo contribuy\u00f3 a este informe. <\/p>\n<p>Explore m\u00e1s<\/p>\n<p> Europa es la \u00fanica regi\u00f3n con m\u00e1s casos de COVID, con un aumento de casos del 11 % <\/p>\n<p> 2021 The Associated Press. Reservados todos los derechos. Este material no puede ser publicado, transmitido, reescrito o redistribuido sin permiso. <\/p>\n<p> <strong>Cita<\/strong>: OMS Europa: Los ni\u00f1os en el grupo de edad de 5 a 14 a\u00f1os muestran las tasas m\u00e1s altas de COVID (2021, 8 de diciembre) consultado el 29 de agosto de 2022 en https:\/\/medicalxpress.com\/news\/2021- 12-europe-kids-age-group.html Este documento est\u00e1 sujeto a derechos de autor. Aparte de cualquier trato justo con fines de estudio o investigaci\u00f3n privados, ninguna parte puede reproducirse sin el permiso por escrito. El contenido se proporciona \u00fanicamente con fines informativos.<\/p>\n","protected":false},"excerpt":{"rendered":"<p>Los ni\u00f1os, algunos con mascarillas, disfrutan de un carrusel en una feria navide\u00f1a en Bucarest, Rumania, el s\u00e1bado 27 de noviembre de 2021. La capital rumana tendr\u00e1 tres ferias navide\u00f1as abiertas al p\u00fablico en las pr\u00f3ximas semanas y el acceso a los recintos estar\u00e1 condicionado a un pase verde COVID-19, acreditando la vacunaci\u00f3n del titular &hellip; <a href=\"https:\/\/www.biblia.work\/articulos-salud\/oms-europa-los-ninos-en-el-grupo-de-edad-de-5-a-14-anos-muestran-las-tasas-mas-altas-de-covid\/\" class=\"more-link\">Continuar leyendo<span class=\"screen-reader-text\"> \u00abOMS Europa: los ni\u00f1os en el grupo de edad de 5 a 14 a\u00f1os muestran las tasas m\u00e1s altas de COVID\u00bb<\/span><\/a><\/p>\n","protected":false},"author":1,"featured_media":0,"comment_status":"","ping_status":"","sticky":false,"template":"","format":"standard","meta":{"footnotes":""},"categories":[1],"tags":[],"class_list":["post-4955","post","type-post","status-publish","format-standard","hentry","category-general"],"_links":{"self":[{"href":"https:\/\/www.biblia.work\/articulos-salud\/wp-json\/wp\/v2\/posts\/4955","targetHints":{"allow":["GET"]}}],"collection":[{"href":"https:\/\/www.biblia.work\/articulos-salud\/wp-json\/wp\/v2\/posts"}],"about":[{"href":"https:\/\/www.biblia.work\/articulos-salud\/wp-json\/wp\/v2\/types\/post"}],"author":[{"embeddable":true,"href":"https:\/\/www.biblia.work\/articulos-salud\/wp-json\/wp\/v2\/users\/1"}],"replies":[{"embeddable":true,"href":"https:\/\/www.biblia.work\/articulos-salud\/wp-json\/wp\/v2\/comments?post=4955"}],"version-history":[{"count":0,"href":"https:\/\/www.biblia.work\/articulos-salud\/wp-json\/wp\/v2\/posts\/4955\/revisions"}],"wp:attachment":[{"href":"https:\/\/www.biblia.work\/articulos-salud\/wp-json\/wp\/v2\/media?parent=4955"}],"wp:term":[{"taxonomy":"category","embeddable":true,"href":"https:\/\/www.biblia.work\/articulos-salud\/wp-json\/wp\/v2\/categories?post=4955"},{"taxonomy":"post_tag","embeddable":true,"href":"https:\/\/www.biblia.work\/articulos-salud\/wp-json\/wp\/v2\/tags?post=4955"}],"curies":[{"name":"wp","href":"https:\/\/api.w.org\/{rel}","templated":true}]}}