{"id":4959,"date":"2022-08-30T01:08:31","date_gmt":"2022-08-30T06:08:31","guid":{"rendered":"https:\/\/www.biblia.work\/articulos-salud\/nuevos-hallazgos-desafian-las-teorias-anteriores-sobre-la-relacion-entre-dos-elementos-de-la-conciencia\/"},"modified":"2022-08-30T01:08:31","modified_gmt":"2022-08-30T06:08:31","slug":"nuevos-hallazgos-desafian-las-teorias-anteriores-sobre-la-relacion-entre-dos-elementos-de-la-conciencia","status":"publish","type":"post","link":"https:\/\/www.biblia.work\/articulos-salud\/nuevos-hallazgos-desafian-las-teorias-anteriores-sobre-la-relacion-entre-dos-elementos-de-la-conciencia\/","title":{"rendered":"Nuevos hallazgos desaf\u00edan las teor\u00edas anteriores sobre la relaci\u00f3n entre dos elementos de la conciencia"},"content":{"rendered":"<p>Cr\u00e9dito: LuckyStep\/Shutterstock <\/p>\n<p>Cient\u00edficos y fil\u00f3sofos han reflexionado sobre la naturaleza de la conciencia durante siglos. Pero ahora, investigadores de Jap\u00f3n han descubierto nueva informaci\u00f3n que desaf\u00eda las teor\u00edas anteriores sobre la relaci\u00f3n entre dos elementos de la conciencia. <\/p>\n<p>En un estudio publicado este mes en iScience, investigadores de la Universidad de Tsukuba han revelado que cuando se distorsiona la percepci\u00f3n de la autoconciencia corporal, diferentes tipos de recuerdos pueden predecir la recuperaci\u00f3n de la propiedad del cuerpo.<\/p>\n<p>La autoconciencia corporal surge a trav\u00e9s de un proceso de desarrollo en el que la informaci\u00f3n sensorial se integra con las representaciones mentales del cuerpo, y se ha relacionado espec\u00edficamente con la relaci\u00f3n entre la propiedad del cuerpo y la agencia (la sensaci\u00f3n de poder controlar las propias acciones en voluntad). Sin embargo, se sabe poco sobre el desarrollo de la propiedad y la agencia del cuerpo, o c\u00f3mo estos se restauran despu\u00e9s de una lesi\u00f3n, algo que los investigadores de la Universidad de Tsukuba intentaron abordar.<\/p>\n<p>\u00abAclarar c\u00f3mo los aspectos temporales y din\u00e1micos del cuerpo El cambio de la autoconciencia a lo largo del tiempo es crucial para comprender c\u00f3mo se desarrolla\u00bb, dice el autor principal del estudio, el profesor Jun Izawa. \u00abEspec\u00edficamente, la velocidad de la recuperaci\u00f3n adaptativa en el desempe\u00f1o de tareas puede iluminar la relaci\u00f3n entre los ajustes adaptativos a la memoria y la recuperaci\u00f3n de varios aspectos de la autoconciencia corporal\u00bb.<\/p>\n<p>Para examinar esto, los investigadores redujeron la percepci\u00f3n de propiedad del cuerpo y agencia al inducir una distorsi\u00f3n visual mientras los participantes agarraban un objeto en un entorno de realidad virtual. Luego observaron c\u00f3mo los participantes adaptaban sus movimientos a la distorsi\u00f3n durante una secuencia de pruebas, para recuperar su capacidad de realizar la tarea de agarre.<\/p>\n<p>\u00abDescubrimos que la recuperaci\u00f3n de la propiedad del cuerpo estaba asociada con una memoria r\u00e1pida mientras que el de la agencia se asoci\u00f3 principalmente con un proceso de memoria lento\u00bb, explica el profesor Izawa.<\/p>\n<p>Por lo tanto, mientras que la propiedad del cuerpo y la agencia se restauraron simult\u00e1neamente despu\u00e9s de la exposici\u00f3n a la distorsi\u00f3n visomotora, esta recuperaci\u00f3n parece haber sido basado en dos sistemas diferentes para actualizar la memoria, con distintos cursos de tiempo.<\/p>\n<p>\u00abNuestros resultados desaf\u00edan el marco convencional que propone que la propiedad y la agencia del cuerpo existen en diferentes niveles jer\u00e1rquicos de autoconciencia\u00bb, dice el profesor Izawa. \u00abEn cambio, la percepci\u00f3n de causalidad y jerarqu\u00eda entre estos dos elementos puede ser una ilusi\u00f3n resultante del procesamiento neural de flujos paralelos de informaci\u00f3n\u00bb.<\/p>\n<p>Estudios anteriores han indicado que la propiedad y la agencia del cuerpo son distintas, y que pueden estar causalmente relacionados. Sin embargo, esta nueva informaci\u00f3n indica que la relaci\u00f3n entre estos dos sentidos puede no ser tan simple. En cambio, los cambios en la autoconciencia corporal pueden depender de la interacci\u00f3n entre m\u00faltiples procesos de memoria motora en varias escalas de tiempo. Esta informaci\u00f3n podr\u00eda facilitar el desarrollo de tratamientos destinados a recuperar la autoconciencia tras una enfermedad o lesi\u00f3n. <\/p>\n<p>Explore m\u00e1s<\/p>\n<p> Uso del entrenamiento de RV para potenciar el sentido de agencia y mejorar el control motor <strong>M\u00e1s informaci\u00f3n:<\/strong> Ryota Ishikawa et al, El papel de la din\u00e1mica de la memoria motora en la estructuraci\u00f3n de la autoconciencia corporal, iCiencia (2021). DOI: 10.1016\/j.isci.2021.103511 <strong>Informaci\u00f3n de la revista:<\/strong> iScience <\/p>\n<p> Proporcionado por la Universidad de Tsukuba <strong>Cita<\/strong>: Nuevos hallazgos desaf\u00edan las teor\u00edas anteriores sobre la relaci\u00f3n entre dos elementos de consciencia (2021, 8 de diciembre) recuperado el 29 de agosto de 2022 de https:\/\/medicalxpress.com\/news\/2021-12-previous-theories-relationship-elements-consciousness.html Este documento est\u00e1 sujeto a derechos de autor. Aparte de cualquier trato justo con fines de estudio o investigaci\u00f3n privados, ninguna parte puede reproducirse sin el permiso por escrito. El contenido se proporciona \u00fanicamente con fines informativos.<\/p>\n","protected":false},"excerpt":{"rendered":"<p>Cr\u00e9dito: LuckyStep\/Shutterstock Cient\u00edficos y fil\u00f3sofos han reflexionado sobre la naturaleza de la conciencia durante siglos. Pero ahora, investigadores de Jap\u00f3n han descubierto nueva informaci\u00f3n que desaf\u00eda las teor\u00edas anteriores sobre la relaci\u00f3n entre dos elementos de la conciencia. En un estudio publicado este mes en iScience, investigadores de la Universidad de Tsukuba han revelado que &hellip; <a href=\"https:\/\/www.biblia.work\/articulos-salud\/nuevos-hallazgos-desafian-las-teorias-anteriores-sobre-la-relacion-entre-dos-elementos-de-la-conciencia\/\" class=\"more-link\">Continuar leyendo<span class=\"screen-reader-text\"> \u00abNuevos hallazgos desaf\u00edan las teor\u00edas anteriores sobre la relaci\u00f3n entre dos elementos de la conciencia\u00bb<\/span><\/a><\/p>\n","protected":false},"author":1,"featured_media":0,"comment_status":"","ping_status":"","sticky":false,"template":"","format":"standard","meta":{"footnotes":""},"categories":[1],"tags":[],"class_list":["post-4959","post","type-post","status-publish","format-standard","hentry","category-general"],"_links":{"self":[{"href":"https:\/\/www.biblia.work\/articulos-salud\/wp-json\/wp\/v2\/posts\/4959","targetHints":{"allow":["GET"]}}],"collection":[{"href":"https:\/\/www.biblia.work\/articulos-salud\/wp-json\/wp\/v2\/posts"}],"about":[{"href":"https:\/\/www.biblia.work\/articulos-salud\/wp-json\/wp\/v2\/types\/post"}],"author":[{"embeddable":true,"href":"https:\/\/www.biblia.work\/articulos-salud\/wp-json\/wp\/v2\/users\/1"}],"replies":[{"embeddable":true,"href":"https:\/\/www.biblia.work\/articulos-salud\/wp-json\/wp\/v2\/comments?post=4959"}],"version-history":[{"count":0,"href":"https:\/\/www.biblia.work\/articulos-salud\/wp-json\/wp\/v2\/posts\/4959\/revisions"}],"wp:attachment":[{"href":"https:\/\/www.biblia.work\/articulos-salud\/wp-json\/wp\/v2\/media?parent=4959"}],"wp:term":[{"taxonomy":"category","embeddable":true,"href":"https:\/\/www.biblia.work\/articulos-salud\/wp-json\/wp\/v2\/categories?post=4959"},{"taxonomy":"post_tag","embeddable":true,"href":"https:\/\/www.biblia.work\/articulos-salud\/wp-json\/wp\/v2\/tags?post=4959"}],"curies":[{"name":"wp","href":"https:\/\/api.w.org\/{rel}","templated":true}]}}