{"id":4967,"date":"2022-08-30T01:08:45","date_gmt":"2022-08-30T06:08:45","guid":{"rendered":"https:\/\/www.biblia.work\/articulos-salud\/oms-caen-los-casos-semanales-de-covid-en-europa-despues-de-semanas-de-ganancias\/"},"modified":"2022-08-30T01:08:45","modified_gmt":"2022-08-30T06:08:45","slug":"oms-caen-los-casos-semanales-de-covid-en-europa-despues-de-semanas-de-ganancias","status":"publish","type":"post","link":"https:\/\/www.biblia.work\/articulos-salud\/oms-caen-los-casos-semanales-de-covid-en-europa-despues-de-semanas-de-ganancias\/","title":{"rendered":"OMS: Caen los casos semanales de COVID en Europa despu\u00e9s de semanas de ganancias"},"content":{"rendered":"<p>Personas que usan mascarillas para ayudar a frenar la propagaci\u00f3n del virus COVID-19 esperan un tren en una estaci\u00f3n de metro en Lisboa, el martes 7 de diciembre de 2021. A pesar de tener uno de Con las tasas de vacunaci\u00f3n m\u00e1s altas de Europa, con el 86,6% de sus 10,3 millones de personas vacunadas, Portugal est\u00e1 ampliando su respuesta pand\u00e9mica en medio de la aparici\u00f3n de la variante omicron. Cr\u00e9dito: AP Photo\/Armando Franca <\/p>\n<p>La regi\u00f3n europea de la Organizaci\u00f3n Mundial de la Salud ha registrado una leve ca\u00edda tanto en los casos como en las muertes por COVID-19 la semana pasada despu\u00e9s de enfrentar una serie de aumentos semanales. <\/p>\n<p>La agencia de salud de la ONU tambi\u00e9n tom\u00f3 nota de las cifras del Centro Europeo para la Prevenci\u00f3n y el Control de Enfermedades que muestran que, hasta el lunes, los 212 casos confirmados de la variante omicron identificados en 18 pa\u00edses de la Uni\u00f3n Europea hasta ese momento hab\u00edan resultado asintom\u00e1ticos o enfermedad leve. La OMS advirti\u00f3 que su comprensi\u00f3n de la variante omicron \u00abcontinuar\u00e1 evolucionando\u00bb a medida que se obtengan m\u00e1s datos sobre su impacto.<\/p>\n<p>La OMS dijo en su informe epidemiol\u00f3gico semanal publicado el martes por la noche que el n\u00famero semanal de casos nuevos en sus 53 -regi\u00f3n europea del pa\u00eds cay\u00f3 un 2% a m\u00e1s de 2,6 millones de casos nuevos informados durante la \u00faltima semana con Alemania y Gran Breta\u00f1a registrando la mayor\u00eda y 29,000 nuevas muertes durante el per\u00edodo una disminuci\u00f3n del 3% con respecto a la semana anterior.<\/p>\n<p>La incidencia de los casos en Europa hab\u00edan estado aumentando desde mediados de octubre, dijo la OMS.<\/p>\n<p>A nivel mundial, dijo que la incidencia de casos \u00abse estabiliz\u00f3\u00bb durante la \u00faltima semana con m\u00e1s de 4 millones de nuevos casos informados, aunque el recuento de nuevas muertes semanales subi\u00f3 un 10% a m\u00e1s de 52.500. Estados Unidos tuvo la mayor cantidad de casos semanales nuevos, con m\u00e1s de 752\u00a0000, lo que representa un aumento del 30 % con respecto a la cifra de la semana anterior.<\/p>\n<p>Los casos se dispararon en \u00c1frica, que ha tenido, por mucho, la menor cantidad de casos de cualquiera de los pa\u00edses de la OMS. seis regiones hasta ahora en un 79% a m\u00e1s de 6,3 millones de casos en total desde el comienzo de la pandemia. Pero hubo 498 muertes en la regi\u00f3n de \u00c1frica durante la semana, una disminuci\u00f3n del 13 % con respecto a la semana anterior.<\/p>\n<p>En general, la regi\u00f3n de \u00c1frica ha registrado m\u00e1s de 153 000 muertes relacionadas con el COVID-19, en comparaci\u00f3n con m\u00e1s de 1,5 millones en Europa y 2,3 millones en la zona de las Am\u00e9ricas, dijo la OMS.<\/p>\n<p>Es probable que los recuentos de casos verificados y muertes relacionadas con la pandemia subestimen por mucho la cifra real, dijeron las autoridades. <\/p>\n<p>Explore m\u00e1s<\/p>\n<p> OMS: Europa tuvo la mayor\u00eda de los casos y muertes de COVID-19 durante la semana pasada <\/p>\n<p> 2021 The Associated Press. Reservados todos los derechos. Este material no puede ser publicado, transmitido, reescrito o redistribuido sin permiso. <\/p>\n<p> <strong>Cita<\/strong>: OMS: Ca\u00edda semanal de casos de COVID en Europa despu\u00e9s de semanas de ganancias (8 de diciembre de 2021) consultado el 29 de agosto de 2022 en https:\/\/medicalxpress.com\/news\/2021-12- weekly-covid-cases-dip-europe.html Este documento est\u00e1 sujeto a derechos de autor. Aparte de cualquier trato justo con fines de estudio o investigaci\u00f3n privados, ninguna parte puede reproducirse sin el permiso por escrito. El contenido se proporciona \u00fanicamente con fines informativos.<\/p>\n","protected":false},"excerpt":{"rendered":"<p>Personas que usan mascarillas para ayudar a frenar la propagaci\u00f3n del virus COVID-19 esperan un tren en una estaci\u00f3n de metro en Lisboa, el martes 7 de diciembre de 2021. A pesar de tener uno de Con las tasas de vacunaci\u00f3n m\u00e1s altas de Europa, con el 86,6% de sus 10,3 millones de personas vacunadas, &hellip; <a href=\"https:\/\/www.biblia.work\/articulos-salud\/oms-caen-los-casos-semanales-de-covid-en-europa-despues-de-semanas-de-ganancias\/\" class=\"more-link\">Continuar leyendo<span class=\"screen-reader-text\"> \u00abOMS: Caen los casos semanales de COVID en Europa despu\u00e9s de semanas de ganancias\u00bb<\/span><\/a><\/p>\n","protected":false},"author":1,"featured_media":0,"comment_status":"","ping_status":"","sticky":false,"template":"","format":"standard","meta":{"footnotes":""},"categories":[1],"tags":[],"class_list":["post-4967","post","type-post","status-publish","format-standard","hentry","category-general"],"_links":{"self":[{"href":"https:\/\/www.biblia.work\/articulos-salud\/wp-json\/wp\/v2\/posts\/4967","targetHints":{"allow":["GET"]}}],"collection":[{"href":"https:\/\/www.biblia.work\/articulos-salud\/wp-json\/wp\/v2\/posts"}],"about":[{"href":"https:\/\/www.biblia.work\/articulos-salud\/wp-json\/wp\/v2\/types\/post"}],"author":[{"embeddable":true,"href":"https:\/\/www.biblia.work\/articulos-salud\/wp-json\/wp\/v2\/users\/1"}],"replies":[{"embeddable":true,"href":"https:\/\/www.biblia.work\/articulos-salud\/wp-json\/wp\/v2\/comments?post=4967"}],"version-history":[{"count":0,"href":"https:\/\/www.biblia.work\/articulos-salud\/wp-json\/wp\/v2\/posts\/4967\/revisions"}],"wp:attachment":[{"href":"https:\/\/www.biblia.work\/articulos-salud\/wp-json\/wp\/v2\/media?parent=4967"}],"wp:term":[{"taxonomy":"category","embeddable":true,"href":"https:\/\/www.biblia.work\/articulos-salud\/wp-json\/wp\/v2\/categories?post=4967"},{"taxonomy":"post_tag","embeddable":true,"href":"https:\/\/www.biblia.work\/articulos-salud\/wp-json\/wp\/v2\/tags?post=4967"}],"curies":[{"name":"wp","href":"https:\/\/api.w.org\/{rel}","templated":true}]}}