{"id":4983,"date":"2022-08-30T01:09:12","date_gmt":"2022-08-30T06:09:12","guid":{"rendered":"https:\/\/www.biblia.work\/articulos-salud\/sintomas-de-trastornos-alimentarios-y-autolesiones-relacionados-con-niveles-mas-altos-de-depresion-y-ansiedad-durante-la-pandemia-de-covid-19\/"},"modified":"2022-08-30T01:09:12","modified_gmt":"2022-08-30T06:09:12","slug":"sintomas-de-trastornos-alimentarios-y-autolesiones-relacionados-con-niveles-mas-altos-de-depresion-y-ansiedad-durante-la-pandemia-de-covid-19","status":"publish","type":"post","link":"https:\/\/www.biblia.work\/articulos-salud\/sintomas-de-trastornos-alimentarios-y-autolesiones-relacionados-con-niveles-mas-altos-de-depresion-y-ansiedad-durante-la-pandemia-de-covid-19\/","title":{"rendered":"S\u00edntomas de trastornos alimentarios y autolesiones relacionados con niveles m\u00e1s altos de depresi\u00f3n y ansiedad durante la pandemia de COVID-19"},"content":{"rendered":"<p>Cronolog\u00eda de las evaluaciones de ALSPAC. NEET No en educaci\u00f3n, empleo o capacitaci\u00f3n. El texto gris indica el nombre del cuestionario ALSPAC. Cr\u00e9dito: DOI: 10.1186\/s40337-021-00510-9 <\/p>\n<p>Los adultos j\u00f3venes con antecedentes de autolesiones o trastornos de la alimentaci\u00f3n informaron niveles m\u00e1s altos de depresi\u00f3n y ansiedad durante la pandemia, incluso cuando las restricciones hab\u00edan disminuido, seg\u00fan una nueva investigaci\u00f3n. <\/p>\n<p>El estudio, dirigido por la Universidad de Bristol y financiado por el Instituto Elizabeth Blackwell, el Consejo de Investigaci\u00f3n M\u00e9dica y la Fundaci\u00f3n de Investigaci\u00f3n M\u00e9dica, se public\u00f3 en el Journal of Eating Disorders. Examin\u00f3 la informaci\u00f3n del cuestionario de 2657 personas del estudio de salud de renombre mundial Children of the 90s (tambi\u00e9n conocido como el Estudio Longitudinal de Padres e Hijos de Avon) antes y durante la pandemia de COVID-19.<\/p>\n<p>Los investigadores analizaron la relaci\u00f3n entre informes previos de s\u00edntomas de trastornos alimentarios y autolesiones antes de la pandemia, y problemas de salud mental (s\u00edntomas de depresi\u00f3n y ansiedad) y bienestar mental durante la pandemia de COVID-19. El estudio tambi\u00e9n evalu\u00f3 si los cambios en el estilo de vida, como dormir m\u00e1s, t\u00e9cnicas de relajaci\u00f3n o visitar espacios verdes, podr\u00edan estar relacionados con la salud mental y el bienestar en adultos j\u00f3venes con y sin s\u00edntomas previos de trastornos alimentarios o autolesiones.<\/p>\n<p>Los investigadores estudiaron los datos del cuestionario de 2017, cuando los participantes ten\u00edan entonces 25 a\u00f1os, as\u00ed como los datos tomados durante la pandemia en 2020.<\/p>\n<p>A los 25 a\u00f1os, el 32 % de los 2657 adultos j\u00f3venes informaron al menos un s\u00edntoma de trastorno alimentario, el 9 % inform\u00f3 autolesiones y el 5,5 % inform\u00f3 tanto un s\u00edntoma de trastorno alimentario como autolesiones en el \u00faltimo a\u00f1o.<\/p>\n<p>Durante la pandemia, aquellos con s\u00edntomas de trastornos alimentarios previamente informados y\/o autolesiones ten\u00edan m\u00e1s s\u00edntomas de depresi\u00f3n y ansiedad, y peor bienestar mental, en comparaci\u00f3n con las personas sin s\u00edntomas previos. Este sigui\u00f3 siendo el caso despu\u00e9s de ajustar sus niveles previos a la pandemia de depresi\u00f3n, ansiedad y bienestar mental.<\/p>\n<p>Los cambios en el estilo de vida parecieron tener poco efecto sobre el aumento del riesgo de problemas de salud mental en aquellos con s\u00edntomas previos de trastornos alimentarios o autolesiones.<\/p>\n<p>La autora principal, la Dra. Naomi Warne, investigadora asociada s\u00e9nior del Centro de Salud Mental Acad\u00e9mica de la Universidad, dijo: \u00abLos trastornos alimentarios y las autolesiones son problemas de salud mental comunes y preocupantes entre los adultos j\u00f3venes. En el Reino Unido, aproximadamente 1,25 millones de personas viven con un trastorno alimentario y casi 1 de cada 15 adultos reportan autolesiones.<\/p>\n<p>\u00abNuestra investigaci\u00f3n ha destacado que las personas con autolesiones previas y s\u00edntomas de trastornos alimentarios son un riesgo clave Se necesita m\u00e1s investigaci\u00f3n longitudinal para comprender su salud mental en curso, as\u00ed como los factores de riesgo y protecci\u00f3n.<\/p>\n<p>\u00abLas personas con s\u00edntomas previos de trastornos alimentarios y autolesiones deben considerarse vulnerables a la depresi\u00f3n y la ansiedad. durante la pandemia y m\u00e1s all\u00e1. La financiaci\u00f3n para la prestaci\u00f3n de servicios r\u00e1pidos y receptivos es esencial para reducir el impacto de la pandemia en las personas con problemas de salud mental\u00bb. <\/p>\n<p>Explore m\u00e1s<\/p>\n<p> Uno de cada cuatro adultos con depresi\u00f3n o ansiedad careci\u00f3 de apoyo de salud mental durante la pandemia <strong> M\u00e1s informaci\u00f3n:<\/strong> Naomi Warne et al, Trastornos alimentarios y autolesiones como factores de riesgo para una salud mental m\u00e1s deficiente durante la pandemia de COVID-19: un estudio de cohortes de nacimiento en el Reino Unido, Journal of Eating Disorders (2021). DOI: 10.1186\/s40337-021-00510-9 Proporcionado por la Universidad de Bristol <strong>Cita<\/strong>: S\u00edntomas de trastornos alimentarios y autolesiones relacionados con niveles m\u00e1s altos de depresi\u00f3n y ansiedad durante la pandemia de COVID-19 (8 de diciembre de 2021) recuperado 29 de agosto de 2022 de https:\/\/medicalxpress.com\/news\/2021-12-disorder-symptoms-self-harm-linked-higher.html Este documento est\u00e1 sujeto a derechos de autor Adem\u00e1s de cualquier trato justo con fines de estudio privado o investigaci\u00f3n, ninguna parte puede ser reproducida sin el permiso por escrito. nt se proporciona \u00fanicamente con fines informativos.<\/p>\n","protected":false},"excerpt":{"rendered":"<p>Cronolog\u00eda de las evaluaciones de ALSPAC. NEET No en educaci\u00f3n, empleo o capacitaci\u00f3n. El texto gris indica el nombre del cuestionario ALSPAC. Cr\u00e9dito: DOI: 10.1186\/s40337-021-00510-9 Los adultos j\u00f3venes con antecedentes de autolesiones o trastornos de la alimentaci\u00f3n informaron niveles m\u00e1s altos de depresi\u00f3n y ansiedad durante la pandemia, incluso cuando las restricciones hab\u00edan disminuido, seg\u00fan &hellip; <a href=\"https:\/\/www.biblia.work\/articulos-salud\/sintomas-de-trastornos-alimentarios-y-autolesiones-relacionados-con-niveles-mas-altos-de-depresion-y-ansiedad-durante-la-pandemia-de-covid-19\/\" class=\"more-link\">Continuar leyendo<span class=\"screen-reader-text\"> \u00abS\u00edntomas de trastornos alimentarios y autolesiones relacionados con niveles m\u00e1s altos de depresi\u00f3n y ansiedad durante la pandemia de COVID-19\u00bb<\/span><\/a><\/p>\n","protected":false},"author":1,"featured_media":0,"comment_status":"","ping_status":"","sticky":false,"template":"","format":"standard","meta":{"footnotes":""},"categories":[1],"tags":[],"class_list":["post-4983","post","type-post","status-publish","format-standard","hentry","category-general"],"_links":{"self":[{"href":"https:\/\/www.biblia.work\/articulos-salud\/wp-json\/wp\/v2\/posts\/4983","targetHints":{"allow":["GET"]}}],"collection":[{"href":"https:\/\/www.biblia.work\/articulos-salud\/wp-json\/wp\/v2\/posts"}],"about":[{"href":"https:\/\/www.biblia.work\/articulos-salud\/wp-json\/wp\/v2\/types\/post"}],"author":[{"embeddable":true,"href":"https:\/\/www.biblia.work\/articulos-salud\/wp-json\/wp\/v2\/users\/1"}],"replies":[{"embeddable":true,"href":"https:\/\/www.biblia.work\/articulos-salud\/wp-json\/wp\/v2\/comments?post=4983"}],"version-history":[{"count":0,"href":"https:\/\/www.biblia.work\/articulos-salud\/wp-json\/wp\/v2\/posts\/4983\/revisions"}],"wp:attachment":[{"href":"https:\/\/www.biblia.work\/articulos-salud\/wp-json\/wp\/v2\/media?parent=4983"}],"wp:term":[{"taxonomy":"category","embeddable":true,"href":"https:\/\/www.biblia.work\/articulos-salud\/wp-json\/wp\/v2\/categories?post=4983"},{"taxonomy":"post_tag","embeddable":true,"href":"https:\/\/www.biblia.work\/articulos-salud\/wp-json\/wp\/v2\/tags?post=4983"}],"curies":[{"name":"wp","href":"https:\/\/api.w.org\/{rel}","templated":true}]}}