{"id":4985,"date":"2022-08-30T01:09:16","date_gmt":"2022-08-30T06:09:16","guid":{"rendered":"https:\/\/www.biblia.work\/articulos-salud\/covid-19-se-propago-sin-ser-detectado-en-ee-uu-y-europa-antes-de-lo-que-se-creia-estudio\/"},"modified":"2022-08-30T01:09:16","modified_gmt":"2022-08-30T06:09:16","slug":"covid-19-se-propago-sin-ser-detectado-en-ee-uu-y-europa-antes-de-lo-que-se-creia-estudio","status":"publish","type":"post","link":"https:\/\/www.biblia.work\/articulos-salud\/covid-19-se-propago-sin-ser-detectado-en-ee-uu-y-europa-antes-de-lo-que-se-creia-estudio\/","title":{"rendered":"COVID-19 se propag\u00f3 sin ser detectado en EE. UU. y Europa antes de lo que se cre\u00eda: estudio"},"content":{"rendered":"<p>Fig. 1: Imagen inicial del brote de COVID-19 en Europa y EE. UU. a, Cronolog\u00edas de los casos diarios notificados y confirmados de COVID-19 en Europa (izquierda) y EE. UU. (derecha). BEL, B\u00e9lgica; ESP, Espa\u00f1a; UE, Uni\u00f3n Europea; FIN, Finlandia; FRA, Francia; GER, Alemania; ITA, Italia; SUE; Suecia. b, Estimaciones basadas en modelos para el n\u00famero diario de nuevas infecciones en Europa (izquierda) y EE. UU. (derecha). Las estimaciones del modelo informadas son los valores medianos con el IQR obtenidos con un m\u00e9todo de calibraci\u00f3n ABC usando n=200,000 realizaciones de modelos independientes. Los gr\u00e1ficos insertados comparan la incidencia semanal de casos notificados con la mediana de la incidencia semanal de infecciones estimada por el modelo para la semana del 8 al 4 de marzo de 2020 para los estados contiguos de EE. UU. y los pa\u00edses europeos que notificaron al menos un caso (Europa, n=30; Estados Unidos, n=48). El tama\u00f1o del c\u00edrculo corresponde al tama\u00f1o de la poblaci\u00f3n de cada estado y pa\u00eds. Las correlaciones se calcularon utilizando el coeficiente de correlaci\u00f3n de Pearson con un valor de P bilateral (Europa: = 0,80, P &lt; 0,001; EE. UU.: = 0,79, P &lt; 0,001). c, La probabilidad de que una ciudad en Europa (izquierda) y EE. UU. (derecha) haya generado al menos 100 infecciones acumuladas para el 21 de febrero de 2020. El color y el tama\u00f1o del c\u00edrculo son proporcionales a la probabilidad. Cr\u00e9dito: DOI: 10.1038\/s41586-021-04130-w <\/p>\n<p>La transmisi\u00f3n local de COVID-19 estaba en marcha en California, Nueva York, Florida y Texas mucho antes del primer caso reportado en EE. UU. en el estado de Washington el 20 de enero de 2020, seg\u00fan a un nuevo estudio publicado en Nature, que indica que el virus se propag\u00f3 mucho antes y m\u00e1s r\u00e1pido en los Estados Unidos y Europa de lo que se pensaba. <\/p>\n<p>Los autores, un equipo internacional de expertos en transmisi\u00f3n de enfermedades infecciosas, incluido Ira Longini, Ph.D., profesor de bioestad\u00edstica en la Facultad de Salud P\u00fablica y Profesiones de la Salud y la Facultad de Medicina de la Universidad de Florida, concluyen que la estrechez de la Los criterios iniciales de prueba de COVID-19, junto con la vigilancia limitada y la disponibilidad de pruebas, permitieron que el virus circulara sin ser detectado durante semanas. La transmisi\u00f3n comunitaria era probable en varias \u00e1reas de Europa y EE. UU. en diciembre de 2019 y enero de 2020, escriben, y a principios de marzo, los sistemas de vigilancia solo detectaron de 1 a 3 de cada 100 infecciones.<\/p>\n<p>Reconstrucci\u00f3n de los primeros La propagaci\u00f3n inadvertida de COVID-19 no es solo un ejercicio acad\u00e9mico interesante, dijo Longini, sino que ofrece informaci\u00f3n importante para ayudar a los pa\u00edses a prepararse para futuros brotes de variantes de COVID-19, como omicron, o amenazas de enfermedades infecciosas emergentes.<\/p>\n<p>\u00abNuestro modelo hace posible proyectar r\u00e1pidamente el tama\u00f1o y la ruta de una epidemia emergente mucho antes de lo que uno pensar\u00eda\u00bb, dijo Longini, miembro del Instituto de Pat\u00f3genos Emergentes de la UF. \u00abCon esa informaci\u00f3n, se pueden implementar intervenciones epidemiol\u00f3gicas, como vigilancia y contenci\u00f3n, para mitigar la transmisi\u00f3n a escala local\u00bb.<\/p>\n<p>El equipo utiliz\u00f3 un modelo estad\u00edstico conocido como proyecto Global Epidemic and Mobility, o GLEAM, para rastrear la primera ola de COVID-19 en EE. UU. y Europa. GLEAM separa el mundo en 3200 subpoblaciones centradas en centros de transporte en 200 ciudades para modelar posibles escenarios epid\u00e9micos, y est\u00e1 calibrado con datos del mundo real sobre factores como flujos de tr\u00e1fico de transporte a\u00e9reo y terrestre, demograf\u00eda de la poblaci\u00f3n, din\u00e1mica de enfermedades, comportamientos y el momento de intervenciones, incluidos los cierres.<\/p>\n<p>Los cient\u00edficos utilizaron GLEAM al principio de la pandemia para analizar la propagaci\u00f3n de COVID-19 en China y concluyeron que las restricciones de viaje desde Wuhan pueden haber retrasado la propagaci\u00f3n del virus a China continental por unos pocos d\u00edas. Los hallazgos del nuevo estudio refuerzan los l\u00edmites de las restricciones de viaje para detener la propagaci\u00f3n de enfermedades infecciosas.<\/p>\n<p>\u00abLas prohibiciones de viaje no funcionan; siempre llegan demasiado tarde\u00bb, dijo Longini. \u00abEn el momento en que un pa\u00eds implementa una prohibici\u00f3n, la enfermedad ya se est\u00e1 propagando en ese pa\u00eds. Esto probablemente sea cierto actualmente para la variante omicron de COVID-19 que preocupa, que se encuentra en muchos lugares fuera del sur de \u00c1frica\u00bb.<\/p>\n<p>Lo que s\u00ed funciona al comienzo de un brote, dijo Longini, es una buena vigilancia y la implementaci\u00f3n r\u00e1pida de medidas de contenci\u00f3n. En el caso de COVID-19, por ejemplo, la enfermedad tiene algunas caracter\u00edsticas distintivas, como la p\u00e9rdida del gusto y el olfato, y el monitoreo de datos sobre los s\u00edntomas informados podr\u00eda haber ayudado a los funcionarios de salud p\u00fablica a identificar \u00e1reas de transmisi\u00f3n local. Luego, el uso de pruebas de reacci\u00f3n en cadena de la polimerasa, o PCR, tan pronto como est\u00e9n disponibles, junto con intervenciones no farmac\u00e9uticas, como el uso de m\u00e1scaras, distanciamiento f\u00edsico, posibles bloqueos y aislamiento de casos y cuarentena de contactos cercanos, puede reducir dr\u00e1sticamente la transmisi\u00f3n. .<\/p>\n<p>\u00abEso se puede hacer con s\u00f3lo la epidemiolog\u00eda b\u00e1sica del cuero del zapato y una buena vigilancia de enfermedades infecciosas\u00bb, dijo Longini. \u00abPero debe saber d\u00f3nde buscar y d\u00f3nde implementarlo. Hemos demostrado que es anal\u00edticamente posible pronosticar la propagaci\u00f3n temprana con las herramientas adecuadas. Hemos desarrollado el modelo y los m\u00e9todos para hacerlo, de modo que la pr\u00f3xima vez podamos proyectar hacia adelante y usar esa informaci\u00f3n para coordinar estrategias de control temprano antes de que tengamos tratamientos y vacunas\u00bb. <\/p>\n<p>Explore m\u00e1s<\/p>\n<p> Especialista en enfermedades infecciosas insta a las vacunas para combatir las variantes de COVID-19 <strong>M\u00e1s informaci\u00f3n:<\/strong> Jessica T. Davis et al, Cryptic Transmission of SARS-CoV-2 and the first COVID- 19 ola, Naturaleza (2021). DOI: 10.1038\/s41586-021-04130-w <strong>Informaci\u00f3n del diario:<\/strong> Nature <\/p>\n<p> Proporcionado por la Universidad de Florida <strong>Cita<\/strong>: COVID-19 se propag\u00f3 sin ser detectado en EE. UU., Europa antes de lo que se cree: estudio (8 de diciembre de 2021) recuperado el 29 de agosto de 2022 de https:\/\/medicalxpress.com\/news\/2021-12-covid-undetected-europe-earlier-believed.html Este documento est\u00e1 sujeto a derechos de autor. Aparte de cualquier trato justo con fines de estudio o investigaci\u00f3n privados, ninguna parte puede reproducirse sin el permiso por escrito. El contenido se proporciona \u00fanicamente con fines informativos.<\/p>\n","protected":false},"excerpt":{"rendered":"<p>Fig. 1: Imagen inicial del brote de COVID-19 en Europa y EE. UU. a, Cronolog\u00edas de los casos diarios notificados y confirmados de COVID-19 en Europa (izquierda) y EE. UU. (derecha). BEL, B\u00e9lgica; ESP, Espa\u00f1a; UE, Uni\u00f3n Europea; FIN, Finlandia; FRA, Francia; GER, Alemania; ITA, Italia; SUE; Suecia. b, Estimaciones basadas en modelos para el &hellip; <a href=\"https:\/\/www.biblia.work\/articulos-salud\/covid-19-se-propago-sin-ser-detectado-en-ee-uu-y-europa-antes-de-lo-que-se-creia-estudio\/\" class=\"more-link\">Continuar leyendo<span class=\"screen-reader-text\"> \u00abCOVID-19 se propag\u00f3 sin ser detectado en EE. UU. y Europa antes de lo que se cre\u00eda: estudio\u00bb<\/span><\/a><\/p>\n","protected":false},"author":1,"featured_media":0,"comment_status":"","ping_status":"","sticky":false,"template":"","format":"standard","meta":{"footnotes":""},"categories":[1],"tags":[],"class_list":["post-4985","post","type-post","status-publish","format-standard","hentry","category-general"],"_links":{"self":[{"href":"https:\/\/www.biblia.work\/articulos-salud\/wp-json\/wp\/v2\/posts\/4985","targetHints":{"allow":["GET"]}}],"collection":[{"href":"https:\/\/www.biblia.work\/articulos-salud\/wp-json\/wp\/v2\/posts"}],"about":[{"href":"https:\/\/www.biblia.work\/articulos-salud\/wp-json\/wp\/v2\/types\/post"}],"author":[{"embeddable":true,"href":"https:\/\/www.biblia.work\/articulos-salud\/wp-json\/wp\/v2\/users\/1"}],"replies":[{"embeddable":true,"href":"https:\/\/www.biblia.work\/articulos-salud\/wp-json\/wp\/v2\/comments?post=4985"}],"version-history":[{"count":0,"href":"https:\/\/www.biblia.work\/articulos-salud\/wp-json\/wp\/v2\/posts\/4985\/revisions"}],"wp:attachment":[{"href":"https:\/\/www.biblia.work\/articulos-salud\/wp-json\/wp\/v2\/media?parent=4985"}],"wp:term":[{"taxonomy":"category","embeddable":true,"href":"https:\/\/www.biblia.work\/articulos-salud\/wp-json\/wp\/v2\/categories?post=4985"},{"taxonomy":"post_tag","embeddable":true,"href":"https:\/\/www.biblia.work\/articulos-salud\/wp-json\/wp\/v2\/tags?post=4985"}],"curies":[{"name":"wp","href":"https:\/\/api.w.org\/{rel}","templated":true}]}}