{"id":4988,"date":"2022-08-30T01:09:21","date_gmt":"2022-08-30T06:09:21","guid":{"rendered":"https:\/\/www.biblia.work\/articulos-salud\/austria-terminara-el-confinamiento-el-domingo-pero-no-para-los-no-vacunados\/"},"modified":"2022-08-30T01:09:21","modified_gmt":"2022-08-30T06:09:21","slug":"austria-terminara-el-confinamiento-el-domingo-pero-no-para-los-no-vacunados","status":"publish","type":"post","link":"https:\/\/www.biblia.work\/articulos-salud\/austria-terminara-el-confinamiento-el-domingo-pero-no-para-los-no-vacunados\/","title":{"rendered":"Austria terminar\u00e1 el confinamiento el domingo, pero no para los no vacunados"},"content":{"rendered":"<p>El nuevo canciller del Partido Popular, Karl Nehammer, a la izquierda, y su predecesor, Alexander Schallenberg, llegan para la ceremonia de juramentaci\u00f3n en el Palacio Hofburg en Viena, Austria, el lunes 6 de diciembre de 2021. Credit: AP Photo\/Lisa Leutner <\/p>\n<p>El cuarto confinamiento nacional de Austria por la pandemia terminar\u00e1 el domingo, pero las restricciones de confinamiento se mantendr\u00e1n para las personas no vacunadas, dijo el mi\u00e9rcoles el nuevo canciller del pa\u00eds. <\/p>\n<p>El canciller Karl Nehammer dijo que el fin del confinamiento ser\u00e1 una \u00abapertura con el cintur\u00f3n de seguridad\u00bb, lo que significa que algunas medidas, como la obligaci\u00f3n de usar m\u00e1scaras en el transporte p\u00fablico y dentro de las tiendas y los espacios p\u00fablicos, se mantendr\u00e1n tambi\u00e9n para las personas vacunadas o se han recuperado de COVID-19. Tambi\u00e9n habr\u00e1 un toque de queda a las 11 p. m. para restaurantes y l\u00edmites en la cantidad de personas que asisten a eventos culturales.<\/p>\n<p>Las regiones que se ven especialmente afectadas por la pandemia pueden implementar medidas m\u00e1s estrictas de manera independiente, dijo Nehammer.<\/p>\n<p>Nehammer enfatiz\u00f3 que las personas no vacunadas podr\u00edan poner fin a sus encierros de inmediato al recibir la vacuna, pero tambi\u00e9n reconoci\u00f3 que \u00abtodav\u00eda se necesita mucho convencimiento para que aquellos que a\u00fan no han sido vacunados\u00bb.<\/p>\n<p> \u00abEl bloqueo para los no vacunados contin\u00faa. Tambi\u00e9n entiendo que las personas afectadas se sientan agraviadas\u00bb, dijo Nehammer a los periodistas en Viena. \u00abAl mismo tiempo, existe la oferta de la ciencia de que, al vacunarse, estos problemas se pueden dejar de lado r\u00e1pidamente y luego la libertad com\u00fan se puede vivir juntos\u00bb.<\/p>\n<p> Una persona camina junto a un mercado navide\u00f1o cerrado en Viena. , Austria, martes 30 de noviembre de 2021. A medida que los pa\u00edses cierran sus puertas a los turistas extranjeros o vuelven a imponer restricciones debido a la nueva variante omicron del coronavirus, el turismo que reci\u00e9n estaba encontrando su equilibrio nuevamente podr\u00eda enfrentar otra importante desaceleraci\u00f3n pand\u00e9mica en medio de la incertidumbre sobre la nueva cepa. Cr\u00e9dito: AP Photo\/Lisa Leutner, archivo <\/p>\n<p>Austria tiene una tasa de vacunaci\u00f3n relativamente baja para Europa Occidental, con solo el 67,7% de la poblaci\u00f3n completamente vacunada. Decenas de miles han protestado en toda la naci\u00f3n alpina en las \u00faltimas semanas contra el confinamiento y el pr\u00f3ximo mandato de vacunaci\u00f3n.<\/p>\n<p>El gobierno anunci\u00f3 el mes pasado que implementar\u00eda un mandato de vacunaci\u00f3n a principios del pr\u00f3ximo a\u00f1o y dijo el mi\u00e9rcoles que los detalles sobre el las vacunas obligatorias se presentar\u00e1n m\u00e1s adelante esta semana.<\/p>\n<p>Bajo el confinamiento, que comenz\u00f3 el 22 de noviembre, a las personas se les permit\u00eda salir de sus hogares solo por motivos espec\u00edficos, como comprar comestibles, ir al m\u00e9dico o hacer ejercicio. Las guarder\u00edas y las escuelas permanecieron abiertas para aquellos que las necesitan, pero se les pidi\u00f3 a los padres que mantuvieran a los ni\u00f1os en casa si era posible.<\/p>\n<p>La tasa de infecci\u00f3n de siete d\u00edas del pa\u00eds se redujo a la mitad durante el cierre. Se situ\u00f3 en 535,6 casos por cada 100\u00a0000 residentes el martes, por debajo de los m\u00e1s de 1100 del d\u00eda en que comenz\u00f3 el confinamiento.<\/p>\n<ul>\n<li data-thumb=\"https:\/\/scx1.b-cdn.net\/csz \/news\/tmb\/2021\/austria-to-fin-lockdow-2.jpg\" data-src=\"https:\/\/scx2.b-cdn.net\/gfx\/news\/hires\/2021\/austria-to-fin- lockdow-2.jpg\" data-sub-html=\"El nuevo canciller austriaco, Karl Nehammer, habla en una conferencia de prensa sobre sus pr\u00f3ximos planes para las pr\u00f3ximas semanas en Viena, Austria, el martes 7 de diciembre de 2021. Credit: Foto AP\/ Lisa Leutner\"> El nuevo canciller austriaco, Karl Nehammer, habla en una conferencia de prensa sobre sus pr\u00f3ximos planes para las pr\u00f3ximas semanas en Viena, Austria, el martes 7 de diciembre de 2021. Credit: AP Photo\/Lisa Leutner <\/li>\n<li data-src=\"https:\/\/scx2.b-cdn .net\/gfx\/news\/hires\/2021\/austria-to-end-lockdow-3.jpg\" data-sub-html=\"Una persona va en bicicleta por el Canal del Danubio durante el confinamiento en Viena, Austria, el martes, dic. 7, 2021. Un graffiti en la pared en la parte de atr\u00e1s dice 'mi cuerpo, mi elecci\u00f3n'. Credit: AP Photo\/Lisa Leutner\"> Una persona va en bicicleta por el canal del Danubio durante el confinamiento en Viena, Austria, el martes 7 de diciembre de 2021. Un grafiti en la pared de atr\u00e1s dice \u00abmi cuerpo, mi elecci\u00f3n\u00bb. Cr\u00e9dito: AP Photo\/Lisa Leutner <\/li>\n<li data-thumb=\"https:\/\/scx1.b-cdn.net\/csz\/news\/tmb\/2021\/austria-to-end-lockdow-4.jpg \" data-src=\"https:\/\/scx2.b-cdn.net\/gfx\/news\/hires\/2021\/austria-to-end-lockdow-4.jpg\" data-sub-html=\"Un ni\u00f1o la mira tirita despu\u00e9s de recibir la vacuna contra el virus COVID-19 en Tulln, una ciudad cercana a Viena, Austria, el mi\u00e9rcoles 1 de diciembre de 2021. El cierre de Austria se extendi\u00f3 oficialmente hasta el 11 de diciembre como estaba previsto en medio de se\u00f1ales de que las medidas est\u00e1n ayudando para reducir una tasa de infecci\u00f3n por coronavirus alt\u00edsima. Un comit\u00e9 parlamentario aprob\u00f3 el martes la extensi\u00f3n del cuarto confinamiento nacional del pa\u00eds por la pandemia que comenz\u00f3 el 22 de noviembre. Credit: AP Photo\/Lisa Leutner\"> Una ni\u00f1a mira su curita despu\u00e9s de recibir la vacuna contra el COVID-19 virus en Tulln, una ciudad cercana a Viena, Austria, el mi\u00e9rcoles 1 de diciembre de 2021. El bloqueo de Austria se extendi\u00f3 oficialmente hasta el 11 de diciembre como estaba previsto en medio de se\u00f1ales de que las medidas est\u00e1n ayudando a reducir una tasa de infecci\u00f3n por coronavirus alt\u00edsima. Un comit\u00e9 parlamentario aprob\u00f3 el martes la extensi\u00f3n del cuarto confinamiento nacional del pa\u00eds por la pandemia que comenz\u00f3 el 22 de noviembre. Credit: AP Photo\/Lisa Leutner <\/li>\n<li data-thumb=\"https:\/\/scx1.b -cdn.net\/csz\/news\/tmb\/2021\/austria-to-end-lockdow-5.jpg\" data-src=\"https:\/\/scx2.b-cdn.net\/gfx\/news\/hires\/2021\/ austria-to-end-lockdow-5.jpg\" data-sub-html=\"Un ni\u00f1o recibe la vacuna contra el virus COVID-19 en Tulln, una ciudad cercana a Viena, Austria, el mi\u00e9rcoles 1 de diciembre de 2021. A El confinamiento de Austria se extendi\u00f3 oficialmente hasta el 11 de diciembre como estaba previsto, en medio de se\u00f1ales de que las medidas est\u00e1n ayudando a reducir una tasa de infecci\u00f3n por coronavirus alt\u00edsima. Un comit\u00e9 parlamentario aprob\u00f3 el martes la extensi\u00f3n del cuarto confinamiento nacional del pa\u00eds por la pandemia que comenz\u00f3 el 22 de noviembre. Credit: AP Photo\/Lisa Leutner\"> Un ni\u00f1o recibe la vacuna contra el virus COVID-19 en Tulln, una ciudad cerca de Viena, Austria, el mi\u00e9rcoles 1 de diciembre de 2021. El bloqueo de Austria se extendi\u00f3 oficialmente hasta el 11 de diciembre como estaba previsto en medio de se\u00f1ales de que las medidas est\u00e1n ayudando a reducir una tasa de infecci\u00f3n por coronavirus alt\u00edsima. sobre la extensi\u00f3n del cuarto confinamiento nacional del pa\u00eds por la pandemia que comenz\u00f3 el 22 de noviembre. Credit: AP Photo\/Lisa Leutner <\/li>\n<li data-thumb=\"https:\/\/scx1.b-cdn.net\/csz \/news\/tmb\/2021\/austria-to-fin-lockdow-6.jpg\" data-src=\"https:\/\/scx2.b-cdn.net\/gfx\/news\/hires\/2021\/austria-to-fin- lockdow-6.jpg\" data-sub-html=\"El nuevo canciller austriaco, Karl Nehammer, habla en una conferencia de prensa sobre sus planes para las pr\u00f3ximas semanas en Viena, Austria, el martes 7 de diciembre de 2021. Austria' El nuevo canciller dice que el cuarto cierre nacional del pa\u00eds terminar\u00e1 el domingo 12 de diciembre de 2021, pero que las restricciones de cierre permanecer\u00e1n vigentes para los no vacunados. Credit: AP Photo\/Lisa Leutner, File\"> El nuevo canciller de Austria, Karl Nehammer, habla en una conferencia de prensa sobre sus planes para las pr\u00f3ximas semanas en Viena, Austria, el martes 7 de diciembre de 2021. El nuevo canciller de Austria dice que el cuarto nacional del pa\u00eds el confinamiento terminar\u00e1 el domingo 12 de diciembre de 2021, pero las restricciones del confinamiento permanecer\u00e1n vigentes para los no vacunados. Credit: AP Photo\/Lisa Leutner, archivo <\/li>\n<li data-thumb=\"https:\/\/scx1.b -cdn.net\/csz\/news\/tmb\/2021\/austria-to-end-lockdow-7.jpg\" data-src=\"https:\/\/scx2.b-cdn.net\/gfx\/news\/hires\/2021\/ austria-to-end-lockdow-7.jpg\" data-sub-html=\"El \u00e1rbol de Navidad del mercado navide\u00f1o cerrado se refleja en un charco en Innsbruck, Austria, el lunes 29 de noviembre de 2021. Mientras los pa\u00edses cierran sus puertas a los turistas extranjeros o reimponer restricciones debido a la nueva variante omicron del coronavirus, el turismo que reci\u00e9n estaba encontrando su equilibrio nuevamente podr\u00eda enfrentar otra gran desaceleraci\u00f3n pand\u00e9mica en medio de la incertidumbre sobre la nueva cepa. Cr\u00e9dito: Foto\/Michael Probst, Archivo\"> El \u00e1rbol de Navidad del mercado navide\u00f1o cerrado se refleja en un charco en Innsbruck, Austria, el lunes 29 de noviembre de 2021. Mientras los pa\u00edses cierran sus puertas a los turistas extranjeros o vuelven a imponer restricciones debido a la nueva variante omicron del coronavirus, el turismo que reci\u00e9n estaba encontrando su equilibrio nuevamente podr\u00eda enfrentar otra desaceleraci\u00f3n pand\u00e9mica importante en medio de la incertidumbre sobre la nueva cepa. Credit: Photo\/Michael Probst, File <\/li>\n<\/ul>\n<p>Nehammer fue jur\u00f3 el lunes como el tercer canciller de Austria en dos meses, coronando una ronda de agitaci\u00f3n provocada por la decisi\u00f3n la semana pasada de Sebastian Kurz, la figura pol\u00edtica dominante del pa\u00eds en los \u00faltimos a\u00f1os, de retirarse de la pol\u00edtica.<\/p>\n<p>Nehammer, De 49 a\u00f1os, ha sido ministro del Interior de Austria desde principios de 2020. Tambi\u00e9n asumir\u00e1 el cargo de l\u00edder del conservador Partido Popular Austriaco, que Kurz llev\u00f3 a victorias electorales en 2017 y 2019. <\/p>\n<p>Explore m\u00e1s<\/p>\n<p> no vacunado <\/p>\n<p> 2021 Prensa Asociada. Reservados todos los derechos. Este material no puede ser publicado, transmitido, reescrito o redistribuido sin permiso. <\/p>\n<p> <strong>Cita<\/strong>: Austria terminar\u00e1 el confinamiento el domingo pero no para los no vacunados (8 de diciembre de 2021) consultado el 29 de agosto de 2022 en https:\/\/medicalxpress.com\/news\/2021-12-austria- lockdown-sunday-unvaccinated.html Este documento est\u00e1 sujeto a derechos de autor. Aparte de cualquier trato justo con fines de estudio o investigaci\u00f3n privados, ninguna parte puede reproducirse sin el permiso por escrito. El contenido se proporciona \u00fanicamente con fines informativos.<\/p>\n","protected":false},"excerpt":{"rendered":"<p>El nuevo canciller del Partido Popular, Karl Nehammer, a la izquierda, y su predecesor, Alexander Schallenberg, llegan para la ceremonia de juramentaci\u00f3n en el Palacio Hofburg en Viena, Austria, el lunes 6 de diciembre de 2021. Credit: AP Photo\/Lisa Leutner El cuarto confinamiento nacional de Austria por la pandemia terminar\u00e1 el domingo, pero las restricciones &hellip; <a href=\"https:\/\/www.biblia.work\/articulos-salud\/austria-terminara-el-confinamiento-el-domingo-pero-no-para-los-no-vacunados\/\" class=\"more-link\">Continuar leyendo<span class=\"screen-reader-text\"> \u00abAustria terminar\u00e1 el confinamiento el domingo, pero no para los no vacunados\u00bb<\/span><\/a><\/p>\n","protected":false},"author":1,"featured_media":0,"comment_status":"","ping_status":"","sticky":false,"template":"","format":"standard","meta":{"footnotes":""},"categories":[1],"tags":[],"class_list":["post-4988","post","type-post","status-publish","format-standard","hentry","category-general"],"_links":{"self":[{"href":"https:\/\/www.biblia.work\/articulos-salud\/wp-json\/wp\/v2\/posts\/4988","targetHints":{"allow":["GET"]}}],"collection":[{"href":"https:\/\/www.biblia.work\/articulos-salud\/wp-json\/wp\/v2\/posts"}],"about":[{"href":"https:\/\/www.biblia.work\/articulos-salud\/wp-json\/wp\/v2\/types\/post"}],"author":[{"embeddable":true,"href":"https:\/\/www.biblia.work\/articulos-salud\/wp-json\/wp\/v2\/users\/1"}],"replies":[{"embeddable":true,"href":"https:\/\/www.biblia.work\/articulos-salud\/wp-json\/wp\/v2\/comments?post=4988"}],"version-history":[{"count":0,"href":"https:\/\/www.biblia.work\/articulos-salud\/wp-json\/wp\/v2\/posts\/4988\/revisions"}],"wp:attachment":[{"href":"https:\/\/www.biblia.work\/articulos-salud\/wp-json\/wp\/v2\/media?parent=4988"}],"wp:term":[{"taxonomy":"category","embeddable":true,"href":"https:\/\/www.biblia.work\/articulos-salud\/wp-json\/wp\/v2\/categories?post=4988"},{"taxonomy":"post_tag","embeddable":true,"href":"https:\/\/www.biblia.work\/articulos-salud\/wp-json\/wp\/v2\/tags?post=4988"}],"curies":[{"name":"wp","href":"https:\/\/api.w.org\/{rel}","templated":true}]}}