{"id":4995,"date":"2022-08-30T01:09:33","date_gmt":"2022-08-30T06:09:33","guid":{"rendered":"https:\/\/www.biblia.work\/articulos-salud\/informe-del-cirujano-general-de-ee-uu-advierte-sobre-una-crisis-de-salud-mental-que-afecta-a-los-jovenes\/"},"modified":"2022-08-30T01:09:33","modified_gmt":"2022-08-30T06:09:33","slug":"informe-del-cirujano-general-de-ee-uu-advierte-sobre-una-crisis-de-salud-mental-que-afecta-a-los-jovenes","status":"publish","type":"post","link":"https:\/\/www.biblia.work\/articulos-salud\/informe-del-cirujano-general-de-ee-uu-advierte-sobre-una-crisis-de-salud-mental-que-afecta-a-los-jovenes\/","title":{"rendered":"Informe del cirujano general de EE. UU. advierte sobre una crisis de salud mental que afecta a los j\u00f3venes"},"content":{"rendered":"<p>(HealthDay) La pandemia ha intensificado los problemas de salud mental que ya estaban generalizados entre los adolescentes estadounidenses, advirti\u00f3 el martes el cirujano general de EE. UU., Dr. Vivek Murthy. <\/p>\n<p>La pandemia y otros problemas importantes que enfrenta su generaci\u00f3n est\u00e1n causando efectos \u00abdevastadores\u00bb en la salud mental de los j\u00f3venes, advirti\u00f3 en un nuevo informe.<\/p>\n<p>Las visitas a la sala de emergencias por intentos de suicidio de ni\u00f1as adolescentes fueron 51 % m\u00e1s alto a principios de 2021 que a principios de 2019, y 4 % m\u00e1s alto para los ni\u00f1os.<\/p>\n<p>En todo el mundo, los s\u00edntomas de ansiedad y depresi\u00f3n se duplicaron durante la pandemia, pero los problemas de salud mental ya estaban aumentando en los Estados Unidos antes de COVID- 19, seg\u00fan Murthy. Por ejemplo, las visitas a la sala de emergencias debido a depresi\u00f3n, ansiedad y condiciones similares aumentaron un 28 % entre 2011 y 2015, encontr\u00f3 el informe.<\/p>\n<p>Las causas de la crisis de salud mental entre los j\u00f3venes son complejas e incluyen la qu\u00edmica del cerebro adolescente, familiares y amigos y una cultura medi\u00e1tica acelerada, seg\u00fan Murthy.<\/p>\n<p>\u00abLos j\u00f3venes son bombardeados con mensajes a trav\u00e9s de los medios y la cultura popular que erosionan su sentido de autoestima dici\u00e9ndoles que no son guapos lo suficientemente popular, lo suficientemente inteligente o lo suficientemente rica\u00bb, escribi\u00f3 Murthy. \u00abEso ocurre cuando el progreso en temas leg\u00edtimos y angustiosos como el cambio clim\u00e1tico, la desigualdad de ingresos, la injusticia racial, la epidemia de opioides y la violencia armada se siente demasiado lento\u00bb.<\/p>\n<p>Bonnie Nagel, neuropsic\u00f3loga pedi\u00e1trica de Oregon Health &amp; Science University, que trata y estudia a los adolescentes, dijo que las interacciones en l\u00ednea no parecen satisfacer las necesidades b\u00e1sicas de conexi\u00f3n. Y una investigaci\u00f3n reciente de ella y sus colegas encontr\u00f3 que el sentimiento de soledad es un predictor clave para la depresi\u00f3n y la ideaci\u00f3n suicida.<\/p>\n<p>\u00abNo creo que sea una conexi\u00f3n humana genuina hablar con alguien con una fachada falsa\u00bb. en l\u00ednea\u00bb, dijo Nagel a The New York Times.<\/p>\n<p>El informe del cirujano general es el \u00faltimo llamado a la acci\u00f3n sobre la salud mental de los adolescentes. En octubre, la Academia Estadounidense de Pediatr\u00eda, la Academia Estadounidense de Psiquiatr\u00eda Infantil y Adolescente y la Asociaci\u00f3n de Hospitales Infantiles declararon conjuntamente \u00abuna emergencia nacional\u00bb en la salud mental de los j\u00f3venes.<\/p>\n<p>El aviso de Murthy ped\u00eda que se dedicaran m\u00e1s recursos para comprender y abordar los desaf\u00edos de la salud mental.<\/p>\n<p>\u00abEste es un momento para exigir un cambio\u00bb, concluy\u00f3 el informe. <\/p>\n<p>Explore m\u00e1s<\/p>\n<p> Pediatras y psiquiatras estadounidenses declaran una \u00abemergencia\u00bb en la salud mental infantil <strong>M\u00e1s informaci\u00f3n:<\/strong> Visite el Instituto Nacional de Salud Mental para obtener m\u00e1s informaci\u00f3n sobre la salud mental entre los adolescentes.<\/p>\n<p>Gareth Harman et al, Predicci\u00f3n de la ideaci\u00f3n y el intento de suicidio en ni\u00f1os de 9 y 10 a\u00f1os mediante caracter\u00edsticas de riesgo transdiagn\u00f3stico, PLOS ONE (2021). DOI: 10.1371\/journal.pone.0252114 <strong>Informaci\u00f3n de la revista:<\/strong> PLoS ONE <\/p>\n","protected":false},"excerpt":{"rendered":"<p>(HealthDay) La pandemia ha intensificado los problemas de salud mental que ya estaban generalizados entre los adolescentes estadounidenses, advirti\u00f3 el martes el cirujano general de EE. UU., Dr. Vivek Murthy. La pandemia y otros problemas importantes que enfrenta su generaci\u00f3n est\u00e1n causando efectos \u00abdevastadores\u00bb en la salud mental de los j\u00f3venes, advirti\u00f3 en un nuevo &hellip; <a href=\"https:\/\/www.biblia.work\/articulos-salud\/informe-del-cirujano-general-de-ee-uu-advierte-sobre-una-crisis-de-salud-mental-que-afecta-a-los-jovenes\/\" class=\"more-link\">Continuar leyendo<span class=\"screen-reader-text\"> \u00abInforme del cirujano general de EE. UU. advierte sobre una crisis de salud mental que afecta a los j\u00f3venes\u00bb<\/span><\/a><\/p>\n","protected":false},"author":1,"featured_media":0,"comment_status":"","ping_status":"","sticky":false,"template":"","format":"standard","meta":{"footnotes":""},"categories":[1],"tags":[],"class_list":["post-4995","post","type-post","status-publish","format-standard","hentry","category-general"],"_links":{"self":[{"href":"https:\/\/www.biblia.work\/articulos-salud\/wp-json\/wp\/v2\/posts\/4995","targetHints":{"allow":["GET"]}}],"collection":[{"href":"https:\/\/www.biblia.work\/articulos-salud\/wp-json\/wp\/v2\/posts"}],"about":[{"href":"https:\/\/www.biblia.work\/articulos-salud\/wp-json\/wp\/v2\/types\/post"}],"author":[{"embeddable":true,"href":"https:\/\/www.biblia.work\/articulos-salud\/wp-json\/wp\/v2\/users\/1"}],"replies":[{"embeddable":true,"href":"https:\/\/www.biblia.work\/articulos-salud\/wp-json\/wp\/v2\/comments?post=4995"}],"version-history":[{"count":0,"href":"https:\/\/www.biblia.work\/articulos-salud\/wp-json\/wp\/v2\/posts\/4995\/revisions"}],"wp:attachment":[{"href":"https:\/\/www.biblia.work\/articulos-salud\/wp-json\/wp\/v2\/media?parent=4995"}],"wp:term":[{"taxonomy":"category","embeddable":true,"href":"https:\/\/www.biblia.work\/articulos-salud\/wp-json\/wp\/v2\/categories?post=4995"},{"taxonomy":"post_tag","embeddable":true,"href":"https:\/\/www.biblia.work\/articulos-salud\/wp-json\/wp\/v2\/tags?post=4995"}],"curies":[{"name":"wp","href":"https:\/\/api.w.org\/{rel}","templated":true}]}}