{"id":5009,"date":"2022-08-30T01:09:56","date_gmt":"2022-08-30T06:09:56","guid":{"rendered":"https:\/\/www.biblia.work\/articulos-salud\/diferencias-metabolicas-en-el-diagnostico-y-perfeccionamiento-del-tratamiento-de-la-depresion-episodica-y-cronica\/"},"modified":"2022-08-30T01:09:56","modified_gmt":"2022-08-30T06:09:56","slug":"diferencias-metabolicas-en-el-diagnostico-y-perfeccionamiento-del-tratamiento-de-la-depresion-episodica-y-cronica","status":"publish","type":"post","link":"https:\/\/www.biblia.work\/articulos-salud\/diferencias-metabolicas-en-el-diagnostico-y-perfeccionamiento-del-tratamiento-de-la-depresion-episodica-y-cronica\/","title":{"rendered":"Diferencias metab\u00f3licas en el diagn\u00f3stico y perfeccionamiento del tratamiento de la depresi\u00f3n epis\u00f3dica y cr\u00f3nica"},"content":{"rendered":"<p>Fig. 1. Tama\u00f1os del efecto d de Cohen de metabolitos con valores de p inferiores a 0,05 en la prueba t de Welch con medias e intervalos de confianza del 95 % en TDM epis\u00f3dico y depresi\u00f3n cr\u00f3nica. Cr\u00e9dito: DOI: 10.1016\/j.jadr.2021.100261 <\/p>\n<p>Un estudio realizado en la Universidad del Este de Finlandia descubri\u00f3 diferencias en el metabolismo energ\u00e9tico y de un solo carbono entre la depresi\u00f3n epis\u00f3dica y la cr\u00f3nica. El metabolismo de un carbono juega un papel clave en la producci\u00f3n de, por ejemplo, neurotransmisores. Este tipo de conocimiento sobre el metabolismo en relaci\u00f3n con los trastornos psiqui\u00e1tricos puede eventualmente ayudar en el diagn\u00f3stico y conducir a tratamientos mejor dirigidos y personalizados. Los resultados se publicaron en una revista cient\u00edfica revisada por pares, Journal of Affective Disorders Reports. <\/p>\n<p>\u00abEl diagn\u00f3stico de los trastornos psiqui\u00e1tricos se basa en la discusi\u00f3n y las observaciones de los psiquiatras. En el futuro, el an\u00e1lisis metabol\u00f3mico podr\u00eda ser un m\u00e9todo alternativo para separar los diagn\u00f3sticos con criterios diagn\u00f3sticos que a menudo se superponen. Adem\u00e1s, el tratamiento m\u00e9dico adecuado a menudo solo se encuentra despu\u00e9s de prueba y error considerables. Si el conocimiento metabol\u00f3mico fuera m\u00e1s preciso y pudi\u00e9ramos determinar m\u00e1s espec\u00edficamente c\u00f3mo se reflejan los trastornos en el metaboloma, podr\u00edamos usar muestras de sangre y an\u00e1lisis metabol\u00f3micos para apuntar a la medicaci\u00f3n adecuada justo al comienzo del tratamiento \u00ab, dice Karoliina Kurkinen, investigadora en fase inicial, de la Universidad del Este de Finlandia.<\/p>\n<p>El estudio se realiz\u00f3 en 76 pacientes psiqui\u00e1tricos ambulatorios j\u00f3venes diagnosticados con depresi\u00f3n epis\u00f3dica o cr\u00f3nica. Se analizaron muestras de sangre para identificar metabolitos relacionados con la cronicidad de la depresi\u00f3n. Cuando se compar\u00f3 el metabolismo de los pacientes con depresi\u00f3n epis\u00f3dica con el de los pacientes con depresi\u00f3n cr\u00f3nica, se encontraron diferencias en los metabolitos relacionados con el metabolismo energ\u00e9tico y de un carbono. Como la cohorte era peque\u00f1a, los factores de fondo, como los h\u00e1bitos de vida, pueden haber afectado los resultados. Por lo tanto, estos hallazgos se consideran preliminares, y la investigaci\u00f3n debe continuar con una cohorte m\u00e1s grande para sacar conclusiones m\u00e1s s\u00f3lidas.<\/p>\n<p>\u00abEstos estudios metabol\u00f3micos requieren grandes grupos de estudio para que los factores de fondo puedan controlarse y los resultados reales los cambios se vuelven observables. Por supuesto, el hecho de que tantos factores, como la nutrici\u00f3n, el sue\u00f1o y el ejercicio, afecten el metaboloma no hace que esta tarea sea f\u00e1cil. Sin embargo, en una cohorte lo suficientemente grande, las alteraciones centrales pueden reconocerse. \u00abUna parte interesante de este estudio ha sido la posibilidad de explorar los posibles mecanismos que conducen a la cronicidad de la depresi\u00f3n en base a estos resultados preliminares. El siguiente paso ser\u00eda repetir este estudio pero con una cohorte mucho m\u00e1s grande y con controles sanos\u00bb, dice Kurkinen. <\/p>\n<p>Explore m\u00e1s<\/p>\n<p> La depresi\u00f3n, pero no la ansiedad, se relaciona con la inflamaci\u00f3n y el cambio metab\u00f3lico <strong>M\u00e1s informaci\u00f3n:<\/strong> Karoliina Kurkinen et al, Metabolismo energ\u00e9tico y de un solo carbono en la depresi\u00f3n mayor en comparaci\u00f3n con la depresi\u00f3n cr\u00f3nica en pacientes ambulatorios adolescentes: un estudio piloto metabol\u00f3mico, Journal of Affective Disorders Reports (2021). DOI: 10.1016\/j.jadr.2021.100261 Proporcionado por la Universidad del Este de Finlandia <strong>Cita<\/strong>: Diferencias metab\u00f3licas en el diagn\u00f3stico y refinamiento del tratamiento para la depresi\u00f3n epis\u00f3dica y cr\u00f3nica (8 de diciembre de 2021) recuperado el 29 de agosto de 2022 de https :\/\/medicalxpress.com\/news\/2021-12-metabolic-differences-diagnosis-treatment-refinement.html Este documento est\u00e1 sujeto a derechos de autor. Aparte de cualquier trato justo con fines de estudio o investigaci\u00f3n privados, ninguna parte puede reproducirse sin el permiso por escrito. El contenido se proporciona \u00fanicamente con fines informativos.<\/p>\n","protected":false},"excerpt":{"rendered":"<p>Fig. 1. Tama\u00f1os del efecto d de Cohen de metabolitos con valores de p inferiores a 0,05 en la prueba t de Welch con medias e intervalos de confianza del 95 % en TDM epis\u00f3dico y depresi\u00f3n cr\u00f3nica. Cr\u00e9dito: DOI: 10.1016\/j.jadr.2021.100261 Un estudio realizado en la Universidad del Este de Finlandia descubri\u00f3 diferencias en el &hellip; <a href=\"https:\/\/www.biblia.work\/articulos-salud\/diferencias-metabolicas-en-el-diagnostico-y-perfeccionamiento-del-tratamiento-de-la-depresion-episodica-y-cronica\/\" class=\"more-link\">Continuar leyendo<span class=\"screen-reader-text\"> \u00abDiferencias metab\u00f3licas en el diagn\u00f3stico y perfeccionamiento del tratamiento de la depresi\u00f3n epis\u00f3dica y cr\u00f3nica\u00bb<\/span><\/a><\/p>\n","protected":false},"author":1,"featured_media":0,"comment_status":"","ping_status":"","sticky":false,"template":"","format":"standard","meta":{"footnotes":""},"categories":[1],"tags":[],"class_list":["post-5009","post","type-post","status-publish","format-standard","hentry","category-general"],"_links":{"self":[{"href":"https:\/\/www.biblia.work\/articulos-salud\/wp-json\/wp\/v2\/posts\/5009","targetHints":{"allow":["GET"]}}],"collection":[{"href":"https:\/\/www.biblia.work\/articulos-salud\/wp-json\/wp\/v2\/posts"}],"about":[{"href":"https:\/\/www.biblia.work\/articulos-salud\/wp-json\/wp\/v2\/types\/post"}],"author":[{"embeddable":true,"href":"https:\/\/www.biblia.work\/articulos-salud\/wp-json\/wp\/v2\/users\/1"}],"replies":[{"embeddable":true,"href":"https:\/\/www.biblia.work\/articulos-salud\/wp-json\/wp\/v2\/comments?post=5009"}],"version-history":[{"count":0,"href":"https:\/\/www.biblia.work\/articulos-salud\/wp-json\/wp\/v2\/posts\/5009\/revisions"}],"wp:attachment":[{"href":"https:\/\/www.biblia.work\/articulos-salud\/wp-json\/wp\/v2\/media?parent=5009"}],"wp:term":[{"taxonomy":"category","embeddable":true,"href":"https:\/\/www.biblia.work\/articulos-salud\/wp-json\/wp\/v2\/categories?post=5009"},{"taxonomy":"post_tag","embeddable":true,"href":"https:\/\/www.biblia.work\/articulos-salud\/wp-json\/wp\/v2\/tags?post=5009"}],"curies":[{"name":"wp","href":"https:\/\/api.w.org\/{rel}","templated":true}]}}