{"id":5042,"date":"2022-08-30T01:10:55","date_gmt":"2022-08-30T06:10:55","guid":{"rendered":"https:\/\/www.biblia.work\/articulos-salud\/un-nuevo-estudio-encuentra-que-la-pandemia-de-covid-19-exacerbo-la-ansiedad-y-la-depresion-en-ninos-de-minorias-raciales-y-etnicas\/"},"modified":"2022-08-30T01:10:55","modified_gmt":"2022-08-30T06:10:55","slug":"un-nuevo-estudio-encuentra-que-la-pandemia-de-covid-19-exacerbo-la-ansiedad-y-la-depresion-en-ninos-de-minorias-raciales-y-etnicas","status":"publish","type":"post","link":"https:\/\/www.biblia.work\/articulos-salud\/un-nuevo-estudio-encuentra-que-la-pandemia-de-covid-19-exacerbo-la-ansiedad-y-la-depresion-en-ninos-de-minorias-raciales-y-etnicas\/","title":{"rendered":"Un nuevo estudio encuentra que la pandemia de COVID-19 exacerb\u00f3 la ansiedad y la depresi\u00f3n en ni\u00f1os de minor\u00edas raciales y \u00e9tnicas"},"content":{"rendered":"<p>Cr\u00e9dito: Pixabay\/CC0 Dominio p\u00fablico <\/p>\n<p>Una nueva investigaci\u00f3n determin\u00f3 que el primer a\u00f1o de la pandemia de COVID-19 provoc\u00f3 un aumento de la depresi\u00f3n y la ansiedad y riesgos sociales entre los ni\u00f1os de minor\u00edas \u00e9tnicas, raciales y urbanas de cinco a 11 a\u00f1os de edad en comparaci\u00f3n con los seis meses anteriores. Dirigido por investigadores del Boston Medical Center, los hallazgos del estudio muestran que una reducci\u00f3n en la finalizaci\u00f3n de las tareas escolares, un mayor tiempo frente a la pantalla y la depresi\u00f3n del cuidador est\u00e1n asociados significativamente con una peor salud mental en los ni\u00f1os durante la pandemia. <\/p>\n<p>Publicado en Child and Adolescent Psychiatry and Mental Health, este estudio es uno de los primeros en cuantificar el impacto psicosocial negativo de la pandemia de COVID-19 en los ni\u00f1os urbanos utilizando datos previos y mediados de la pandemia. Las tasas de problemas de depresi\u00f3n y ansiedad aumentaron del 5 por ciento antes de la pandemia al 18 por ciento durante la pandemia. Este estudio tambi\u00e9n examin\u00f3 los riesgos sociales de estas familias durante la pandemia, y los cuidadores informaron mayores riesgos sociales en comparaci\u00f3n con antes de la pandemia, incluida la inseguridad alimentaria y de vivienda. El cincuenta por ciento de las familias reportaron inseguridad alimentaria durante la pandemia, en comparaci\u00f3n con el 16 por ciento antes.<\/p>\n<p>\u00abNuestro temor es que la pandemia haya provocado una crisis de salud mental tanto para los cuidadores como para los ni\u00f1os despu\u00e9s de los incre\u00edbles factores estresantes que provoca el COVID-19&#8243;. 19 ha afectado a las familias\u00bb, dice Andrea Spencer, MD, psiquiatra de adultos, ni\u00f1os y adolescentes del Boston Medical Center. \u00abObservamos espec\u00edficamente a nuestra poblaci\u00f3n urbana y diversa de pacientes que ya tienen un riesgo psicosocial m\u00e1s alto y tambi\u00e9n son m\u00e1s susceptibles a los impactos de la pandemia, lo que genera una preocupaci\u00f3n particular por su salud mental\u00bb.<\/p>\n<p>Cincuenta y cuatro por ciento de los cuidadores en este estudio identificados como negros no hispanos, el 29 por ciento hispanos y el 22 por ciento no hablaban ingl\u00e9s. Las visitas del estudio se llevaron a cabo en tres idiomas, de las cuales el 79 % fueron en ingl\u00e9s, el 16 % en criollo haitiano y el 5 % en espa\u00f1ol.<\/p>\n<p>El riesgo social se determin\u00f3 utilizando el evaluador THRIVE de BMC, un evaluador de determinantes sociales de la salud. Se utiliza para identificar y abordar mejor las necesidades sociales no satisfechas de los pacientes. Los pacientes completan el cuestionario y lo ingresan en su registro de salud electr\u00f3nico (EHR, por sus siglas en ingl\u00e9s). Este modelo permite que los pacientes identifiquen sus necesidades y soliciten asistencia para cosas espec\u00edficas, como la inseguridad alimentaria y de vivienda. Debido a que la informaci\u00f3n est\u00e1 integrada en el EHR, los proveedores pueden facilitar las derivaciones a recursos tanto en BMC como en la comunidad para ayudar a abordar las necesidades de los pacientes, con el objetivo de mejorar la salud general.<\/p>\n<p>Los s\u00edntomas de salud mental fueron se correlacion\u00f3 significativamente con la cantidad de riesgos sociales antes de la pandemia, pero el estudio encontr\u00f3 que este no era el caso en el momento de la encuesta de mitad de la pandemia. Los s\u00edntomas de salud mental en los ni\u00f1os empeoran debido a factores que van m\u00e1s all\u00e1 de las necesidades sociales no satisfechas. Con la excepci\u00f3n del transporte, todos los elementos de THRIVE fueron significativamente m\u00e1s frecuentes a mediados de la pandemia en comparaci\u00f3n con antes de la pandemia, lo que destaca los impactos sociales y financieros que estas familias urbanas y diversas estaban experimentando.<\/p>\n<p>Este estudio de cohorte se realiz\u00f3 entre septiembre de 2019 y enero de 2021, e incluy\u00f3 a 168 cuidadores de ni\u00f1os de un programa pedi\u00e1trico hospitalario de red de seguridad urbana. La Lista de verificaci\u00f3n de s\u00edntomas pedi\u00e1tricos (PSC, por sus siglas en ingl\u00e9s) midi\u00f3 los s\u00edntomas emocionales y conductuales, incluidos los s\u00edntomas de atenci\u00f3n, internalizaci\u00f3n y externalizaci\u00f3n. Los ni\u00f1os elegibles para este estudio hab\u00edan asistido a una visita de control previa a la pandemia con su m\u00e9dico de atenci\u00f3n primaria entre el 1 de septiembre de 2019 y el 1 de marzo de 2020, y sus resultados de PSC se obtuvieron de su EHR. Los cuidadores completaron la evaluaci\u00f3n inicial de mitad de la pandemia entre agosto de 2020 y enero de 2021 e incluyeron el PSC, THRIVE y elementos sobre participaci\u00f3n escolar, tiempo frente a la pantalla y exposici\u00f3n a COVID. La salud mental del cuidador se evalu\u00f3 mediante el Trastorno de Ansiedad General-2 y los Cuestionarios de Salud del Paciente. Los an\u00e1lisis compararon los riesgos sociales y de salud mental antes de la pandemia con los de la pandemia media. Luego se utiliz\u00f3 el an\u00e1lisis de ruta para examinar la relaci\u00f3n entre la salud mental de los pacientes y sus riesgos sociales antes y durante la pandemia.<\/p>\n<p>\u00abEstos hallazgos apuntan a la necesidad cr\u00edtica de esfuerzos de salud p\u00fablica para mitigar los efectos psicosociales de la pandemia en ni\u00f1os y comunidades de minor\u00edas raciales y \u00e9tnicas mientras se buscan soluciones para satisfacer la creciente demanda\u00bb, dice Spencer, tambi\u00e9n profesor asistente de psiquiatr\u00eda en la Facultad de Medicina de la Universidad de Boston. \u00abNecesitamos programas de tratamiento y prevenci\u00f3n basados en la comunidad, en la escuela, en la familia y basados en el trauma nuevos o ampliados para llegar a las familias m\u00e1s afectadas\u00bb.<\/p>\n<p>Los investigadores recomiendan que los estudios futuros se centren en la pandemia. influencia a largo plazo en el uso del tiempo de pantalla de los ni\u00f1os, el compromiso social, la participaci\u00f3n en actividades y los resultados de salud mental. <\/p>\n<p>Explore m\u00e1s<\/p>\n<p> Los s\u00edntomas de los trastornos alimentarios y las autolesiones se relacionan con niveles m\u00e1s altos de depresi\u00f3n y ansiedad durante la pandemia de COVID-19 <strong>M\u00e1s informaci\u00f3n:<\/strong> Andrea E. Spencer et al, Changes in psychosocial operating entre ni\u00f1os urbanos en edad escolar durante la pandemia de COVID-19, Psiquiatr\u00eda y salud mental de ni\u00f1os y adolescentes (2021). DOI: 10.1186\/s13034-021-00419-w Proporcionado por Boston Medical Center <strong>Cita<\/strong>: Nuevo estudio encuentra que la pandemia de COVID-19 exacerb\u00f3 la ansiedad y la depresi\u00f3n en ni\u00f1os de minor\u00edas raciales y \u00e9tnicas (8 de diciembre de 2021) recuperado 29 Agosto de 2022 de https:\/\/medicalxpress.com\/news\/2021-12-covid-pandemic-exacerbated-anxiety-depression.html Este documento est\u00e1 sujeto a derechos de autor. Aparte de cualquier trato justo con fines de estudio o investigaci\u00f3n privados, ninguna parte puede reproducirse sin el permiso por escrito. El contenido se proporciona \u00fanicamente con fines informativos.<\/p>\n","protected":false},"excerpt":{"rendered":"<p>Cr\u00e9dito: Pixabay\/CC0 Dominio p\u00fablico Una nueva investigaci\u00f3n determin\u00f3 que el primer a\u00f1o de la pandemia de COVID-19 provoc\u00f3 un aumento de la depresi\u00f3n y la ansiedad y riesgos sociales entre los ni\u00f1os de minor\u00edas \u00e9tnicas, raciales y urbanas de cinco a 11 a\u00f1os de edad en comparaci\u00f3n con los seis meses anteriores. Dirigido por investigadores &hellip; <a href=\"https:\/\/www.biblia.work\/articulos-salud\/un-nuevo-estudio-encuentra-que-la-pandemia-de-covid-19-exacerbo-la-ansiedad-y-la-depresion-en-ninos-de-minorias-raciales-y-etnicas\/\" class=\"more-link\">Continuar leyendo<span class=\"screen-reader-text\"> \u00abUn nuevo estudio encuentra que la pandemia de COVID-19 exacerb\u00f3 la ansiedad y la depresi\u00f3n en ni\u00f1os de minor\u00edas raciales y \u00e9tnicas\u00bb<\/span><\/a><\/p>\n","protected":false},"author":1,"featured_media":0,"comment_status":"","ping_status":"","sticky":false,"template":"","format":"standard","meta":{"footnotes":""},"categories":[1],"tags":[],"class_list":["post-5042","post","type-post","status-publish","format-standard","hentry","category-general"],"_links":{"self":[{"href":"https:\/\/www.biblia.work\/articulos-salud\/wp-json\/wp\/v2\/posts\/5042","targetHints":{"allow":["GET"]}}],"collection":[{"href":"https:\/\/www.biblia.work\/articulos-salud\/wp-json\/wp\/v2\/posts"}],"about":[{"href":"https:\/\/www.biblia.work\/articulos-salud\/wp-json\/wp\/v2\/types\/post"}],"author":[{"embeddable":true,"href":"https:\/\/www.biblia.work\/articulos-salud\/wp-json\/wp\/v2\/users\/1"}],"replies":[{"embeddable":true,"href":"https:\/\/www.biblia.work\/articulos-salud\/wp-json\/wp\/v2\/comments?post=5042"}],"version-history":[{"count":0,"href":"https:\/\/www.biblia.work\/articulos-salud\/wp-json\/wp\/v2\/posts\/5042\/revisions"}],"wp:attachment":[{"href":"https:\/\/www.biblia.work\/articulos-salud\/wp-json\/wp\/v2\/media?parent=5042"}],"wp:term":[{"taxonomy":"category","embeddable":true,"href":"https:\/\/www.biblia.work\/articulos-salud\/wp-json\/wp\/v2\/categories?post=5042"},{"taxonomy":"post_tag","embeddable":true,"href":"https:\/\/www.biblia.work\/articulos-salud\/wp-json\/wp\/v2\/tags?post=5042"}],"curies":[{"name":"wp","href":"https:\/\/api.w.org\/{rel}","templated":true}]}}