{"id":5128,"date":"2022-08-30T01:13:29","date_gmt":"2022-08-30T06:13:29","guid":{"rendered":"https:\/\/www.biblia.work\/articulos-salud\/los-pacientes-con-migrana-con-aura-tienen-respuestas-posturales-alteradas\/"},"modified":"2022-08-30T01:13:29","modified_gmt":"2022-08-30T06:13:29","slug":"los-pacientes-con-migrana-con-aura-tienen-respuestas-posturales-alteradas","status":"publish","type":"post","link":"https:\/\/www.biblia.work\/articulos-salud\/los-pacientes-con-migrana-con-aura-tienen-respuestas-posturales-alteradas\/","title":{"rendered":"Los pacientes con migra\u00f1a con aura tienen respuestas posturales alteradas"},"content":{"rendered":"<p>Los pacientes con migra\u00f1a con aura tienen una mayor \u00e1rea de balanceo y respuestas de latencia retardada despu\u00e9s de perturbaciones inesperadas del suelo en comparaci\u00f3n con los controles y otros subgrupos de migra\u00f1a, seg\u00fan un estudio publicado en l\u00ednea el 8 de noviembre en Frontiers en Neurolog\u00eda. <\/p>\n<p>Gabriela F. Carvalho, PT, Ph.D., de la Universidad de S\u00e3o Paulo en Brasil, y sus colegas examinaron las respuestas posturales reactivas entre pacientes con migra\u00f1a con y sin aura, migra\u00f1a cr\u00f3nica y controles. Noventa pacientes con migra\u00f1a fueron clasificados en subgrupos seg\u00fan la presencia de aura y migra\u00f1a cr\u00f3nica; Tambi\u00e9n se reclutaron 30 controles. Los participantes se sometieron a los protocolos de prueba de control motor (MCT) y prueba de adaptaci\u00f3n (ADT) de las pruebas de posturograf\u00eda din\u00e1mica.<\/p>\n<p>Los investigadores encontraron que en la mayor\u00eda de las condiciones de MCT, los pacientes con aura presentaban un \u00e1rea de balanceo mayor que los dem\u00e1s. grupos Se observaron respuestas de latencia retardada despu\u00e9s de las perturbaciones del suelo en el grupo con aura en comparaci\u00f3n con los controles y los pacientes sin aura. Se observ\u00f3 una mayor \u00e1rea de balanceo en el ADT en pacientes con aura versus aquellos sin aura, aquellos con migra\u00f1a cr\u00f3nica y controles. En general, el 46 % de las ca\u00eddas en los 12 meses anteriores se explicaron por el \u00e1rea de balanceo MCT y ADT, la frecuencia del aura y el miedo a caer.<\/p>\n<p>\u00abLos pacientes con migra\u00f1a con aura exhibieron un mayor retraso en la respuesta y el \u00e1rea de balanceo que los controles y otros subgrupos de migra\u00f1a durante la evaluaci\u00f3n del equilibrio despu\u00e9s de perturbaciones inesperadas del suelo\u00bb, escriben los autores. \u00abEstos hallazgos indican comorbilidades adicionales relacionadas con el control motor en pacientes con aura de migra\u00f1a, y las etiolog\u00edas a\u00fan deben dilucidarse en estudios futuros\u00bb.<\/p>\n<p>Un autor fue empleado por Ventus Therapeutics. <\/p>\n<p>Explore m\u00e1s<\/p>\n<p> La osmofobia prevalente en pacientes con migra\u00f1a <strong>M\u00e1s informaci\u00f3n:<\/strong> Gabriela F. Carvalho et al, Migraine With Aura Is Related to Delayed Motor Control Reaction and Imbalance After External Perturbations, Frontiers en Neurolog\u00eda (2021). DOI: 10.3389\/fneur.2021.755990 <strong>Informaci\u00f3n de la revista:<\/strong> Frontiers in Neurology <\/p>\n<p> Copyright 2021 HealthDay. Reservados todos los derechos. <\/p>\n<p> <strong>Cita<\/strong>: Los pacientes con migra\u00f1a con aura tienen respuestas posturales alteradas (2021, 7 de diciembre) recuperado el 29 de agosto de 2022 de https:\/\/medicalxpress.com\/news\/2021-12-patients-migraine -aura-impaired-postural.html Este documento est\u00e1 sujeto a derechos de autor. Aparte de cualquier trato justo con fines de estudio o investigaci\u00f3n privados, ninguna parte puede reproducirse sin el permiso por escrito. El contenido se proporciona \u00fanicamente con fines informativos.<\/p>\n","protected":false},"excerpt":{"rendered":"<p>Los pacientes con migra\u00f1a con aura tienen una mayor \u00e1rea de balanceo y respuestas de latencia retardada despu\u00e9s de perturbaciones inesperadas del suelo en comparaci\u00f3n con los controles y otros subgrupos de migra\u00f1a, seg\u00fan un estudio publicado en l\u00ednea el 8 de noviembre en Frontiers en Neurolog\u00eda. Gabriela F. Carvalho, PT, Ph.D., de la Universidad &hellip; <a href=\"https:\/\/www.biblia.work\/articulos-salud\/los-pacientes-con-migrana-con-aura-tienen-respuestas-posturales-alteradas\/\" class=\"more-link\">Continuar leyendo<span class=\"screen-reader-text\"> \u00abLos pacientes con migra\u00f1a con aura tienen respuestas posturales alteradas\u00bb<\/span><\/a><\/p>\n","protected":false},"author":1,"featured_media":0,"comment_status":"","ping_status":"","sticky":false,"template":"","format":"standard","meta":{"footnotes":""},"categories":[1],"tags":[],"class_list":["post-5128","post","type-post","status-publish","format-standard","hentry","category-general"],"_links":{"self":[{"href":"https:\/\/www.biblia.work\/articulos-salud\/wp-json\/wp\/v2\/posts\/5128","targetHints":{"allow":["GET"]}}],"collection":[{"href":"https:\/\/www.biblia.work\/articulos-salud\/wp-json\/wp\/v2\/posts"}],"about":[{"href":"https:\/\/www.biblia.work\/articulos-salud\/wp-json\/wp\/v2\/types\/post"}],"author":[{"embeddable":true,"href":"https:\/\/www.biblia.work\/articulos-salud\/wp-json\/wp\/v2\/users\/1"}],"replies":[{"embeddable":true,"href":"https:\/\/www.biblia.work\/articulos-salud\/wp-json\/wp\/v2\/comments?post=5128"}],"version-history":[{"count":0,"href":"https:\/\/www.biblia.work\/articulos-salud\/wp-json\/wp\/v2\/posts\/5128\/revisions"}],"wp:attachment":[{"href":"https:\/\/www.biblia.work\/articulos-salud\/wp-json\/wp\/v2\/media?parent=5128"}],"wp:term":[{"taxonomy":"category","embeddable":true,"href":"https:\/\/www.biblia.work\/articulos-salud\/wp-json\/wp\/v2\/categories?post=5128"},{"taxonomy":"post_tag","embeddable":true,"href":"https:\/\/www.biblia.work\/articulos-salud\/wp-json\/wp\/v2\/tags?post=5128"}],"curies":[{"name":"wp","href":"https:\/\/api.w.org\/{rel}","templated":true}]}}