{"id":5167,"date":"2022-08-30T01:14:41","date_gmt":"2022-08-30T06:14:41","guid":{"rendered":"https:\/\/www.biblia.work\/articulos-salud\/espana-comenzara-a-vacunar-a-ninos-de-5-a-11-anos-la-proxima-semana\/"},"modified":"2022-08-30T01:14:41","modified_gmt":"2022-08-30T06:14:41","slug":"espana-comenzara-a-vacunar-a-ninos-de-5-a-11-anos-la-proxima-semana","status":"publish","type":"post","link":"https:\/\/www.biblia.work\/articulos-salud\/espana-comenzara-a-vacunar-a-ninos-de-5-a-11-anos-la-proxima-semana\/","title":{"rendered":"Espa\u00f1a comenzar\u00e1 a vacunar a ni\u00f1os de 5 a 11 a\u00f1os la pr\u00f3xima semana"},"content":{"rendered":"<p>Cr\u00e9dito: CC0 Dominio p\u00fablico <\/p>\n<p>Espa\u00f1a aprob\u00f3 el martes vacunas COVID-19 para ni\u00f1os de cinco a 11 a\u00f1os, un grupo de edad donde los casos de coronavirus se est\u00e1n propagando r\u00e1pidamente, con la inmunizaci\u00f3n unidad para comenzar la pr\u00f3xima semana. <\/p>\n<p>La decisi\u00f3n se produce despu\u00e9s de que el regulador de medicamentos de la Uni\u00f3n Europea autoriz\u00f3 el mes pasado la vacuna COVID-19 de Pfizer para su uso entre ni\u00f1os de cinco a 11 a\u00f1os, en el primer intento de este tipo que se aprueba dentro del bloque para ese grupo de edad.<\/p>\n<p>El objetivo es \u00abreducir la incidencia de la enfermedad en este grupo y los contagios en el \u00e1mbito familiar, escolar y comunitario\u00bb, se\u00f1al\u00f3 el Ministerio de Salud en un comunicado.<\/p>\n<p>Los ni\u00f1os menores de 12 a\u00f1os son el grupo de edad con la tasa de infecci\u00f3n de COVID-19 m\u00e1s alta en este momento, agreg\u00f3.<\/p>\n<p>Hay alrededor de 3,3 millones de ni\u00f1os dentro de ese grupo de edad en Espa\u00f1a que ahora son elegibles para ser vacunados, dijo el ministerio.<\/p>\n<p>Espa\u00f1a recibir\u00e1 su primer env\u00edo de vacunas pedi\u00e1tricas de Pfizer el 13 de diciembre y comenzar\u00e1 a administrarlas dos d\u00edas despu\u00e9s, agreg\u00f3. <\/p>\n<p>Se administrar\u00e1n dos inyecciones con un intervalo de ocho semanas, y la dosis para ni\u00f1os ser\u00e1 un tercio de la que se administra a adultos y adolescentes.<\/p>\n<p>Espa\u00f1a se une a un grupo creciente de pa\u00edses europeos naciones como Italia y Grecia que est\u00e1n ofreciendo vacunas a este grupo de edad.<\/p>\n<p>El pa\u00eds tiene una de las tasas de vacunaci\u00f3n de COVID-19 m\u00e1s altas de las grandes naciones de Europa, con alrededor del 89 por ciento de los mayores de 12 a\u00f1os. completamente vacunado. <\/p>\n<p>Explore m\u00e1s<\/p>\n<p> Chile aprueba vacunas COVID para ni\u00f1os de 3 a\u00f1os en adelante <\/p>\n<p> 2021 AFP <\/p>\n<p> <strong>Cita<\/strong>: Espa\u00f1a comenzar\u00e1 a vacunar a ni\u00f1os de 5 a 11 a\u00f1os la pr\u00f3xima semana (2021) , 7 de diciembre) recuperado el 29 de agosto de 2022 de https:\/\/medicalxpress.com\/news\/2021-12-spain-vaccinating-children-aged-.html Este documento est\u00e1 sujeto a derechos de autor. Aparte de cualquier trato justo con fines de estudio o investigaci\u00f3n privados, ninguna parte puede reproducirse sin el permiso por escrito. El contenido se proporciona \u00fanicamente con fines informativos.<\/p>\n","protected":false},"excerpt":{"rendered":"<p>Cr\u00e9dito: CC0 Dominio p\u00fablico Espa\u00f1a aprob\u00f3 el martes vacunas COVID-19 para ni\u00f1os de cinco a 11 a\u00f1os, un grupo de edad donde los casos de coronavirus se est\u00e1n propagando r\u00e1pidamente, con la inmunizaci\u00f3n unidad para comenzar la pr\u00f3xima semana. La decisi\u00f3n se produce despu\u00e9s de que el regulador de medicamentos de la Uni\u00f3n Europea autoriz\u00f3 &hellip; <a href=\"https:\/\/www.biblia.work\/articulos-salud\/espana-comenzara-a-vacunar-a-ninos-de-5-a-11-anos-la-proxima-semana\/\" class=\"more-link\">Continuar leyendo<span class=\"screen-reader-text\"> \u00abEspa\u00f1a comenzar\u00e1 a vacunar a ni\u00f1os de 5 a 11 a\u00f1os la pr\u00f3xima semana\u00bb<\/span><\/a><\/p>\n","protected":false},"author":1,"featured_media":0,"comment_status":"","ping_status":"","sticky":false,"template":"","format":"standard","meta":{"footnotes":""},"categories":[1],"tags":[],"class_list":["post-5167","post","type-post","status-publish","format-standard","hentry","category-general"],"_links":{"self":[{"href":"https:\/\/www.biblia.work\/articulos-salud\/wp-json\/wp\/v2\/posts\/5167","targetHints":{"allow":["GET"]}}],"collection":[{"href":"https:\/\/www.biblia.work\/articulos-salud\/wp-json\/wp\/v2\/posts"}],"about":[{"href":"https:\/\/www.biblia.work\/articulos-salud\/wp-json\/wp\/v2\/types\/post"}],"author":[{"embeddable":true,"href":"https:\/\/www.biblia.work\/articulos-salud\/wp-json\/wp\/v2\/users\/1"}],"replies":[{"embeddable":true,"href":"https:\/\/www.biblia.work\/articulos-salud\/wp-json\/wp\/v2\/comments?post=5167"}],"version-history":[{"count":0,"href":"https:\/\/www.biblia.work\/articulos-salud\/wp-json\/wp\/v2\/posts\/5167\/revisions"}],"wp:attachment":[{"href":"https:\/\/www.biblia.work\/articulos-salud\/wp-json\/wp\/v2\/media?parent=5167"}],"wp:term":[{"taxonomy":"category","embeddable":true,"href":"https:\/\/www.biblia.work\/articulos-salud\/wp-json\/wp\/v2\/categories?post=5167"},{"taxonomy":"post_tag","embeddable":true,"href":"https:\/\/www.biblia.work\/articulos-salud\/wp-json\/wp\/v2\/tags?post=5167"}],"curies":[{"name":"wp","href":"https:\/\/api.w.org\/{rel}","templated":true}]}}