{"id":5168,"date":"2022-08-30T01:14:45","date_gmt":"2022-08-30T06:14:45","guid":{"rendered":"https:\/\/www.biblia.work\/articulos-salud\/se-mantienen-las-restricciones-de-covid-para-los-no-vacunados-de-austria\/"},"modified":"2022-08-30T01:14:45","modified_gmt":"2022-08-30T06:14:45","slug":"se-mantienen-las-restricciones-de-covid-para-los-no-vacunados-de-austria","status":"publish","type":"post","link":"https:\/\/www.biblia.work\/articulos-salud\/se-mantienen-las-restricciones-de-covid-para-los-no-vacunados-de-austria\/","title":{"rendered":"Se mantienen las restricciones de COVID para los no vacunados de Austria"},"content":{"rendered":"<p>Cr\u00e9dito: Pixabay\/CC0 Dominio p\u00fablico <\/p>\n<p>El cierre parcial de Austria por COVID terminar\u00e1 la pr\u00f3xima semana, pero las personas no vacunadas seguir\u00e1n enfrentando restricciones, dijo el canciller del pa\u00eds, ya que los casos disminuyen luego de un aumento dram\u00e1tico el mes pasado. <\/p>\n<p>Los funcionarios impusieron una serie de medidas el 22 de noviembre a medida que aumentaban las nuevas infecciones, sobrecargando los hospitales y obligando al gobierno a hacer obligatorias las vacunas COVID a partir de febrero de 2022.<\/p>\n<p>El canciller Karl Nehammer dijo que una \u00abtendencia positiva\u00bb en los \u00faltimos Las infecciones significaron que las restricciones terminar\u00e1n el lunes, pero los no vacunados seguir\u00e1n teniendo prohibido salir de casa por razones no esenciales.<\/p>\n<p>Aquellos que no puedan mostrar un certificado de anticuerpos despu\u00e9s de una infecci\u00f3n reciente enfrentar\u00e1n las mismas restricciones. <\/p>\n<p>Seg\u00fan las normas actuales, los austriacos solo pueden salir de casa para comprar art\u00edculos esenciales, hacer ejercicio o recibir atenci\u00f3n m\u00e9dica. Las escuelas permanecen abiertas, pero las tiendas no esenciales, los restaurantes, las salas de conciertos y los cines est\u00e1n cerrados. <\/p>\n<p>Nehammer, quien prest\u00f3 juramento como canciller el lunes, reconoci\u00f3 la \u00abtensi\u00f3n\u00bb de la pandemia y que \u00abpara muchos, se ha sobrepasado el l\u00edmite de lo soportable\u00bb.<\/p>\n<p> El gobierno debe presentar su hoja de ruta fuera de las restricciones el mi\u00e9rcoles. Nehammer dijo que su administraci\u00f3n ser\u00eda \u00ablo m\u00e1s prudente posible\u00bb.<\/p>\n<p>Seg\u00fan las cifras oficiales publicadas el martes, Austria registr\u00f3 m\u00e1s de 4200 nuevos casos de coronavirus en las \u00faltimas 24 horas. <\/p>\n<p>El n\u00famero de casos diarios lleg\u00f3 a 16\u00a0000 en el pico de la \u00faltima ola del pa\u00eds a mediados de noviembre.<\/p>\n<p>M\u00e1s de 3000 personas est\u00e1n recibiendo tratamiento hospitalario por COVID-19, con 670 en cuidados intensivos. la cifra m\u00e1s alta registrada este a\u00f1o.<\/p>\n<p>La tasa de vacunaci\u00f3n de Austria ha estado durante mucho tiempo por debajo del promedio europeo y ha aumentado del 66 % al 71,2 % en las \u00faltimas semanas antes del mandato de vacunaci\u00f3n propuesto para el pr\u00f3ximo a\u00f1o.<\/p>\n<p>Seg\u00fan Ante filtraciones del proyecto de ley de la medida, quienes se nieguen a vacunarse ser\u00e1n sancionados con una multa de 600 euros ($680-) que podr\u00eda ser reimpuesta cada tres meses.<\/p>\n<p>Las medidas han provocado una serie de grandes manifestaciones sum\u00e1ndose al tumulto pol\u00edtico del pa\u00eds, con el tercer canciller de Nehammer Austria en otros tantos meses. <\/p>\n<p>Explorar m\u00e1s<\/p>\n<p> El l\u00edder austriaco dice que es probable el bloqueo para los no vacunados <\/p>\n<p> 2021 AFP <\/p>\n<p> <strong>Cita<\/strong>: Restricciones de COVID permanecen para los no vacunados de Austria (2021, 7 de diciembre) recuperado 29 Agosto de 2022 de https:\/\/medicalxpress.com\/news\/2021-12-covid-restrictions-austria-unvaccinated.html Este documento est\u00e1 sujeto a derechos de autor. Aparte de cualquier trato justo con fines de estudio o investigaci\u00f3n privados, ninguna parte puede reproducirse sin el permiso por escrito. El contenido se proporciona \u00fanicamente con fines informativos.<\/p>\n","protected":false},"excerpt":{"rendered":"<p>Cr\u00e9dito: Pixabay\/CC0 Dominio p\u00fablico El cierre parcial de Austria por COVID terminar\u00e1 la pr\u00f3xima semana, pero las personas no vacunadas seguir\u00e1n enfrentando restricciones, dijo el canciller del pa\u00eds, ya que los casos disminuyen luego de un aumento dram\u00e1tico el mes pasado. Los funcionarios impusieron una serie de medidas el 22 de noviembre a medida que &hellip; <a href=\"https:\/\/www.biblia.work\/articulos-salud\/se-mantienen-las-restricciones-de-covid-para-los-no-vacunados-de-austria\/\" class=\"more-link\">Continuar leyendo<span class=\"screen-reader-text\"> \u00abSe mantienen las restricciones de COVID para los no vacunados de Austria\u00bb<\/span><\/a><\/p>\n","protected":false},"author":1,"featured_media":0,"comment_status":"","ping_status":"","sticky":false,"template":"","format":"standard","meta":{"footnotes":""},"categories":[1],"tags":[],"class_list":["post-5168","post","type-post","status-publish","format-standard","hentry","category-general"],"_links":{"self":[{"href":"https:\/\/www.biblia.work\/articulos-salud\/wp-json\/wp\/v2\/posts\/5168","targetHints":{"allow":["GET"]}}],"collection":[{"href":"https:\/\/www.biblia.work\/articulos-salud\/wp-json\/wp\/v2\/posts"}],"about":[{"href":"https:\/\/www.biblia.work\/articulos-salud\/wp-json\/wp\/v2\/types\/post"}],"author":[{"embeddable":true,"href":"https:\/\/www.biblia.work\/articulos-salud\/wp-json\/wp\/v2\/users\/1"}],"replies":[{"embeddable":true,"href":"https:\/\/www.biblia.work\/articulos-salud\/wp-json\/wp\/v2\/comments?post=5168"}],"version-history":[{"count":0,"href":"https:\/\/www.biblia.work\/articulos-salud\/wp-json\/wp\/v2\/posts\/5168\/revisions"}],"wp:attachment":[{"href":"https:\/\/www.biblia.work\/articulos-salud\/wp-json\/wp\/v2\/media?parent=5168"}],"wp:term":[{"taxonomy":"category","embeddable":true,"href":"https:\/\/www.biblia.work\/articulos-salud\/wp-json\/wp\/v2\/categories?post=5168"},{"taxonomy":"post_tag","embeddable":true,"href":"https:\/\/www.biblia.work\/articulos-salud\/wp-json\/wp\/v2\/tags?post=5168"}],"curies":[{"name":"wp","href":"https:\/\/api.w.org\/{rel}","templated":true}]}}