{"id":5221,"date":"2022-08-30T01:16:20","date_gmt":"2022-08-30T06:16:20","guid":{"rendered":"https:\/\/www.biblia.work\/articulos-salud\/croacia-confirma-los-primeros-2-casos-de-la-variante-omicron-en-el-pais\/"},"modified":"2022-08-30T01:16:20","modified_gmt":"2022-08-30T06:16:20","slug":"croacia-confirma-los-primeros-2-casos-de-la-variante-omicron-en-el-pais","status":"publish","type":"post","link":"https:\/\/www.biblia.work\/articulos-salud\/croacia-confirma-los-primeros-2-casos-de-la-variante-omicron-en-el-pais\/","title":{"rendered":"Croacia confirma los primeros 2 casos de la variante omicron en el pa\u00eds"},"content":{"rendered":"<p>Croacia confirm\u00f3 el lunes los dos primeros casos de la nueva variante omicron en el pa\u00eds de la Uni\u00f3n Europea. <\/p>\n<p>Las autoridades de salud dijeron que est\u00e1n tratando de establecer la fuente de infecci\u00f3n ya que las dos personas no hab\u00edan viajado al exterior. Lo m\u00e1s probable es que contrajeron el virus en una reuni\u00f3n de negocios a la que ambos asistieron, dijeron las autoridades.<\/p>\n<p>Las personas infectadas ten\u00edan fiebre y \u00absent\u00edan como si les hubiera atropellado un tren\u00bb, pero no ten\u00edan otros s\u00edntomas. s\u00edntomas m\u00e1s graves, dijo el epidemi\u00f3logo Bernard Kaic en una conferencia de prensa.<\/p>\n<p>Kaic dijo que las autoridades esperan que surjan m\u00e1s casos de omicron en los pr\u00f3ximos d\u00edas y semanas.<\/p>\n<p>Croacia, junto con gran parte de Centroam\u00e9rica y Europa del Este, enfrentaron un gran aumento de infecciones este oto\u00f1o que comenz\u00f3 a disminuir en los \u00faltimos d\u00edas. El pa\u00eds confirm\u00f3 728 nuevas infecciones en las \u00faltimas 24 horas, mientras que 51 personas m\u00e1s han muerto.<\/p>\n<p>Croacia ha vacunado a alrededor del 54 % de su poblaci\u00f3n de 4,2 millones, una cifra muy inferior a la media de la UE.<\/p>\n<p>M\u00e1s de 11.000 personas con COVID-19 han muerto en Croacia. <\/p>\n<p>Explore m\u00e1s<\/p>\n<p> El aumento del virus persiste en Serbia, Croacia y Eslovenia <\/p>\n<p> 2021 The Associated Press. Reservados todos los derechos. Este material no puede ser publicado, transmitido, reescrito o redistribuido sin permiso. <\/p>\n<p> <strong>Cita<\/strong>: Croacia confirma los dos primeros casos de la variante omicron en el pa\u00eds (6 de diciembre de 2021) consultado el 29 de agosto de 2022 en https:\/\/medicalxpress.com\/news\/2021-12-croatia- cases-omicron-variant-country.html Este documento est\u00e1 sujeto a derechos de autor. Aparte de cualquier trato justo con fines de estudio o investigaci\u00f3n privados, ninguna parte puede reproducirse sin el permiso por escrito. El contenido se proporciona \u00fanicamente con fines informativos.<\/p>\n","protected":false},"excerpt":{"rendered":"<p>Croacia confirm\u00f3 el lunes los dos primeros casos de la nueva variante omicron en el pa\u00eds de la Uni\u00f3n Europea. Las autoridades de salud dijeron que est\u00e1n tratando de establecer la fuente de infecci\u00f3n ya que las dos personas no hab\u00edan viajado al exterior. Lo m\u00e1s probable es que contrajeron el virus en una reuni\u00f3n &hellip; <a href=\"https:\/\/www.biblia.work\/articulos-salud\/croacia-confirma-los-primeros-2-casos-de-la-variante-omicron-en-el-pais\/\" class=\"more-link\">Continuar leyendo<span class=\"screen-reader-text\"> \u00abCroacia confirma los primeros 2 casos de la variante omicron en el pa\u00eds\u00bb<\/span><\/a><\/p>\n","protected":false},"author":1,"featured_media":0,"comment_status":"","ping_status":"","sticky":false,"template":"","format":"standard","meta":{"footnotes":""},"categories":[1],"tags":[],"class_list":["post-5221","post","type-post","status-publish","format-standard","hentry","category-general"],"_links":{"self":[{"href":"https:\/\/www.biblia.work\/articulos-salud\/wp-json\/wp\/v2\/posts\/5221","targetHints":{"allow":["GET"]}}],"collection":[{"href":"https:\/\/www.biblia.work\/articulos-salud\/wp-json\/wp\/v2\/posts"}],"about":[{"href":"https:\/\/www.biblia.work\/articulos-salud\/wp-json\/wp\/v2\/types\/post"}],"author":[{"embeddable":true,"href":"https:\/\/www.biblia.work\/articulos-salud\/wp-json\/wp\/v2\/users\/1"}],"replies":[{"embeddable":true,"href":"https:\/\/www.biblia.work\/articulos-salud\/wp-json\/wp\/v2\/comments?post=5221"}],"version-history":[{"count":0,"href":"https:\/\/www.biblia.work\/articulos-salud\/wp-json\/wp\/v2\/posts\/5221\/revisions"}],"wp:attachment":[{"href":"https:\/\/www.biblia.work\/articulos-salud\/wp-json\/wp\/v2\/media?parent=5221"}],"wp:term":[{"taxonomy":"category","embeddable":true,"href":"https:\/\/www.biblia.work\/articulos-salud\/wp-json\/wp\/v2\/categories?post=5221"},{"taxonomy":"post_tag","embeddable":true,"href":"https:\/\/www.biblia.work\/articulos-salud\/wp-json\/wp\/v2\/tags?post=5221"}],"curies":[{"name":"wp","href":"https:\/\/api.w.org\/{rel}","templated":true}]}}