{"id":5244,"date":"2022-08-30T01:16:59","date_gmt":"2022-08-30T06:16:59","guid":{"rendered":"https:\/\/www.biblia.work\/articulos-salud\/el-estres-pandemico-afecta-a-los-adultos-negros-mas-que-a-sus-pares-blancos\/"},"modified":"2022-08-30T01:16:59","modified_gmt":"2022-08-30T06:16:59","slug":"el-estres-pandemico-afecta-a-los-adultos-negros-mas-que-a-sus-pares-blancos","status":"publish","type":"post","link":"https:\/\/www.biblia.work\/articulos-salud\/el-estres-pandemico-afecta-a-los-adultos-negros-mas-que-a-sus-pares-blancos\/","title":{"rendered":"El estr\u00e9s pand\u00e9mico afecta a los adultos negros m\u00e1s que a sus pares blancos"},"content":{"rendered":"<p>Cr\u00e9dito: Pixabay\/CC0 Dominio p\u00fablico <\/p>\n<p>Un estudio reciente encuentra que los adultos negros experimentan desaf\u00edos de salud mental m\u00e1s pronunciados que los adultos blancos en respuesta al estr\u00e9s asociado con la pandemia de COVID-19 . El estudio tambi\u00e9n encontr\u00f3 que los adultos blancos m\u00e1s j\u00f3venes se vieron menos afectados por el estr\u00e9s relacionado con el COVID-19 que los adultos blancos mayores. <\/p>\n<p>\u00abQuer\u00edamos ver c\u00f3mo la raza y la edad afectaban la forma en que las personas respond\u00edan al estr\u00e9s mental relacionado con el COVID-19\u00bb, dice Shevaun Neupert, coautor del estudio y profesor de psicolog\u00eda en la Universidad Estatal de Carolina del Norte. \u00abLas narrativas p\u00fablicas sobre la pandemia a menudo se han centrado en los riesgos elevados relacionados con la COVID-19 tanto para los adultos mayores como para los adultos negros. Quer\u00edamos saber si los adultos negros mayores enfrentaban un &#8216;doble riesgo&#8217;, es decir, experimentaban m\u00e1s problemas de salud mental relacionados con la pandemia que sus hom\u00f3logos blancos. <\/p>\n<p>\u00abDescubrimos que la edad era solo un factor para los adultos blancos. Los adultos negros estaban experimentando importantes problemas de salud mental relacionados con la pandemia, independientemente de la edad\u00bb. <\/p>\n<p>Para el estudio, los investigadores reclutaron a 526 adultos en los EE. UU. entre las edades de 21 y 79 a\u00f1os. El cincuenta y cuatro por ciento del estudio los participantes eran blancos, el 46 % eran negros. Se les pidi\u00f3 a los participantes que completaran entradas de diario en l\u00ednea durante 21 d\u00edas consecutivos en octubre y noviembre de 2020. <\/p>\n<p>En sus entradas de diario, los participantes respondieron preguntas espec\u00edficas destinadas a evaluar su ansiedad y s\u00edntomas de depresi\u00f3n. Tambi\u00e9n se pregunt\u00f3 a los participantes cu\u00e1nto estr\u00e9s experimentaron ese d\u00eda, cu\u00e1nto de ese estr\u00e9s estaba relacionado con COVID-19 y cu\u00e1nto estr\u00e9s anticiparon experimentar al d\u00eda siguiente. Al analizar los datos del estudio, los investigadores controlaron una variedad de variables, incluido el g\u00e9nero, el nivel socioecon\u00f3mico y el riesgo percibido de cada participante de contraer COVID-19.<\/p>\n<p>Al evaluar las respuestas de los participantes del estudio, los investigadores se centraron en encontrar diferencias b entre los participantes, y encontraron diferencias pronunciadas entre los adultos blancos en el estudio. La edad fue un factor importante para predecir la ansiedad y los s\u00edntomas depresivos en respuesta a experimentar o predecir el estr\u00e9s pand\u00e9mico para los participantes blancos del estudio. Los adultos blancos mayores, es decir, de 60 a\u00f1os o m\u00e1s, experimentaron m\u00e1s problemas de salud mental en respuesta al estr\u00e9s pand\u00e9mico que los adultos blancos m\u00e1s j\u00f3venes. <\/p>\n<p>Sin embargo, las respuestas al estr\u00e9s pand\u00e9mico fueron m\u00e1s pronunciadas para los adultos negros sin importar la edad. Al experimentar o anticipar el estr\u00e9s pand\u00e9mico, los adultos negros m\u00e1s j\u00f3venes entre las edades de 21 y 30 a\u00f1os ten\u00edan m\u00e1s s\u00edntomas de ansiedad y depresi\u00f3n que los adultos blancos mayores que experimentaban estr\u00e9s similar. <\/p>\n<p>\u00abLa pandemia de COVID-19 ha resaltado las desigualdades del sistema que colocan a los adultos negros en mayor riesgo de resultados adversos para la salud, y nuestros hallazgos lo reflejan\u00bb, dice Ann Pearman, autora correspondiente del art\u00edculo que trabaj\u00f3 en el estudio. mientras estaba en Georgia Tech. \u00abEn pocas palabras, el estr\u00e9s de la pandemia parece estar colocando una mayor carga de salud mental en los afroamericanos. Esto se est\u00e1 desarrollando en la vida cotidiana de las personas y ha estado sucediendo durante m\u00e1s de un a\u00f1o y medio. <\/p>\n<p>\u00abEste hallazgo sugiere que necesitamos apoyar el desarrollo de intervenciones culturalmente competentes que aborden las necesidades de los adultos negros y los adultos mayores blancos\u00bb, dice Neupert. <\/p>\n<p>\u00abEl hallazgo tambi\u00e9n destaca el hecho de que gran parte de la literatura existente sobre c\u00f3mo los adultos mayores enfrentan el estr\u00e9s se ha centrado en gran medida en los adultos mayores blancos. Es necesario realizar m\u00e1s investigaciones para comprender y abordar los procesos de manejo del estr\u00e9s y la salud mental en los adultos negros en general y en los adultos negros mayores en particular\u00bb. <\/p>\n<p>El estudio se publica en Journal of Gerontology: Psychological Sciences. <\/p>\n<p>Explore m\u00e1s<\/p>\n<p> Explorando la resiliencia psicol\u00f3gica de los adultos mayores con diabetes <strong>M\u00e1s informaci\u00f3n:<\/strong> Ann Pearman et al, Experimentando y pronosticando el estr\u00e9s diario de COVID-19 sobre la reactividad de la salud mental a trav\u00e9s de la edad y la raza, The Journals of Gerontology: Serie B (2021).DOI: 10.1093\/geronb\/gbab197 Proporcionado por la Universidad Estatal de Carolina del Norte <strong>Cita<\/strong>: El estr\u00e9s pand\u00e9mico afecta a los adultos negros m\u00e1s que a sus pares blancos (2021, 6 de diciembre) consultado el 29 Agosto de 2022 de https:\/\/medicalxpress.com\/news\/2021-12-pandemic-stress-affects-black-adults.html Este documento est\u00e1 sujeto a derechos de autor. Adem\u00e1s de cualquier trato justo con fines de estudio o investigaci\u00f3n privados, no parte puede ser reproducida sin el permiso escrito ission El contenido se proporciona \u00fanicamente con fines informativos.<\/p>\n","protected":false},"excerpt":{"rendered":"<p>Cr\u00e9dito: Pixabay\/CC0 Dominio p\u00fablico Un estudio reciente encuentra que los adultos negros experimentan desaf\u00edos de salud mental m\u00e1s pronunciados que los adultos blancos en respuesta al estr\u00e9s asociado con la pandemia de COVID-19 . El estudio tambi\u00e9n encontr\u00f3 que los adultos blancos m\u00e1s j\u00f3venes se vieron menos afectados por el estr\u00e9s relacionado con el COVID-19 &hellip; <a href=\"https:\/\/www.biblia.work\/articulos-salud\/el-estres-pandemico-afecta-a-los-adultos-negros-mas-que-a-sus-pares-blancos\/\" class=\"more-link\">Continuar leyendo<span class=\"screen-reader-text\"> \u00abEl estr\u00e9s pand\u00e9mico afecta a los adultos negros m\u00e1s que a sus pares blancos\u00bb<\/span><\/a><\/p>\n","protected":false},"author":1,"featured_media":0,"comment_status":"","ping_status":"","sticky":false,"template":"","format":"standard","meta":{"footnotes":""},"categories":[1],"tags":[],"class_list":["post-5244","post","type-post","status-publish","format-standard","hentry","category-general"],"_links":{"self":[{"href":"https:\/\/www.biblia.work\/articulos-salud\/wp-json\/wp\/v2\/posts\/5244","targetHints":{"allow":["GET"]}}],"collection":[{"href":"https:\/\/www.biblia.work\/articulos-salud\/wp-json\/wp\/v2\/posts"}],"about":[{"href":"https:\/\/www.biblia.work\/articulos-salud\/wp-json\/wp\/v2\/types\/post"}],"author":[{"embeddable":true,"href":"https:\/\/www.biblia.work\/articulos-salud\/wp-json\/wp\/v2\/users\/1"}],"replies":[{"embeddable":true,"href":"https:\/\/www.biblia.work\/articulos-salud\/wp-json\/wp\/v2\/comments?post=5244"}],"version-history":[{"count":0,"href":"https:\/\/www.biblia.work\/articulos-salud\/wp-json\/wp\/v2\/posts\/5244\/revisions"}],"wp:attachment":[{"href":"https:\/\/www.biblia.work\/articulos-salud\/wp-json\/wp\/v2\/media?parent=5244"}],"wp:term":[{"taxonomy":"category","embeddable":true,"href":"https:\/\/www.biblia.work\/articulos-salud\/wp-json\/wp\/v2\/categories?post=5244"},{"taxonomy":"post_tag","embeddable":true,"href":"https:\/\/www.biblia.work\/articulos-salud\/wp-json\/wp\/v2\/tags?post=5244"}],"curies":[{"name":"wp","href":"https:\/\/api.w.org\/{rel}","templated":true}]}}