{"id":5260,"date":"2022-08-30T01:17:29","date_gmt":"2022-08-30T06:17:29","guid":{"rendered":"https:\/\/www.biblia.work\/articulos-salud\/espana-el-primer-ministro-insta-a-la-precaucion-navidena-ante-la-infeccion-del-personal-hospitalario\/"},"modified":"2022-08-30T01:17:29","modified_gmt":"2022-08-30T06:17:29","slug":"espana-el-primer-ministro-insta-a-la-precaucion-navidena-ante-la-infeccion-del-personal-hospitalario","status":"publish","type":"post","link":"https:\/\/www.biblia.work\/articulos-salud\/espana-el-primer-ministro-insta-a-la-precaucion-navidena-ante-la-infeccion-del-personal-hospitalario\/","title":{"rendered":"Espa\u00f1a: El primer ministro insta a la precauci\u00f3n navide\u00f1a ante la infecci\u00f3n del personal hospitalario"},"content":{"rendered":"<p>El primer ministro de Espa\u00f1a, Pedro S\u00e1nchez, pronuncia un discurso en la sede de la UNESCO en Par\u00eds, el 12 de noviembre de 2021. El primer ministro de Espa\u00f1a insta a la gente a &quot;permanecer prudente&quot; sobre COVID-19 durante las vacaciones, ya que se sospecha que las festividades navide\u00f1as en un hospital espa\u00f1ol infectaron a docenas de empleados. S\u00e1nchez dijo el lunes 6 de diciembre que los espa\u00f1oles no pueden &quot;bajar la guardia&quot; porque el coronavirus sigue propag\u00e1ndose. Cr\u00e9dito: Julien de Rosa, Pool Photo v\u00eda AP, archivo <\/p>\n<p>El primer ministro de Espa\u00f1a inst\u00f3 el lunes a la gente a \u00abpermanecer prudente\u00bb sobre el COVID-19 durante las fiestas, ya que se sospecha que las festividades navide\u00f1as en un hospital espa\u00f1ol infectaron a decenas de empleados. <\/p>\n<p>El presidente del Gobierno, Pedro S\u00e1nchez, dijo a los periodistas que los espa\u00f1oles no pueden \u00abbajar la guardia\u00bb porque el coronavirus contin\u00faa propag\u00e1ndose, a pesar de que hay menos casos y menos dificultades para el servicio de salud que en esta \u00e9poca el a\u00f1o pasado.<\/p>\n<p> El hospital regional de M\u00e1laga, una ciudad en la costa sur de Espa\u00f1a, dijo que 170 empleados asistieron a una cena de Navidad en un restaurante el fin de semana pasado. Desde entonces, 68 miembros del personal, incluidos m\u00e9dicos y enfermeros de cuidados intensivos, han dado positivo por COVID-19.<\/p>\n<p>El personal se hizo pruebas de ant\u00edgenos antes del evento y dio negativo, lo que hace que las autoridades se pregunten si la cena fue la causa del brote, inform\u00f3 la agencia privada espa\u00f1ola de noticias Europa Press.<\/p>\n<p>Todo el personal infectado fue completamente vacunado y no muestra s\u00edntomas, dijo Europa Press, citando fuentes hospitalarias no identificadas.<\/p>\n<p> La provincia de Andaluc\u00eda, donde se encuentra M\u00e1laga, ha sido testigo recientemente de un aumento de casos. Su tasa de contagios a 14 d\u00edas se sit\u00faa en 136 casos por cada 100.000 habitantes.<\/p>\n<p>En el conjunto de Espa\u00f1a, esa tasa se situ\u00f3 el pasado viernes en 248.<\/p>\n<p>Las autoridades tambi\u00e9n est\u00e1n atentas al nuevo omicron variante, con 10 casos reportados en todo el pa\u00eds, aunque la escala de la amenaza a\u00fan no est\u00e1 clara.<\/p>\n<p>El gobierno regional de las Islas Baleares en el Mediterr\u00e1neo, que incluye Mallorca, anunci\u00f3 el lunes que hab\u00eda detectado cuatro nuevos casos de omicron. Encontr\u00f3 otros dos casos la semana pasada. <\/p>\n<p>Explore m\u00e1s<\/p>\n<p> Noruega presenta nuevas medidas anti-Covid en Oslo <\/p>\n<p> 2021 The Associated Press. Reservados todos los derechos. Este material no puede ser publicado, transmitido, reescrito o redistribuido sin permiso. <\/p>\n<p> <strong>Cita<\/strong>: Espa\u00f1a: el primer ministro insta a la precauci\u00f3n navide\u00f1a ya que el personal del hospital est\u00e1 infectado (6 de diciembre de 2021) recuperado el 29 de agosto de 2022 de https:\/\/medicalxpress.com\/news\/2021-12-spain- pm-urges-christmas-caution.html Este documento est\u00e1 sujeto a derechos de autor. Aparte de cualquier trato justo con fines de estudio o investigaci\u00f3n privados, ninguna parte puede reproducirse sin el permiso por escrito. El contenido se proporciona \u00fanicamente con fines informativos.<\/p>\n","protected":false},"excerpt":{"rendered":"<p>El primer ministro de Espa\u00f1a, Pedro S\u00e1nchez, pronuncia un discurso en la sede de la UNESCO en Par\u00eds, el 12 de noviembre de 2021. El primer ministro de Espa\u00f1a insta a la gente a &quot;permanecer prudente&quot; sobre COVID-19 durante las vacaciones, ya que se sospecha que las festividades navide\u00f1as en un hospital espa\u00f1ol infectaron a &hellip; <a href=\"https:\/\/www.biblia.work\/articulos-salud\/espana-el-primer-ministro-insta-a-la-precaucion-navidena-ante-la-infeccion-del-personal-hospitalario\/\" class=\"more-link\">Continuar leyendo<span class=\"screen-reader-text\"> \u00abEspa\u00f1a: El primer ministro insta a la precauci\u00f3n navide\u00f1a ante la infecci\u00f3n del personal hospitalario\u00bb<\/span><\/a><\/p>\n","protected":false},"author":1,"featured_media":0,"comment_status":"","ping_status":"","sticky":false,"template":"","format":"standard","meta":{"footnotes":""},"categories":[1],"tags":[],"class_list":["post-5260","post","type-post","status-publish","format-standard","hentry","category-general"],"_links":{"self":[{"href":"https:\/\/www.biblia.work\/articulos-salud\/wp-json\/wp\/v2\/posts\/5260","targetHints":{"allow":["GET"]}}],"collection":[{"href":"https:\/\/www.biblia.work\/articulos-salud\/wp-json\/wp\/v2\/posts"}],"about":[{"href":"https:\/\/www.biblia.work\/articulos-salud\/wp-json\/wp\/v2\/types\/post"}],"author":[{"embeddable":true,"href":"https:\/\/www.biblia.work\/articulos-salud\/wp-json\/wp\/v2\/users\/1"}],"replies":[{"embeddable":true,"href":"https:\/\/www.biblia.work\/articulos-salud\/wp-json\/wp\/v2\/comments?post=5260"}],"version-history":[{"count":0,"href":"https:\/\/www.biblia.work\/articulos-salud\/wp-json\/wp\/v2\/posts\/5260\/revisions"}],"wp:attachment":[{"href":"https:\/\/www.biblia.work\/articulos-salud\/wp-json\/wp\/v2\/media?parent=5260"}],"wp:term":[{"taxonomy":"category","embeddable":true,"href":"https:\/\/www.biblia.work\/articulos-salud\/wp-json\/wp\/v2\/categories?post=5260"},{"taxonomy":"post_tag","embeddable":true,"href":"https:\/\/www.biblia.work\/articulos-salud\/wp-json\/wp\/v2\/tags?post=5260"}],"curies":[{"name":"wp","href":"https:\/\/api.w.org\/{rel}","templated":true}]}}