{"id":5275,"date":"2022-08-30T01:17:55","date_gmt":"2022-08-30T06:17:55","guid":{"rendered":"https:\/\/www.biblia.work\/articulos-salud\/francia-cerrara-clubes-nocturnos-por-aumento-de-covid\/"},"modified":"2022-08-30T01:17:55","modified_gmt":"2022-08-30T06:17:55","slug":"francia-cerrara-clubes-nocturnos-por-aumento-de-covid","status":"publish","type":"post","link":"https:\/\/www.biblia.work\/articulos-salud\/francia-cerrara-clubes-nocturnos-por-aumento-de-covid\/","title":{"rendered":"Francia cerrar\u00e1 clubes nocturnos por aumento de COVID"},"content":{"rendered":"<p>Cr\u00e9dito: Pixabay\/CC0 Public Domain <\/p>\n<p>Se ordenar\u00e1 el cierre de clubes nocturnos en Francia durante cuatro semanas a partir de este fin de semana para contrarrestar un aumento de COVID que ha puesto a los hospitales bajo una gran presi\u00f3n, dijo el primer ministro dijo el lunes. <\/p>\n<p>Los escolares tambi\u00e9n se enfrentar\u00e1n a un distanciamiento social m\u00e1s estricto y al uso prolongado de mascarillas, y las tasas de infecci\u00f3n aumentar\u00e1n entre los j\u00f3venes, dijo Jean Castex, quien sali\u00f3 de la cuarentena la semana pasada despu\u00e9s de contraer el virus.<\/p>\n<p>\u00abTenemos todos ten\u00edan una tendencia a bajar la guardia\u00bb en las \u00faltimas semanas, dijo.<\/p>\n<p>Pero el gobierno no lleg\u00f3 a imponer medidas m\u00e1s estrictas para la poblaci\u00f3n en general ni a enfocarse en los no vacunados, como lo han hecho varios otros pa\u00edses en d\u00edas recientes.<\/p>\n<p>En cambio, Castex dijo que los empleadores deber\u00edan alentar al personal a trabajar desde casa e inst\u00f3 a las personas a reducir los compromisos sociales, como las fiestas en la oficina, a medida que se acercan las vacaciones de fin de a\u00f1o.<\/p>\n<p>Y ahora se requerir\u00e1n pases de salud para comer en los mercados navide\u00f1os al aire libre, dijo.<\/p>\n<p>\u00abLa situaci\u00f3n exige tanto un esfuerzo individual como colectivo\u00bb, dijo Castex en un discurso televisado.<\/p>\n<p>\u00abPero ya no es el momento de los cierres\u00bb, dijo, citando una tasa de vacunaci\u00f3n francesa de casi 90p ercento de la poblaci\u00f3n elegible.<\/p>\n<p>Las vacunas tambi\u00e9n podr\u00edan extenderse a ni\u00f1os de 5 a 12 a\u00f1os, dijo, y los mayores de 65 a\u00f1os ya no necesitar\u00e1n citas para recibir vacunas de refuerzo.<\/p>\n<p> &#8216;Bailando en los restaurantes&#8217;<\/p>\n<p>En los pr\u00f3ximos d\u00edas se abrir\u00e1n varios centros de vacunaci\u00f3n nuevos en Par\u00eds, ya que los sitios actuales luchan por satisfacer la demanda en las principales ciudades, unos 10 millones de personas ya han recibido vacunas de refuerzo.<\/p>\n<p>Los propietarios de clubes nocturnos reaccionaron furiosamente al nuevo cierre, ya que hab\u00edan estado cerrados durante la mayor parte del invierno y la primavera pasados antes de reabrir en julio.<\/p>\n<p>Thierry Fontaine, de la asociaci\u00f3n de la industria UMIH Nuit, dijo que los clubes estaban siendo atacados injustamente.<\/p>\n<p>\u00abUna vez m\u00e1s, no hay medidas dr\u00e1sticas para ning\u00fan otro sector\u00bb, dijo.<\/p>\n<p>\u00abNos cancelan la Nochevieja&#8230; pero estar\u00e1n bailando en todos los restaurantes. \u00ab<\/p>\n<p>Tambi\u00e9n dud\u00f3 de que la ayuda financiera prometida por Castex fuera suficiente para compensar la p\u00e9rdida en la temporada navide\u00f1a clave.<\/p>\n<p>Casi toda la analiz\u00f3 los casos de virus en Francia relacionados con la variante Delta, que ha demostrado ser m\u00e1s infecciosa incluso entre las personas vacunadas. <\/p>\n<p>Hasta ahora, Francia ha confirmado solo 25 casos de la nueva variante Omicron, pero las autoridades dicen que el n\u00famero podr\u00eda aumentar significativamente en las pr\u00f3ximas semanas.<\/p>\n<p>El domingo, el Ministerio de Salud inform\u00f3 de m\u00e1s de 42\u00a0000 casos en las \u00faltimas 24 horas, y m\u00e1s de 11.000 pacientes hospitalizados, la cifra m\u00e1s alta desde agosto, con 2.000 en cuidados intensivos. <\/p>\n<p>Explorar m\u00e1s<\/p>\n<p> Francia intensifica la campa\u00f1a de refuerzo del virus a medida que aumentan las infecciones <\/p>\n<p> 2021 AFP <\/p>\n<p> <strong>Cita<\/strong>: Francia cerrar\u00e1 los clubes nocturnos por el aumento de COVID (2021, 6 de diciembre) recuperado 29 de agosto de 2022 de https:\/\/medicalxpress.com\/news\/2021-12-france-nightclubs-covid-surge.html Este documento est\u00e1 sujeto a derechos de autor. Aparte de cualquier trato justo con fines de estudio o investigaci\u00f3n privados, ninguna parte puede reproducirse sin el permiso por escrito. El contenido se proporciona \u00fanicamente con fines informativos.<\/p>\n","protected":false},"excerpt":{"rendered":"<p>Cr\u00e9dito: Pixabay\/CC0 Public Domain Se ordenar\u00e1 el cierre de clubes nocturnos en Francia durante cuatro semanas a partir de este fin de semana para contrarrestar un aumento de COVID que ha puesto a los hospitales bajo una gran presi\u00f3n, dijo el primer ministro dijo el lunes. Los escolares tambi\u00e9n se enfrentar\u00e1n a un distanciamiento social &hellip; <a href=\"https:\/\/www.biblia.work\/articulos-salud\/francia-cerrara-clubes-nocturnos-por-aumento-de-covid\/\" class=\"more-link\">Continuar leyendo<span class=\"screen-reader-text\"> \u00abFrancia cerrar\u00e1 clubes nocturnos por aumento de COVID\u00bb<\/span><\/a><\/p>\n","protected":false},"author":1,"featured_media":0,"comment_status":"","ping_status":"","sticky":false,"template":"","format":"standard","meta":{"footnotes":""},"categories":[1],"tags":[],"class_list":["post-5275","post","type-post","status-publish","format-standard","hentry","category-general"],"_links":{"self":[{"href":"https:\/\/www.biblia.work\/articulos-salud\/wp-json\/wp\/v2\/posts\/5275","targetHints":{"allow":["GET"]}}],"collection":[{"href":"https:\/\/www.biblia.work\/articulos-salud\/wp-json\/wp\/v2\/posts"}],"about":[{"href":"https:\/\/www.biblia.work\/articulos-salud\/wp-json\/wp\/v2\/types\/post"}],"author":[{"embeddable":true,"href":"https:\/\/www.biblia.work\/articulos-salud\/wp-json\/wp\/v2\/users\/1"}],"replies":[{"embeddable":true,"href":"https:\/\/www.biblia.work\/articulos-salud\/wp-json\/wp\/v2\/comments?post=5275"}],"version-history":[{"count":0,"href":"https:\/\/www.biblia.work\/articulos-salud\/wp-json\/wp\/v2\/posts\/5275\/revisions"}],"wp:attachment":[{"href":"https:\/\/www.biblia.work\/articulos-salud\/wp-json\/wp\/v2\/media?parent=5275"}],"wp:term":[{"taxonomy":"category","embeddable":true,"href":"https:\/\/www.biblia.work\/articulos-salud\/wp-json\/wp\/v2\/categories?post=5275"},{"taxonomy":"post_tag","embeddable":true,"href":"https:\/\/www.biblia.work\/articulos-salud\/wp-json\/wp\/v2\/tags?post=5275"}],"curies":[{"name":"wp","href":"https:\/\/api.w.org\/{rel}","templated":true}]}}