{"id":5331,"date":"2022-08-30T01:19:31","date_gmt":"2022-08-30T06:19:31","guid":{"rendered":"https:\/\/www.biblia.work\/articulos-salud\/alemania-1-de-cada-100-infectados-con-virus-dice-el-ministro-de-salud\/"},"modified":"2022-08-30T01:19:31","modified_gmt":"2022-08-30T06:19:31","slug":"alemania-1-de-cada-100-infectados-con-virus-dice-el-ministro-de-salud","status":"publish","type":"post","link":"https:\/\/www.biblia.work\/articulos-salud\/alemania-1-de-cada-100-infectados-con-virus-dice-el-ministro-de-salud\/","title":{"rendered":"Alemania: 1 de cada 100 infectados con virus, dice el ministro de salud"},"content":{"rendered":"<p>Lavinia Israel, empleada del centro de pruebas, toma una muestra de un cliente para una prueba r\u00e1pida en un centro de pruebas Corona en el centro comercial Kaufpark Nickern en Dresden, Alemania, el viernes , 3 de diciembre de 2021. Credit: Sebastian Kahnert\/dpa v\u00eda AP <\/p>\n<p>El ministro de Salud de Alemania dijo el viernes que m\u00e1s del 1% de la poblaci\u00f3n, casi un mill\u00f3n de personas, est\u00e1n actualmente infectadas con el coronavirus, y pidi\u00f3 a los ciudadanos que se vacunen si lo han hecho. A\u00fan no lo he hecho. <\/p>\n<p>El pa\u00eds confirm\u00f3 74.352 nuevos casos diarios de COVID-19 y 390 muertes adicionales, seg\u00fan mostraron las cifras publicadas por la agencia federal de control de enfermedades. Seg\u00fan los c\u00e1lculos del Instituto Robert Koch, se considera que unas 925.800 personas en Alemania est\u00e1n infectadas activamente con el virus.<\/p>\n<p>El ministro de Salud, Jens Spahn, se\u00f1al\u00f3 que la cantidad de residentes no vacunados que est\u00e1n infectados y gravemente enfermos es mucho mayor que su parte de la poblaci\u00f3n general.<\/p>\n<p>\u00abSi todos los adultos alemanes estuvieran vacunados, no estar\u00edamos en esta dif\u00edcil situaci\u00f3n\u00bb, dijo a los periodistas en Berl\u00edn.<\/p>\n<p>Spahn habl\u00f3 un d\u00eda despu\u00e9s Los l\u00edderes federales y estatales anunciaron nuevas y estrictas restricciones que se dirigen principalmente a las personas no vacunadas, lo que les impide ingresar a tiendas, restaurantes, lugares deportivos y culturales no esenciales.<\/p>\n<p>El gobierno tambi\u00e9n planea presentar un mandato general de vacunaci\u00f3n para que el parlamento lo considere. El portavoz del gobierno Steffen Seibert dijo que los legisladores podr\u00edan votar sobre el tema a principios de enero.<\/p>\n<p>Spahn, quien probablemente dejar\u00e1 el cargo la pr\u00f3xima semana cuando asuma el nuevo gobierno de centroizquierda de Alemania, se opuso a la vacunaci\u00f3n obligatoria y dej\u00f3 en claro el viernes que votar\u00eda en contra de la medida.<\/p>\n<ul>\n<li data-thumb=\"https:\/\/scx1.b-cdn.net\/csz\/news\/tmb\/2021\/germany-1-in-100- infec-1.jpg\" data-src=\"https:\/\/scx2.b-cdn.net\/gfx\/news\/hires\/2021\/germany-1-in-100-infec-1.jpg\" data-sub-html=\"Jens Spahn, Ministro Federal Ejecutivo de Salud, se quita la m\u00e1scara FFP2 al comienzo de la conferencia de prensa sobre la evoluci\u00f3n de la pandemia de Corona en la Conferencia de Prensa Federal en Berl\u00edn, Alemania, el viernes 3 de diciembre de 2021. Credit: Kay Nietfeld\/dpa v\u00eda AP\"> Jens Spahn, Ministro Ejecutivo Federal de Salud, se quita la m\u00e1scara FFP2 al comienzo de la conferencia de prensa sobre la evoluci\u00f3n de la pandemia de Corona en la Conferencia de Prensa Federal en Berl\u00edn, Alemania, el viernes 3 de diciembre de 2019. 2021. Cr\u00e9dito: Kay Nietfeld\/dpa v\u00eda AP <\/li>\n<li data-thumb=\"https:\/\/scx1.b-cdn.net\/csz\/news\/tmb\/2021\/germany-1-in-100-infec-2.jpg\" data-src=\"https:\/\/scx2.b-cdn.net\/gfx\/news\/hires\/2021\/germany-1-in-100-infec-2.jpg\" data-sub-html=\"A 24 a\u00f1os -old recibe su vacuna de refuerzo con el ingrediente activo Biontech en el nuevo centro de vacunaci\u00f3n en Bremen, Alemania, el viernes 3 de diciembre de 2021. Se instalaron numerosas cabinas para las vacunas contra el virus corona en la antigua sala de caja en la sucursal principal de la Sparkasse Bremen. En el centro de vacunaci\u00f3n reci\u00e9n abierto, se planean hasta 5,000 vacunas corona por d\u00eda. Cr\u00e9dito: Joerg Sarbach\/dpa v\u00eda AP\"> Un joven de 24 a\u00f1os recibe su vacuna de refuerzo con el ingrediente activo Biontech en el nuevo centro de vacunaci\u00f3n en Bremen, Alemania, el viernes 3 de diciembre de 2021. Numerosos puestos para las vacunas contra el corona virus se instalan en la antigua sala de caja en la sucursal principal de la Sparkasse Bremen. En el centro de vacunaci\u00f3n reci\u00e9n inaugurado, se planean hasta 5,000 vacunas corona por d\u00eda. Credit: Joerg Sarbach\/dpa v\u00eda AP <\/li>\n<li data-thumb=\"https:\/\/scx1.b-cdn.net\/csz\/news\/tmb\/2021\/germany-1-in-100-infec-3.jpg\" data-src=\"https:\/\/scx2. b-cdn.net\/gfx\/news\/hires\/2021\/germany-1-in-100-infec-3.jpg\" data-sub-html=\"Desde la unidad de cuidados intensivos Corona del Hospital Evang\u00e9lico Paul Gerhard Stift, un Una mujer embarazada que sufre de covid-19 es trasladada al helic\u00f3ptero DRF por Air Rescue Emergency en Wittenberg, Alemania, el viernes 3 de diciembre de 2021 Por razones m\u00e9dicas, la mujer es trasladada al centro prenatal del Hospital Universitario de Halle. Cr\u00e9dito: Waltraud Grubitzsch\/dpa v\u00eda AP\"> Desde la unidad de cuidados intensivos Corona del Hospital Evang\u00e9lico Paul Gerhard Stift, una mujer embarazada que padece covid-19 es llevada al helic\u00f3ptero DRF por Air Rescue Emergency en Wittenberg, Alemania, el viernes 2 de diciembre de 2019. La mujer es trasladada al centro prenatal del Hospital Universitario de Halle por razones m\u00e9dicas, el 3 de enero de 2021. Credit: Waltraud Grubitzsch\/dpa v\u00eda AP <\/li>\n<li data-thumb=\"https:\/\/scx1.b-cdn.net \/csz\/news\/tmb\/2021\/alemania-1-en-100-infec-4.jpg\" data-src=\"https:\/\/scx2.b-cdn.net\/gfx\/news\/hires\/2021\/alemania- 1-in-100-infec-4.jpg\" data-sub-html=\"Jens Spahn, Ministro Ejecutivo Federal de Salud, y Lothar H. Wieler, Presidente del Instituto Robert Koch (RKI), desde la derecha, salen del Federal Conferencia de prensa despu\u00e9s de una conferencia de prensa sobre la evoluci\u00f3n de la pandemia de coronavirus en Berl\u00edn, Alemania, el viernes 3 de diciembre de 2021. Credit: Kay Nietfeld\/dpa v\u00eda AP\"> Jens Spahn, Ministro Ejecutivo Federal de Salud, y Lothar H. Wieler, Presidente de Robert Koch Institute (RKI), desde la derecha, abandona la conferencia de prensa federal despu\u00e9s de una conferencia de prensa sobre la evoluci\u00f3n de la pandemia de coronavirus en Berl\u00edn, Alemania, el viernes 3 de diciembre de 2021. Credit: Kay Nietfeld\/dpa v\u00eda AP <\/li>\n<li data-thumb=\"https:\/\/scx1.b-cdn.net\/csz\/news\/tmb\/2021\/germany-1-in-100-infec-5.jpg\" data-src=\"https:\/\/scx2. b-cdn.net\/gfx\/news\/hires\/2021\/germany-1-in-100-infec-5.jpg\" data-sub-html=\"Jens Spahn, Ministro Ejecutivo Federal de Salud, da una conferencia de prensa sobre el desarrollo de la pandemia de coronavirus en la conferencia de prensa federal en Berl\u00edn, Alemania, el viernes 3 de diciembre de 2021. Credit: Kay Nietfeld\/dpa v\u00eda AP\"> Jens Spahn, ministro federal ejecutivo de Salud, da una conferencia de prensa sobre el desarrollo de la pandemia del coronavirus en la conferencia de prensa federal en Berl\u00edn, Alemania, el viernes 3 de diciembre de 2021. Credit: Kay Nietfeld\/dpa v\u00eda AP <\/li>\n<p> &lt;li data-thumb=&quot;https:\/\/scx1.b-cdn. net\/csz\/news\/tmb\/2021\/alemania-1-en-100-infec-6.jpg&quot; data-src=&quot;https:\/\/scx2.b-cdn.net\/gfx\/news\/hires\/2021\/alemania -1- in-100-infec-6.jpg&quot; data-sub-html=&quot;Lothar H. Wieler, presidente del Instituto Robert Koch (RKI), da una conferencia de prensa sobre la evoluci\u00f3n de la pandemia de Corona en la Conferencia de prensa federal en Berl\u00edn, Alemania, viernes 3 de diciembre de 2021. Credit: Kay Nietfeld\/dpa v\u00eda AP en Berl\u00edn, Alemania, el viernes 3 de diciembre de 2021. Credit: Kay Nietfeld\/dpa v\u00eda AP <\/li>\n<\/ul>\n<p>Alrededor del 68,8% de las personas en Alemania est\u00e1n completamente vacunadas, mientras que el gobierno ha establecido un m\u00ednimo objetivo del 75%. Por primera vez desde el verano, se administraron m\u00e1s de 1 mill\u00f3n de dosis en un solo d\u00eda el mi\u00e9rcoles.<\/p>\n<p>Las autoridades de Berl\u00edn prohibieron una protesta planeada para el s\u00e1bado por los opositores a las medidas contra la pandemia. La polic\u00eda en la capital dijo que las manifestaciones anteriores hab\u00edan demostrado que los participantes no cumplieron con las reglas de prevenci\u00f3n de infecciones, incluida la negativa a usar m\u00e1scaras.<\/p>\n<p>La asociaci\u00f3n de medicina de cuidados intensivos de Alemania, DIVI, acogi\u00f3 con satisfacci\u00f3n las restricciones recientemente acordadas. Pero su director, Gernot Marx, dijo a la agencia de noticias dpa que el n\u00famero de pacientes con COVID-19 tratados en UCI probablemente alcanzar\u00eda un nuevo r\u00e9cord durante el per\u00edodo festivo.<\/p>\n<p>El director del Instituto Robert Koch, Lothar Wieler, advirti\u00f3 que una meseta en los nuevos casos observados en algunas regiones podr\u00eda ser el resultado de que los laboratorios y las oficinas de salud locales alcancen los l\u00edmites de lo que pueden procesar.<\/p>\n<p>\u00abAs\u00ed que es demasiado pronto para leer una inversi\u00f3n de tendencia en esto, mucho menos para abstenerse de tomar medidas m\u00e1s duras\u00bb, dijo. <\/p>\n<p>Explore m\u00e1s<\/p>\n<p> El ministro de Salud les dice a los alemanes: vac\u00fanese o contraiga COVID <\/p>\n<p> 2021 The Associated Press. Reservados todos los derechos. Este material no puede ser publicado, transmitido, reescrito o redistribuido sin permiso. <\/p>\n<p> <strong>Cita<\/strong>: Alemania: 1 de cada 100 infectados con virus, dice el ministro de salud (3 de diciembre de 2021) recuperado el 29 de agosto de 2022 de https:\/\/medicalxpress.com\/news\/2021-12- germany-infected-virus-health-minister.html Este documento est\u00e1 sujeto a derechos de autor. Aparte de cualquier trato justo con fines de estudio o investigaci\u00f3n privados, ninguna parte puede reproducirse sin el permiso por escrito. El contenido se proporciona \u00fanicamente con fines informativos.<\/p>\n","protected":false},"excerpt":{"rendered":"<p>Lavinia Israel, empleada del centro de pruebas, toma una muestra de un cliente para una prueba r\u00e1pida en un centro de pruebas Corona en el centro comercial Kaufpark Nickern en Dresden, Alemania, el viernes , 3 de diciembre de 2021. Credit: Sebastian Kahnert\/dpa v\u00eda AP El ministro de Salud de Alemania dijo el viernes que &hellip; <a href=\"https:\/\/www.biblia.work\/articulos-salud\/alemania-1-de-cada-100-infectados-con-virus-dice-el-ministro-de-salud\/\" class=\"more-link\">Continuar leyendo<span class=\"screen-reader-text\"> \u00abAlemania: 1 de cada 100 infectados con virus, dice el ministro de salud\u00bb<\/span><\/a><\/p>\n","protected":false},"author":1,"featured_media":0,"comment_status":"","ping_status":"","sticky":false,"template":"","format":"standard","meta":{"footnotes":""},"categories":[1],"tags":[],"class_list":["post-5331","post","type-post","status-publish","format-standard","hentry","category-general"],"_links":{"self":[{"href":"https:\/\/www.biblia.work\/articulos-salud\/wp-json\/wp\/v2\/posts\/5331","targetHints":{"allow":["GET"]}}],"collection":[{"href":"https:\/\/www.biblia.work\/articulos-salud\/wp-json\/wp\/v2\/posts"}],"about":[{"href":"https:\/\/www.biblia.work\/articulos-salud\/wp-json\/wp\/v2\/types\/post"}],"author":[{"embeddable":true,"href":"https:\/\/www.biblia.work\/articulos-salud\/wp-json\/wp\/v2\/users\/1"}],"replies":[{"embeddable":true,"href":"https:\/\/www.biblia.work\/articulos-salud\/wp-json\/wp\/v2\/comments?post=5331"}],"version-history":[{"count":0,"href":"https:\/\/www.biblia.work\/articulos-salud\/wp-json\/wp\/v2\/posts\/5331\/revisions"}],"wp:attachment":[{"href":"https:\/\/www.biblia.work\/articulos-salud\/wp-json\/wp\/v2\/media?parent=5331"}],"wp:term":[{"taxonomy":"category","embeddable":true,"href":"https:\/\/www.biblia.work\/articulos-salud\/wp-json\/wp\/v2\/categories?post=5331"},{"taxonomy":"post_tag","embeddable":true,"href":"https:\/\/www.biblia.work\/articulos-salud\/wp-json\/wp\/v2\/tags?post=5331"}],"curies":[{"name":"wp","href":"https:\/\/api.w.org\/{rel}","templated":true}]}}