{"id":5332,"date":"2022-08-30T01:19:33","date_gmt":"2022-08-30T06:19:33","guid":{"rendered":"https:\/\/www.biblia.work\/articulos-salud\/la-oms-aun-no-tiene-informes-de-muertes-por-omicron-covid\/"},"modified":"2022-08-30T01:19:33","modified_gmt":"2022-08-30T06:19:33","slug":"la-oms-aun-no-tiene-informes-de-muertes-por-omicron-covid","status":"publish","type":"post","link":"https:\/\/www.biblia.work\/articulos-salud\/la-oms-aun-no-tiene-informes-de-muertes-por-omicron-covid\/","title":{"rendered":"La OMS a\u00fan no tiene informes de muertes por Omicron Covid"},"content":{"rendered":"<p>La Organizaci\u00f3n Mundial de la Salud dijo el viernes que no hab\u00eda visto ning\u00fan informe de muertes relacionadas con la nueva variante Omicron de Covid-19. <\/p>\n<p>La OMS dijo que estaba recopilando evidencia sobre la variante de preocupaci\u00f3n (COV), mientras los pa\u00edses de todo el mundo se esfuerzan por evitar que se propague.<\/p>\n<p>Pero a pesar de que un n\u00famero creciente de pa\u00edses registran infecciones con la nueva variante, a\u00fan no se han informado muertes a la agencia de salud de la ONU.<\/p>\n<p>\u00abTodav\u00eda no he visto informes de muertes relacionadas con Omicron\u00bb, dijo el portavoz de la OMS, Christian Lindmeier, a los periodistas en Ginebra.<\/p>\n<p>\u00abEstamos recopilando toda la evidencia y encontraremos mucha m\u00e1s evidencia a medida que avancemos.<\/p>\n<p>\u00abCuantos m\u00e1s pa\u00edses&#8230; sigan evaluando a las personas y buscando espec\u00edficamente en la variante Omicron, tambi\u00e9n encontrar m\u00e1s casos, m\u00e1s informaci\u00f3n y, con suerte, no, pero tambi\u00e9n posiblemente muertes\u00bb.<\/p>\n<p>Si bien Omicron ha sacudido al mundo, Lindmeier tambi\u00e9n inst\u00f3 a las personas a tener en cuenta la variante Delta, que representa el 99.8 por ciento de los secuencias cargadas en la iniciativa cient\u00edfica global GISAID con espec\u00edmenes recolectados en los \u00faltimos 60 d\u00edas.<\/p>\n<p>\u00abOmicron puede estar en aumento, y podemos llegar a un punto en el que se convierte en la variante dominante, pero en este punto, la variante muy dominante sigue siendo Delta\u00bb, enfatiz\u00f3.<\/p>\n<p>Lindmeier agreg\u00f3: \u00abLas restricciones que se implementaron en muchos pa\u00edses hace solo dos semanas cierres econ\u00f3micos nuevamente, bloqueos en algunas \u00e1reas, cierres de mercados navide\u00f1os en partes de Europa, esto se hizo antes de Omicron debido a un aumento de los casos de Delta. No perdamos de vista esto\u00bb.<\/p>\n<p>El portavoz inst\u00f3 a las personas a usar medidas comprobadas para protegerse contra Delta y, por lo tanto, contra Omicron.<\/p>\n<p>La OMS ha dicho que tomar\u00e1 varias semanas obtener una una imagen completa de la transmisibilidad y la gravedad de la enfermedad de Omicron, y para evaluar c\u00f3mo las vacunas, las pruebas y los tratamientos resisten la nueva variante.<\/p>\n<p>A medida que Omicron se propaga, surge informaci\u00f3n de varios pa\u00edses.<\/p>\n<p>\u00abLo que debemos hacer es tomar todas estas observaciones, evaluaciones y pruebas y reunir esta informaci\u00f3n y luego hacer que los expertos la analicen, la sopesen cuidadosamente y realicen la evaluaci\u00f3n. Eso a\u00fan llevar\u00e1 algo de tiempo\u00bb, dijo Lindmeier.<\/p>\n<p>\u00abLos datos preliminares muestran que existe una mayor transmisibilidad. Pero eso es b\u00e1sicamente todo lo que tenemos hasta ahora\u00bb. <\/p>\n<p>Explore m\u00e1s<\/p>\n<p> La variante de Omicron plantea un riesgo &#8216;alto a muy alto&#8217; para Europa: agencia de salud de la UE <\/p>\n<p> 2021 AFP <\/p>\n<p> <strong>Cita<\/strong>: La OMS a\u00fan no tiene informes de muertes por Omicron Covid (2021, 3 de diciembre) recuperado el 29 de agosto de 2022 de https:\/\/medicalxpress.com\/news\/2021-12-omicron-covid-deaths.html Este documento est\u00e1 sujeto a derechos de autor Aparte de cualquier trato justo con fines de estudio o investigaci\u00f3n privados, ninguna parte puede reproducirse sin el permiso por escrito. El contenido se proporciona \u00fanicamente con fines informativos.<\/p>\n","protected":false},"excerpt":{"rendered":"<p>La Organizaci\u00f3n Mundial de la Salud dijo el viernes que no hab\u00eda visto ning\u00fan informe de muertes relacionadas con la nueva variante Omicron de Covid-19. La OMS dijo que estaba recopilando evidencia sobre la variante de preocupaci\u00f3n (COV), mientras los pa\u00edses de todo el mundo se esfuerzan por evitar que se propague. Pero a pesar &hellip; <a href=\"https:\/\/www.biblia.work\/articulos-salud\/la-oms-aun-no-tiene-informes-de-muertes-por-omicron-covid\/\" class=\"more-link\">Continuar leyendo<span class=\"screen-reader-text\"> \u00abLa OMS a\u00fan no tiene informes de muertes por Omicron Covid\u00bb<\/span><\/a><\/p>\n","protected":false},"author":1,"featured_media":0,"comment_status":"","ping_status":"","sticky":false,"template":"","format":"standard","meta":{"footnotes":""},"categories":[1],"tags":[],"class_list":["post-5332","post","type-post","status-publish","format-standard","hentry","category-general"],"_links":{"self":[{"href":"https:\/\/www.biblia.work\/articulos-salud\/wp-json\/wp\/v2\/posts\/5332","targetHints":{"allow":["GET"]}}],"collection":[{"href":"https:\/\/www.biblia.work\/articulos-salud\/wp-json\/wp\/v2\/posts"}],"about":[{"href":"https:\/\/www.biblia.work\/articulos-salud\/wp-json\/wp\/v2\/types\/post"}],"author":[{"embeddable":true,"href":"https:\/\/www.biblia.work\/articulos-salud\/wp-json\/wp\/v2\/users\/1"}],"replies":[{"embeddable":true,"href":"https:\/\/www.biblia.work\/articulos-salud\/wp-json\/wp\/v2\/comments?post=5332"}],"version-history":[{"count":0,"href":"https:\/\/www.biblia.work\/articulos-salud\/wp-json\/wp\/v2\/posts\/5332\/revisions"}],"wp:attachment":[{"href":"https:\/\/www.biblia.work\/articulos-salud\/wp-json\/wp\/v2\/media?parent=5332"}],"wp:term":[{"taxonomy":"category","embeddable":true,"href":"https:\/\/www.biblia.work\/articulos-salud\/wp-json\/wp\/v2\/categories?post=5332"},{"taxonomy":"post_tag","embeddable":true,"href":"https:\/\/www.biblia.work\/articulos-salud\/wp-json\/wp\/v2\/tags?post=5332"}],"curies":[{"name":"wp","href":"https:\/\/api.w.org\/{rel}","templated":true}]}}