{"id":5883,"date":"2022-08-30T01:35:37","date_gmt":"2022-08-30T06:35:37","guid":{"rendered":"https:\/\/www.biblia.work\/articulos-salud\/los-legisladores-alemanes-debaten-posible-mandato-de-vacunacion-contra-el-covid\/"},"modified":"2022-08-30T01:35:37","modified_gmt":"2022-08-30T06:35:37","slug":"los-legisladores-alemanes-debaten-posible-mandato-de-vacunacion-contra-el-covid","status":"publish","type":"post","link":"https:\/\/www.biblia.work\/articulos-salud\/los-legisladores-alemanes-debaten-posible-mandato-de-vacunacion-contra-el-covid\/","title":{"rendered":"Los legisladores alemanes debaten posible mandato de vacunaci\u00f3n contra el COVID"},"content":{"rendered":"<p>El canciller alem\u00e1n Olaf Scholz presenta un cartel de una nueva campa\u00f1a de vacunaci\u00f3n durante una conferencia de prensa despu\u00e9s de una reuni\u00f3n en la Canciller\u00eda en Berl\u00edn, Alemania, el lunes 24 de enero de 2022. El canciller alem\u00e1n Olaf Scholz se reuni\u00f3 los gobernadores de los 16 estados del pa\u00eds para discutir la situaci\u00f3n del coronavirus y las medidas para combatir el virus. El cartel dice: &quot;La vacunaci\u00f3n ayuda. Tambi\u00e9n ayuda a todos los que amas.\u201d Cr\u00e9dito: AP Photo\/Hannibal Hanschke, pool <\/p>\n<p>El mi\u00e9rcoles, el parlamento de Alemania inici\u00f3 un debate sobre un posible mandato amplio de vacunaci\u00f3n contra el coronavirus, con tres opciones principales sobre la mesa hasta el momento: vacunas obligatorias para todos los adultos, solo para todos los de 50 y anterior, o ning\u00fan mandato en absoluto. <\/p>\n<p>Los pol\u00edticos alemanes de todas las tendencias insistieron durante mucho tiempo en que no habr\u00eda un mandato de vacunaci\u00f3n. Pero la marea cambi\u00f3 a fines del a\u00f1o pasado en medio de la frustraci\u00f3n de que una gran cantidad de reticencias estaba obstaculizando la lucha del pa\u00eds contra el COVID-19.<\/p>\n<p>Poco antes de convertirse en canciller en diciembre, Olaf Scholz se pronunci\u00f3 a favor de un mandato de vacunaci\u00f3n, pronosticando que entrar\u00eda en vigor en febrero o principios de marzo.<\/p>\n<p>Ese calendario se ha retrasado. El nuevo gobierno de coalici\u00f3n de Scholz est\u00e1 dejando que los legisladores presenten propuestas de vacunaci\u00f3n entre partidos y luego voten de acuerdo con su conciencia en lugar de seguir las l\u00edneas del partido.<\/p>\n<p>Eso se ha hecho antes para abordar cuestiones m\u00e9dicas \u00e9ticamente complicadas. , m\u00e1s recientemente en 2020 para decidir sobre las reglas para los donantes de \u00f3rganos.<\/p>\n<p>El mi\u00e9rcoles, los legisladores iniciaron los procedimientos con un \u00abdebate de orientaci\u00f3n\u00bb. No est\u00e1 claro cu\u00e1ndo se someter\u00e1 a votaci\u00f3n una legislaci\u00f3n, pero parece que podr\u00eda pasar hasta bien entrada la primavera antes de que entre en vigencia cualquier ley de mandato de vacunas.<\/p>\n<p>Hasta ahora han surgido tres propuestas de los legisladores en Scholz. coalici\u00f3n de gobierno de tres partidos.<\/p>\n<p>Uno es un llamado a un mandato de vacunaci\u00f3n para todos los mayores de 18 a\u00f1os, que ser\u00eda v\u00e1lido por dos a\u00f1os y cubrir\u00eda un m\u00e1ximo de tres inyecciones, con multas para los que se resistan. Una propuesta rival exige reuniones de asesoramiento obligatorias para los no vacunados, seguidas de un mandato de vacunaci\u00f3n para personas de 50 a\u00f1os o m\u00e1s si el progreso no es satisfactorio. Y otro grupo quiere evitar cualquier mandato de vacunaci\u00f3n.<\/p>\n<p>Hasta el mi\u00e9rcoles, al menos el 73,6 % de la poblaci\u00f3n de Alemania estaba completamente vacunada, m\u00e1s que el promedio de la Uni\u00f3n Europea del 70 % pero menos que en pa\u00edses como Espa\u00f1a y Portugal y 51,3 El % tambi\u00e9n hab\u00eda recibido un refuerzo. Los funcionarios no est\u00e1n satisfechos con ese nivel de vacunaci\u00f3n.<\/p>\n<p>Alemania est\u00e1 muy lejos de tener una tasa de vacunaci\u00f3n muy alta \u00aba pesar de todos nuestros esfuerzos, por lo que necesitamos un mandato general de vacunaci\u00f3n para salir de la pandemia, \u00bb Dagmar Schmidt, una importante legisladora de los socialdem\u00f3cratas de centro-izquierda de Scholz que respalda la propuesta m\u00e1s amplia, dijo al parlamento.<\/p>\n<p>El ministro de Justicia, Marco Buschmann, no respald\u00f3 ninguna propuesta espec\u00edfica, pero se\u00f1al\u00f3 los altos requisitos constitucionales para una ley universal. <\/p>\n<p>\u00abDebemos tomar muy en serio la alternativa m\u00e1s suave de un mandato de vacunaci\u00f3n escalonado relacionado con la edad\u00bb, dijo, y agreg\u00f3 que garantizar un acceso r\u00e1pido y amplio a medicamentos antivirales prometedores podr\u00eda ayudar a aliviar la presi\u00f3n sobre los pacientes intensivos. unidades de atenci\u00f3n m\u00e9dica.<\/p>\n<p>La legisladora ecologista Kirsten Kappert-Gonther cuestion\u00f3 el sentido de limitar un mandato de vacunaci\u00f3n a las personas mayores de 50 a\u00f1os.<\/p>\n<p>\u00abTambi\u00e9n hay enfermedades graves entre las personas m\u00e1s j\u00f3venes y COVID es un riesgo adicional\u201d, dijo. Y \u00absi enviamos la se\u00f1al de que la vacunaci\u00f3n es importante sobre todo para los mayores de 50 a\u00f1os, eso conlleva el riesgo de que disminuya la preparaci\u00f3n para vacunarse entre las personas m\u00e1s j\u00f3venes\u00bb.<\/p>\n<p>No est\u00e1 claro exactamente c\u00f3mo se verificar\u00eda el cumplimiento. Alemania carece de un registro central de vacunaci\u00f3n.<\/p>\n<p>El bloque Uni\u00f3n de centro-derecha, el principal partido de oposici\u00f3n, ha insistido en que el gobierno debe producir su propia legislaci\u00f3n y se quej\u00f3 de que Scholz no ha brindado liderazgo.<\/p>\n<p>El portavoz de pol\u00edtica de salud de The Union, Tino Sorge, dijo que a\u00fan quedan muchas preguntas sin respuesta y pidi\u00f3 un \u00abenfoque pragm\u00e1tico\u00bb. Se\u00f1al\u00f3 que la variante omicron, que actualmente est\u00e1 llevando las infecciones a niveles r\u00e9cord, es m\u00e1s leve y sugiri\u00f3 que eso podr\u00eda generar dudas sobre la necesidad de \u00absoluciones radicales\u00bb.<\/p>\n<p>\u00abHay buenas razones para la vacunaci\u00f3n, pero la las razones para un mandato de vacunaci\u00f3n no me convencen\u00bb, dijo Wolfgang Kubicki, un importante legislador de Dem\u00f3cratas Libres de Buschmann que se opone a cualquier mandato.<\/p>\n<p>Dijo que el sistema de salud alem\u00e1n no est\u00e1 en riesgo de colapsar y que un mandato no ayudar\u00e1 a combatir la ola actual de omicron, lo que significa que no hay justificaci\u00f3n para \u00abuna interferencia masiva en los derechos fundamentales\u00bb.<\/p>\n<p>Scholz asisti\u00f3 al debate pero no estaba programado para hablar.<\/p>\n<p>El mes pasado, el parlamento alem\u00e1n aprob\u00f3 una legislaci\u00f3n que requerir\u00e1 que el personal de los hospitales y hogares de ancianos demuestre que est\u00e1 completamente vacunado o que se ha recuperado de COVID-19 para mediados de marzo.<\/p>\n<p>La semana pasada, la vecina Austria se convirti\u00f3 en el primer pa\u00eds europeo en aprobar un mandato de vacunaci\u00f3n para todos los adultos, que se convertir\u00e1 en la w el 1 de febrero y entrar\u00e1 en vigor a partir de mediados de marzo.<\/p>\n<p>Algunos otros pa\u00edses europeos han introducido mandatos para profesiones espec\u00edficas o grupos de edad. Grecia tiene un mandato para los mayores de 60 a\u00f1os, e Italia tiene uno para las personas mayores de 50 a\u00f1os. <\/p>\n<p>Explore m\u00e1s<\/p>\n<p> Alemania para endurecer las reglas de los restaurantes, reducir la cuarentena de COVID <\/p>\n<p> 2022 The Associated Press. Reservados todos los derechos. Este material no puede ser publicado, transmitido, reescrito o redistribuido sin permiso. <\/p>\n<p> <strong>Cita<\/strong>: Los legisladores alemanes debaten el posible mandato de la vacuna COVID (26 de enero de 2022) recuperado el 29 de agosto de 2022 de https:\/\/medicalxpress.com\/news\/2022-01-german-lawmakers-debate -covid-vaccine.html Este documento est\u00e1 sujeto a derechos de autor. Aparte de cualquier trato justo con fines de estudio o investigaci\u00f3n privados, ninguna parte puede reproducirse sin el permiso por escrito. El contenido se proporciona \u00fanicamente con fines informativos.<\/p>\n","protected":false},"excerpt":{"rendered":"<p>El canciller alem\u00e1n Olaf Scholz presenta un cartel de una nueva campa\u00f1a de vacunaci\u00f3n durante una conferencia de prensa despu\u00e9s de una reuni\u00f3n en la Canciller\u00eda en Berl\u00edn, Alemania, el lunes 24 de enero de 2022. El canciller alem\u00e1n Olaf Scholz se reuni\u00f3 los gobernadores de los 16 estados del pa\u00eds para discutir la situaci\u00f3n &hellip; <a href=\"https:\/\/www.biblia.work\/articulos-salud\/los-legisladores-alemanes-debaten-posible-mandato-de-vacunacion-contra-el-covid\/\" class=\"more-link\">Continuar leyendo<span class=\"screen-reader-text\"> \u00abLos legisladores alemanes debaten posible mandato de vacunaci\u00f3n contra el COVID\u00bb<\/span><\/a><\/p>\n","protected":false},"author":1,"featured_media":0,"comment_status":"","ping_status":"","sticky":false,"template":"","format":"standard","meta":{"footnotes":""},"categories":[1],"tags":[],"class_list":["post-5883","post","type-post","status-publish","format-standard","hentry","category-general"],"_links":{"self":[{"href":"https:\/\/www.biblia.work\/articulos-salud\/wp-json\/wp\/v2\/posts\/5883","targetHints":{"allow":["GET"]}}],"collection":[{"href":"https:\/\/www.biblia.work\/articulos-salud\/wp-json\/wp\/v2\/posts"}],"about":[{"href":"https:\/\/www.biblia.work\/articulos-salud\/wp-json\/wp\/v2\/types\/post"}],"author":[{"embeddable":true,"href":"https:\/\/www.biblia.work\/articulos-salud\/wp-json\/wp\/v2\/users\/1"}],"replies":[{"embeddable":true,"href":"https:\/\/www.biblia.work\/articulos-salud\/wp-json\/wp\/v2\/comments?post=5883"}],"version-history":[{"count":0,"href":"https:\/\/www.biblia.work\/articulos-salud\/wp-json\/wp\/v2\/posts\/5883\/revisions"}],"wp:attachment":[{"href":"https:\/\/www.biblia.work\/articulos-salud\/wp-json\/wp\/v2\/media?parent=5883"}],"wp:term":[{"taxonomy":"category","embeddable":true,"href":"https:\/\/www.biblia.work\/articulos-salud\/wp-json\/wp\/v2\/categories?post=5883"},{"taxonomy":"post_tag","embeddable":true,"href":"https:\/\/www.biblia.work\/articulos-salud\/wp-json\/wp\/v2\/tags?post=5883"}],"curies":[{"name":"wp","href":"https:\/\/api.w.org\/{rel}","templated":true}]}}