{"id":5897,"date":"2022-08-30T01:36:03","date_gmt":"2022-08-30T06:36:03","guid":{"rendered":"https:\/\/www.biblia.work\/articulos-salud\/una-posible-herramienta-para-predecir-quien-experimentara-una-larga-duracion-de-covid\/"},"modified":"2022-08-30T01:36:03","modified_gmt":"2022-08-30T06:36:03","slug":"una-posible-herramienta-para-predecir-quien-experimentara-una-larga-duracion-de-covid","status":"publish","type":"post","link":"https:\/\/www.biblia.work\/articulos-salud\/una-posible-herramienta-para-predecir-quien-experimentara-una-larga-duracion-de-covid\/","title":{"rendered":"Una posible herramienta para predecir qui\u00e9n experimentar\u00e1 una larga duraci\u00f3n de COVID"},"content":{"rendered":"<p>Impresi\u00f3n 3D de una prote\u00edna espiga de SARS-CoV-2, el virus que causa la COVID-19 frente a una impresi\u00f3n 3D de una part\u00edcula del virus SARS-CoV-2. La prote\u00edna espiga (en primer plano) permite que el virus ingrese e infecte las c\u00e9lulas humanas. En el modelo de virus, la superficie del virus (azul) est\u00e1 cubierta con prote\u00ednas de pico (rojo) que permiten que el virus ingrese e infecte las c\u00e9lulas humanas. Cr\u00e9dito: NIH <\/p>\n<p>Un equipo de investigadores del Hospital Universitario de Z\u00farich, la Universidad de Z\u00farich, el Hospital Uster, el Hospital Limmattal y el Hospital de la Ciudad, todos en Suiza, ha desarrollado una herramienta que posiblemente podr\u00eda predecir qu\u00e9 pacientes infectados con COVID-19 desarrollar\u00e1n S\u00edndrome posagudo de COVID-19 (PACS), tambi\u00e9n conocido como COVID prolongado. En su art\u00edculo publicado en la revista Nature Communications, el grupo describe su estudio de cientos de pacientes con COVID. <\/p>\n<p>Poco despu\u00e9s de que comenzara la pandemia, los m\u00e9dicos informaron que algunos pacientes que se recuperan de la COVID-19 contin\u00faan experimentando s\u00edntomas como p\u00e9rdida del olfato y\/o del gusto, dificultad para respirar y lo que describieron como \u00abniebla mental\u00bb. despu\u00e9s de que estuvieran libres de virus. Con la pandemia ahora en su tercer a\u00f1o, muchos pacientes contin\u00faan experimentando PACS por razones desconocidas. En este nuevo esfuerzo, los investigadores estudiaron las historias cl\u00ednicas de 175 personas que ten\u00edan COVID-19 y 40 personas que no se infectaron durante todo el estudio, que dur\u00f3 aproximadamente un a\u00f1o. Durante ese tiempo, encontraron que el 82,2 por ciento de los que ten\u00edan infecciones graves terminaron con COVID prolongado en comparaci\u00f3n con solo el 53,9 por ciento de los pacientes con infecciones leves. Tambi\u00e9n encontraron que los pacientes con PACS tambi\u00e9n produjeron menos anticuerpos IgM e IgG3 durante el curso de su infecci\u00f3n que aquellos con infecciones m\u00e1s leves. Los niveles de anticuerpos de los pacientes infectados que no desarrollaron PACS aumentaron a medida que se presentaba la infecci\u00f3n.<\/p>\n<p>Los investigadores tambi\u00e9n encontraron que otros factores de riesgo desempe\u00f1aban un papel, as\u00ed como los pacientes con asma y los que eran mayores tend\u00edan a ser m\u00e1s propensos a desarrollar PACS, por ejemplo. Los investigadores combinaron todos estos factores para crear una escala de factores de riesgo y la probaron en otros 395 pacientes con COVID-19. Descubrieron que la precisi\u00f3n de la escala variaba seg\u00fan una variedad de factores, pero en general, encontraron que la escala era efectiva para predecir qu\u00e9 pacientes infectados desarrollar\u00edan PACS. En particular, la escala solo se aplica a las personas despu\u00e9s de la infecci\u00f3n; por lo tanto, se requiere m\u00e1s trabajo para comprender mejor por qu\u00e9 los pacientes desarrollan PACS y qu\u00e9 personas corren m\u00e1s riesgo si se infectan. <\/p>\n<p>Explore m\u00e1s<\/p>\n<p> La COVID prolongada puede afectar negativamente la funci\u00f3n f\u00edsica y cognitiva, el empleo y la calidad de vida durante al menos un a\u00f1o <strong>M\u00e1s informaci\u00f3n:<\/strong> Carlo Cervia et al, la firma de inmunoglobulina predice el riesgo de s\u00edndrome post-agudo de COVID-19, Nature Communications (2022). DOI: 10.1038\/s41467-021-27797-1 <strong>Informaci\u00f3n de la revista:<\/strong> Nature Communications <\/p>\n<p> 2022 Science X Network <\/p>\n<p> <strong>Cita<\/strong>: Una posible herramienta para predecir qui\u00e9n experimentar\u00e1 un COVID prolongado (26 de enero de 2022) recuperado el 29 de agosto de 2022 de https:\/\/medicalxpress.com\/news\/2022-01-tool-covid.html Este documento est\u00e1 sujeto a derechos de autor. Aparte de cualquier trato justo con fines de estudio o investigaci\u00f3n privados, ninguna parte puede reproducirse sin el permiso por escrito. El contenido se proporciona \u00fanicamente con fines informativos.<\/p>\n","protected":false},"excerpt":{"rendered":"<p>Impresi\u00f3n 3D de una prote\u00edna espiga de SARS-CoV-2, el virus que causa la COVID-19 frente a una impresi\u00f3n 3D de una part\u00edcula del virus SARS-CoV-2. La prote\u00edna espiga (en primer plano) permite que el virus ingrese e infecte las c\u00e9lulas humanas. En el modelo de virus, la superficie del virus (azul) est\u00e1 cubierta con prote\u00ednas &hellip; <a href=\"https:\/\/www.biblia.work\/articulos-salud\/una-posible-herramienta-para-predecir-quien-experimentara-una-larga-duracion-de-covid\/\" class=\"more-link\">Continuar leyendo<span class=\"screen-reader-text\"> \u00abUna posible herramienta para predecir qui\u00e9n experimentar\u00e1 una larga duraci\u00f3n de COVID\u00bb<\/span><\/a><\/p>\n","protected":false},"author":1,"featured_media":0,"comment_status":"","ping_status":"","sticky":false,"template":"","format":"standard","meta":{"footnotes":""},"categories":[1],"tags":[],"class_list":["post-5897","post","type-post","status-publish","format-standard","hentry","category-general"],"_links":{"self":[{"href":"https:\/\/www.biblia.work\/articulos-salud\/wp-json\/wp\/v2\/posts\/5897","targetHints":{"allow":["GET"]}}],"collection":[{"href":"https:\/\/www.biblia.work\/articulos-salud\/wp-json\/wp\/v2\/posts"}],"about":[{"href":"https:\/\/www.biblia.work\/articulos-salud\/wp-json\/wp\/v2\/types\/post"}],"author":[{"embeddable":true,"href":"https:\/\/www.biblia.work\/articulos-salud\/wp-json\/wp\/v2\/users\/1"}],"replies":[{"embeddable":true,"href":"https:\/\/www.biblia.work\/articulos-salud\/wp-json\/wp\/v2\/comments?post=5897"}],"version-history":[{"count":0,"href":"https:\/\/www.biblia.work\/articulos-salud\/wp-json\/wp\/v2\/posts\/5897\/revisions"}],"wp:attachment":[{"href":"https:\/\/www.biblia.work\/articulos-salud\/wp-json\/wp\/v2\/media?parent=5897"}],"wp:term":[{"taxonomy":"category","embeddable":true,"href":"https:\/\/www.biblia.work\/articulos-salud\/wp-json\/wp\/v2\/categories?post=5897"},{"taxonomy":"post_tag","embeddable":true,"href":"https:\/\/www.biblia.work\/articulos-salud\/wp-json\/wp\/v2\/tags?post=5897"}],"curies":[{"name":"wp","href":"https:\/\/api.w.org\/{rel}","templated":true}]}}