{"id":5931,"date":"2022-08-30T01:37:02","date_gmt":"2022-08-30T06:37:02","guid":{"rendered":"https:\/\/www.biblia.work\/articulos-salud\/proporcion-de-minorias-bajas-en-programas-de-residencia-en-medicina-interna\/"},"modified":"2022-08-30T01:37:02","modified_gmt":"2022-08-30T06:37:02","slug":"proporcion-de-minorias-bajas-en-programas-de-residencia-en-medicina-interna","status":"publish","type":"post","link":"https:\/\/www.biblia.work\/articulos-salud\/proporcion-de-minorias-bajas-en-programas-de-residencia-en-medicina-interna\/","title":{"rendered":"Proporci\u00f3n de minor\u00edas bajas en programas de residencia en medicina interna"},"content":{"rendered":"<p>(HealthDay)La proporci\u00f3n de solicitantes de medicina interna (IM) y matriculados que se identifican como subrepresentados en medicina (UIM) se mantuvo baja durante 2010 a 2018, seg\u00fan una carta de investigaci\u00f3n publicado en l\u00ednea el 25 de enero en Annals of Internal Medicine. <\/p>\n<p>Joanna Liao, de la Facultad de Medicina de la Universidad de Washington en Seattle, y sus colegas examinaron las tendencias en la representaci\u00f3n de los solicitantes de residencia de IM y los matriculados que se identificaron como UIM utilizando datos obtenidos de la Asociaci\u00f3n de Colegios M\u00e9dicos Estadounidenses para programas de residencia entre julio de 2010 y Julio de 2018.<\/p>\n<p>Los investigadores encontraron que durante el per\u00edodo de estudio, hubo 214\u00a0656 solicitantes \u00fanicos para los programas de residencia de IM y 87\u00a0489 matriculados; 13.2 y 10.6 por ciento de los solicitantes y matriculados, respectivamente, se identificaron como una raza\/etnicidad UIM. La proporci\u00f3n de solicitantes de UIM agregados aument\u00f3 m\u00ednima pero significativamente (pendiente, 0,34). Se observ\u00f3 un aumento significativo solo para los solicitantes que eran negros o afroamericanos y los que eran hispanos, latinos o de origen espa\u00f1ol en un an\u00e1lisis estratificado (pendientes, 0,11 y 0,22, respectivamente). Se observ\u00f3 una pendiente m\u00ednima pero significativa similar para la proporci\u00f3n de matriculados UIM agregados (pendiente, 0,11). Solo se observ\u00f3 un cambio significativo en la proporci\u00f3n de matriculados que eran hispanos, latinos o de origen espa\u00f1ol (pendiente, 0,13). Cada a\u00f1o, la proporci\u00f3n de blancos era mayor entre los matriculados que entre los solicitantes; por ejemplo, en 2018, el 31,8 y el 40,0 por ciento de los solicitantes y matriculados, respectivamente, se identificaron como blancos.<\/p>\n<p>\u00abDiversificar las residencias de IM requerir\u00e1 enfoques dr\u00e1sticos e innovadores antes, durante y despu\u00e9s del proceso de solicitud\u00bb, el escriben los autores. <\/p>\n<p>Explore m\u00e1s<\/p>\n<p> Residencia en medicina interna, solicitudes de becas aumentadas durante la pandemia <strong>M\u00e1s informaci\u00f3n:<\/strong> Resumen\/Texto completo (es posible que se requiera suscripci\u00f3n o pago)<\/p>\n<p>Editorial (suscripci\u00f3n o puede ser necesario el pago)<\/p>\n","protected":false},"excerpt":{"rendered":"<p>(HealthDay)La proporci\u00f3n de solicitantes de medicina interna (IM) y matriculados que se identifican como subrepresentados en medicina (UIM) se mantuvo baja durante 2010 a 2018, seg\u00fan una carta de investigaci\u00f3n publicado en l\u00ednea el 25 de enero en Annals of Internal Medicine. Joanna Liao, de la Facultad de Medicina de la Universidad de Washington en &hellip; <a href=\"https:\/\/www.biblia.work\/articulos-salud\/proporcion-de-minorias-bajas-en-programas-de-residencia-en-medicina-interna\/\" class=\"more-link\">Continuar leyendo<span class=\"screen-reader-text\"> \u00abProporci\u00f3n de minor\u00edas bajas en programas de residencia en medicina interna\u00bb<\/span><\/a><\/p>\n","protected":false},"author":1,"featured_media":0,"comment_status":"","ping_status":"","sticky":false,"template":"","format":"standard","meta":{"footnotes":""},"categories":[1],"tags":[],"class_list":["post-5931","post","type-post","status-publish","format-standard","hentry","category-general"],"_links":{"self":[{"href":"https:\/\/www.biblia.work\/articulos-salud\/wp-json\/wp\/v2\/posts\/5931","targetHints":{"allow":["GET"]}}],"collection":[{"href":"https:\/\/www.biblia.work\/articulos-salud\/wp-json\/wp\/v2\/posts"}],"about":[{"href":"https:\/\/www.biblia.work\/articulos-salud\/wp-json\/wp\/v2\/types\/post"}],"author":[{"embeddable":true,"href":"https:\/\/www.biblia.work\/articulos-salud\/wp-json\/wp\/v2\/users\/1"}],"replies":[{"embeddable":true,"href":"https:\/\/www.biblia.work\/articulos-salud\/wp-json\/wp\/v2\/comments?post=5931"}],"version-history":[{"count":0,"href":"https:\/\/www.biblia.work\/articulos-salud\/wp-json\/wp\/v2\/posts\/5931\/revisions"}],"wp:attachment":[{"href":"https:\/\/www.biblia.work\/articulos-salud\/wp-json\/wp\/v2\/media?parent=5931"}],"wp:term":[{"taxonomy":"category","embeddable":true,"href":"https:\/\/www.biblia.work\/articulos-salud\/wp-json\/wp\/v2\/categories?post=5931"},{"taxonomy":"post_tag","embeddable":true,"href":"https:\/\/www.biblia.work\/articulos-salud\/wp-json\/wp\/v2\/tags?post=5931"}],"curies":[{"name":"wp","href":"https:\/\/api.w.org\/{rel}","templated":true}]}}