{"id":5942,"date":"2022-08-30T01:37:21","date_gmt":"2022-08-30T06:37:21","guid":{"rendered":"https:\/\/www.biblia.work\/articulos-salud\/como-la-pandemia-de-covid-19-esta-afectando-a-los-ninos\/"},"modified":"2022-08-30T01:37:21","modified_gmt":"2022-08-30T06:37:21","slug":"como-la-pandemia-de-covid-19-esta-afectando-a-los-ninos","status":"publish","type":"post","link":"https:\/\/www.biblia.work\/articulos-salud\/como-la-pandemia-de-covid-19-esta-afectando-a-los-ninos\/","title":{"rendered":"C\u00f3mo la pandemia de COVID-19 est\u00e1 afectando a los ni\u00f1os"},"content":{"rendered":"<p>Cr\u00e9dito: Pixabay\/CC0 Dominio p\u00fablico <\/p>\n<p>A lo largo de la pandemia de COVID-19, una idea err\u00f3nea com\u00fan es que los ni\u00f1os no se ven muy afectados por COVID-19, y si lo hicieran se enferman, sus s\u00edntomas ser\u00edan leves. Sin embargo, la pandemia est\u00e1 afectando a los ni\u00f1os de muchas maneras, f\u00edsica y mentalmente. <\/p>\n<p>Dra. Nusheen Ameenuddin, pediatra de Mayo Clinic, y Janice Schreier, terapeuta cl\u00ednica del Sistema de Salud de Mayo Clinic en La Crosse, Wisconsin, han visto de primera mano el n\u00famero de v\u00edctimas que la pandemia ha causado en los ni\u00f1os.<\/p>\n<p>Los ni\u00f1os se est\u00e1n enfermando <\/p>\n<p>Una de las preguntas m\u00e1s comunes que los padres le hacen al Dr. Ameenuddin es si los ni\u00f1os realmente necesitan vacunarse contra el COVID-19.<\/p>\n<p>\u00abLo que les he enfatizado es que hemos obtuve mucha informaci\u00f3n valiosa en los \u00faltimos dos a\u00f1os (sobre los efectos del COVID-19 en los ni\u00f1os), especialmente el a\u00f1o pasado, que las vacunas son incre\u00edblemente efectivas para prevenir efectos secundarios muy graves\u00bb, dice el Dr. Ameenuddin.<\/p>\n<p>Un efecto secundario raro y grave particular de COVID-19 es el s\u00edndrome inflamatorio multisist\u00e9mico en ni\u00f1os, o MIS-C. El Dr. Ameenuddin dice que entre los que han contra\u00eddo el s\u00edndrome inflamatorio multisist\u00e9mico en ni\u00f1os, casi todos no estaban vacunados.<\/p>\n<p>\u00abLa vacunaci\u00f3n, incluso si un ni\u00f1o todav\u00eda se enferma, hace que sea mucho menos probable que se enferme lo suficiente como para ser hospitalizado o morir, lo cual, desafortunadamente, ha estado sucediendo\u00bb.<\/p>\n<p>Problemas de salud mental en aumento<\/p>\n<p>Incluso antes de la pandemia, los desaf\u00edos de salud mental que enfrentaban los ni\u00f1os eran una gran preocupaci\u00f3n. Schreier dice que COVID-19 solo ha exacerbado la situaci\u00f3n.<\/p>\n<p>\u00abHemos visto un aumento en la depresi\u00f3n y la ansiedad, y los trastornos alimentarios han aumentado como nunca antes\u00bb, dice Schreier.<\/p>\n<p>\u00abSolo en 2021, vimos un aumento de m\u00e1s del 30 % en las visitas de salud mental a las salas de emergencia. Y los ni\u00f1os que ingresan est\u00e1n m\u00e1s enfermos de lo que sol\u00edan estar antes de la pandemia. Tienen niveles m\u00e1s altos de ideaci\u00f3n suicida, mostrando m\u00e1s agresividad con autolesiones, tasas m\u00e1s altas de abuso de sustancias y m\u00e1s casos de trastornos alimentarios\u00bb.<\/p>\n<p>Schreier dice que los pilares de una buena salud mental, como pasar tiempo con amigos, actividad f\u00edsica, dormir bien la higiene y el mantenimiento de una rutina se han visto comprometidos durante la pandemia.<\/p>\n<p>Efectos secundarios adversos<\/p>\n<p>Algunos de los efectos secundarios de COVID-19 para los ni\u00f1os son los que podr\u00edan afectarlos durante a\u00f1os. por venir.<\/p>\n<p>\u00abCreo que algo de lo que no hemos escuchado lo suficiente es que m\u00e1s de 140,000 ni\u00f1os en los Estados Unidos han perdido al menos a uno de sus padres a causa del COVID-19. Incluso si la gente piensa que esto es algo que es m\u00e1s una enfermedad de adultos, y que no afecta a los ni\u00f1os, muchos ni\u00f1os han quedado hu\u00e9rfanos\u00bb, dice el Dr. Ameenuddin. \u00abNo tener un padre, por el resto de su vida es realmente significativo acontecimiento adverso. Es por eso que es una enfermedad que afecta a los ni\u00f1os de m\u00faltiples maneras\u00bb. <\/p>\n<p>Explore m\u00e1s<\/p>\n<p> Ni\u00f1os de 5 a 11 a\u00f1os y la vacuna contra el COVID-19 de Pfizer <\/p>\n<p> 2022 Mayo Clinic News Network.<br \/> Distribuido por Tribune Content Agency, LLC. <\/p>\n<p> <strong>Cita<\/strong>: C\u00f3mo la pandemia de COVID-19 est\u00e1 afectando a los ni\u00f1os (26 de enero de 2022) consultado el 29 de agosto de 2022 en https:\/\/medicalxpress.com\/news \/2022-01-covid-pandemic-affecting-kids.html Este documento est\u00e1 sujeto a derechos de autor. Adem\u00e1s de cualquier trato justo con fines de estudio o investigaci\u00f3n privados, ninguna parte puede reproducirse sin el permiso por escrito. El contenido se proporciona para \u00fanicamente con fines informativos.<\/p>\n","protected":false},"excerpt":{"rendered":"<p>Cr\u00e9dito: Pixabay\/CC0 Dominio p\u00fablico A lo largo de la pandemia de COVID-19, una idea err\u00f3nea com\u00fan es que los ni\u00f1os no se ven muy afectados por COVID-19, y si lo hicieran se enferman, sus s\u00edntomas ser\u00edan leves. Sin embargo, la pandemia est\u00e1 afectando a los ni\u00f1os de muchas maneras, f\u00edsica y mentalmente. Dra. Nusheen Ameenuddin, &hellip; <a href=\"https:\/\/www.biblia.work\/articulos-salud\/como-la-pandemia-de-covid-19-esta-afectando-a-los-ninos\/\" class=\"more-link\">Continuar leyendo<span class=\"screen-reader-text\"> \u00abC\u00f3mo la pandemia de COVID-19 est\u00e1 afectando a los ni\u00f1os\u00bb<\/span><\/a><\/p>\n","protected":false},"author":1,"featured_media":0,"comment_status":"","ping_status":"","sticky":false,"template":"","format":"standard","meta":{"footnotes":""},"categories":[1],"tags":[],"class_list":["post-5942","post","type-post","status-publish","format-standard","hentry","category-general"],"_links":{"self":[{"href":"https:\/\/www.biblia.work\/articulos-salud\/wp-json\/wp\/v2\/posts\/5942","targetHints":{"allow":["GET"]}}],"collection":[{"href":"https:\/\/www.biblia.work\/articulos-salud\/wp-json\/wp\/v2\/posts"}],"about":[{"href":"https:\/\/www.biblia.work\/articulos-salud\/wp-json\/wp\/v2\/types\/post"}],"author":[{"embeddable":true,"href":"https:\/\/www.biblia.work\/articulos-salud\/wp-json\/wp\/v2\/users\/1"}],"replies":[{"embeddable":true,"href":"https:\/\/www.biblia.work\/articulos-salud\/wp-json\/wp\/v2\/comments?post=5942"}],"version-history":[{"count":0,"href":"https:\/\/www.biblia.work\/articulos-salud\/wp-json\/wp\/v2\/posts\/5942\/revisions"}],"wp:attachment":[{"href":"https:\/\/www.biblia.work\/articulos-salud\/wp-json\/wp\/v2\/media?parent=5942"}],"wp:term":[{"taxonomy":"category","embeddable":true,"href":"https:\/\/www.biblia.work\/articulos-salud\/wp-json\/wp\/v2\/categories?post=5942"},{"taxonomy":"post_tag","embeddable":true,"href":"https:\/\/www.biblia.work\/articulos-salud\/wp-json\/wp\/v2\/tags?post=5942"}],"curies":[{"name":"wp","href":"https:\/\/api.w.org\/{rel}","templated":true}]}}