{"id":5979,"date":"2022-08-30T01:38:28","date_gmt":"2022-08-30T06:38:28","guid":{"rendered":"https:\/\/www.biblia.work\/articulos-salud\/el-personal-de-la-sala-de-covid-de-praga-elimina-los-trajes-protectores\/"},"modified":"2022-08-30T01:38:28","modified_gmt":"2022-08-30T06:38:28","slug":"el-personal-de-la-sala-de-covid-de-praga-elimina-los-trajes-protectores","status":"publish","type":"post","link":"https:\/\/www.biblia.work\/articulos-salud\/el-personal-de-la-sala-de-covid-de-praga-elimina-los-trajes-protectores\/","title":{"rendered":"El personal de la sala de COVID de Praga elimina los trajes protectores"},"content":{"rendered":"<p>Los m\u00e9dicos que tratan a pacientes con COVID en un hospital de Praga se han quitado los trajes protectores que alguna vez fueron obligatorios, alegando que las bacterias adheridas a sus mangas en realidad aumentaban la mortalidad. <\/p>\n<p>El personal m\u00e9dico de la sala COVID del Hospital General Universitario de Praga ahora solo usa m\u00e1scaras faciales, guantes y delantales de pl\u00e1stico como equipo de protecci\u00f3n, a pesar de la propagaci\u00f3n de la variante Omicron altamente contagiosa.<\/p>\n<p>\u00abDejamos los trajes hace un a\u00f1o, porque ayudaron a la propagaci\u00f3n de bacterias, virus y moho entre los pacientes, lo que empeor\u00f3 los datos generales de mortalidad\u00bb, dijo el mi\u00e9rcoles a la AFP Martin Balik, m\u00e9dico jefe de la unidad de cuidados intensivos.<\/p>\n<p>Anteriormente , los m\u00e9dicos y las enfermeras de la sala usaban trajes protectores completos con gorras de pl\u00e1stico y pantalones durante todo su turno.<\/p>\n<p>Ten\u00edan que cambiarse por completo para ir al ba\u00f1o o almorzar.<\/p>\n<p>Uno de los principales centros de tratamiento en la Rep\u00fablica Checa para pacientes con COVID, el hospital recibe pacientes cr\u00edticos de hospitales m\u00e1s peque\u00f1os que no tienen el equipo necesario para mantenerlos con vida.<\/p>\n<p>\u00abDurante la epidemia, comenzamos a traer pacientes con bacterias muy resistentes que no hab\u00edamos encontrado antes\u00bb, dijo el jefe de la unidad de cuidados intensivos, Jan Blaha.<\/p>\n<p>\u00abEn un momento, la mortalidad de los pacientes aument\u00f3 entre un 6 y un 8 por ciento. Cuando nuestro personal se vacun\u00f3 o se recuper\u00f3 de COVID, dejamos de usar los trajes y la tasa disminuy\u00f3\u00bb, dijo Blaha.<\/p>\n<p>Agreg\u00f3 que el riesgo de contaminaci\u00f3n para el personal era bajo ya que la gran mayor\u00eda de ellos est\u00e1n vacunados. <\/p>\n<p>A diferencia de muchas instalaciones m\u00e9dicas, que prohibieron a los pacientes recibir visitas al comienzo de la pandemia, el Hospital Universitario de Praga ha permitido visitas en las salas de COVID desde el comienzo de la pandemia.<\/p>\n<p>Blaha dijo comunicaci\u00f3n con la familia fue crucial para los m\u00e9dicos, que pueden explicar lo que est\u00e1n haciendo, y tambi\u00e9n para los pacientes.<\/p>\n<p>\u00abPor supuesto que percibimos la influencia de la familia y los amigos como muy importante y est\u00e1 claro que tambi\u00e9n ayuda al tratamiento\u00bb, dijo Blaha.<\/p>\n<p>La Rep\u00fablica Checa, un miembro de la UE de 10,7 millones de personas, ha visto m\u00e1s de 2,83 millones de casos confirmados de COVID con m\u00e1s de 37.000 muertes.<\/p>\n<p> El martes, la tasa de crecimiento de infecciones diarias alcanz\u00f3 casi 40\u00a0000, un nuevo r\u00e9cord, siendo Omicron la cepa dominante. <\/p>\n<p>Explorar m\u00e1s<\/p>\n<p> Las hospitalizaciones por el virus checo aumentan en medio de un aumento r\u00e9cord de omicron <\/p>\n<p> 2022 AFP <\/p>\n<p> <strong>Cita<\/strong>: El personal de la sala de COVID de Praga elimina los trajes protectores (2022, 26 de enero) consultado el 29 de agosto de 2022 de https:\/\/medicalxpress.com\/news\/2022-01-prague-covid-ward-staff.html Este documento est\u00e1 sujeto a derechos de autor. Aparte de cualquier trato justo con fines de estudio o investigaci\u00f3n privados, ninguna parte puede reproducirse sin el permiso por escrito. El contenido se proporciona \u00fanicamente con fines informativos.<\/p>\n","protected":false},"excerpt":{"rendered":"<p>Los m\u00e9dicos que tratan a pacientes con COVID en un hospital de Praga se han quitado los trajes protectores que alguna vez fueron obligatorios, alegando que las bacterias adheridas a sus mangas en realidad aumentaban la mortalidad. El personal m\u00e9dico de la sala COVID del Hospital General Universitario de Praga ahora solo usa m\u00e1scaras faciales, &hellip; <a href=\"https:\/\/www.biblia.work\/articulos-salud\/el-personal-de-la-sala-de-covid-de-praga-elimina-los-trajes-protectores\/\" class=\"more-link\">Continuar leyendo<span class=\"screen-reader-text\"> \u00abEl personal de la sala de COVID de Praga elimina los trajes protectores\u00bb<\/span><\/a><\/p>\n","protected":false},"author":1,"featured_media":0,"comment_status":"","ping_status":"","sticky":false,"template":"","format":"standard","meta":{"footnotes":""},"categories":[1],"tags":[],"class_list":["post-5979","post","type-post","status-publish","format-standard","hentry","category-general"],"_links":{"self":[{"href":"https:\/\/www.biblia.work\/articulos-salud\/wp-json\/wp\/v2\/posts\/5979","targetHints":{"allow":["GET"]}}],"collection":[{"href":"https:\/\/www.biblia.work\/articulos-salud\/wp-json\/wp\/v2\/posts"}],"about":[{"href":"https:\/\/www.biblia.work\/articulos-salud\/wp-json\/wp\/v2\/types\/post"}],"author":[{"embeddable":true,"href":"https:\/\/www.biblia.work\/articulos-salud\/wp-json\/wp\/v2\/users\/1"}],"replies":[{"embeddable":true,"href":"https:\/\/www.biblia.work\/articulos-salud\/wp-json\/wp\/v2\/comments?post=5979"}],"version-history":[{"count":0,"href":"https:\/\/www.biblia.work\/articulos-salud\/wp-json\/wp\/v2\/posts\/5979\/revisions"}],"wp:attachment":[{"href":"https:\/\/www.biblia.work\/articulos-salud\/wp-json\/wp\/v2\/media?parent=5979"}],"wp:term":[{"taxonomy":"category","embeddable":true,"href":"https:\/\/www.biblia.work\/articulos-salud\/wp-json\/wp\/v2\/categories?post=5979"},{"taxonomy":"post_tag","embeddable":true,"href":"https:\/\/www.biblia.work\/articulos-salud\/wp-json\/wp\/v2\/tags?post=5979"}],"curies":[{"name":"wp","href":"https:\/\/api.w.org\/{rel}","templated":true}]}}