{"id":71,"date":"2022-08-29T22:22:48","date_gmt":"2022-08-30T03:22:48","guid":{"rendered":"https:\/\/www.biblia.work\/articulos-salud\/los-pacientes-con-covid-19-en-recuperacion-a-menudo-enfrentan-una-niebla-mental-a-largo-plazo\/"},"modified":"2022-08-29T22:22:48","modified_gmt":"2022-08-30T03:22:48","slug":"los-pacientes-con-covid-19-en-recuperacion-a-menudo-enfrentan-una-niebla-mental-a-largo-plazo","status":"publish","type":"post","link":"https:\/\/www.biblia.work\/articulos-salud\/los-pacientes-con-covid-19-en-recuperacion-a-menudo-enfrentan-una-niebla-mental-a-largo-plazo\/","title":{"rendered":"Los pacientes con COVID-19 en recuperaci\u00f3n a menudo enfrentan una \u00abniebla mental\u00bb a largo plazo"},"content":{"rendered":"<p>(HealthDay)Incluso meses despu\u00e9s de vencer a la COVID-19, muchas personas todav\u00eda sufren fallas de memoria, dificultad para concentrarse y otros s\u00edntomas de \u00abniebla cerebral\u00bb, seg\u00fan un nuevo estudio espect\u00e1culos <\/p>\n<p>Los investigadores descubrieron que tales s\u00edntomas prevalec\u00edan siete meses despu\u00e9s de un diagn\u00f3stico de COVID tanto en pacientes que hab\u00edan estado gravemente enfermos y hospitalizados como en aquellos que hab\u00edan manejado un caso leve en casa.<\/p>\n<p>Junto con el resistencia de la niebla cerebral, lo sorprendente es que muchos pacientes eran relativamente j\u00f3venes y saludables, dijo la investigadora principal Jacqueline Becker, neuropsic\u00f3loga de la Escuela de Medicina Icahn en Mount Sinai, en la ciudad de Nueva York.<\/p>\n<p>Su promedio ten\u00eda 49 a\u00f1os y la mayor\u00eda no padec\u00eda problemas de salud como diabetes ni presi\u00f3n arterial alta.<\/p>\n<p>El estudio, publicado el 22 de octubre en la revista JAMA Network Open, es la \u00faltima mirada al misterio de la \u00ablarga duraci\u00f3n del COVID\u00bb. \u00abuna colecci\u00f3n de s\u00edntomas persistentes que afectan a las personas mucho despu\u00e9s de haber superado la infecci\u00f3n. Lo m\u00e1s desconcertante es el hecho de que la COVID prolongada aparece incluso en personas que solo hab\u00edan estado levemente enfermas.<\/p>\n<p>Becker y sus colegas evaluaron a 740 pacientes con antecedentes de COVID-19 que estaban siendo seguidos a trav\u00e9s de un Mount Registro del Sina\u00ed. En promedio, hab\u00edan pasado m\u00e1s de siete meses de su ataque de COVID.<\/p>\n<p>Sin embargo, los s\u00edntomas cognitivos persistentes eran comunes, incluidas deficiencias en las pruebas de atenci\u00f3n, memoria y velocidad de procesamiento mental.<\/p>\n<p>Los pacientes que hab\u00edan hospitalizados se vieron m\u00e1s afectados: m\u00e1s de un tercio mostr\u00f3 deterioro en varias pruebas de memoria, mientras que m\u00e1s de una cuarta parte ten\u00eda problemas con las habilidades mentales del funcionamiento ejecutivo, como la planificaci\u00f3n y la organizaci\u00f3n, que las personas usan de forma rutinaria para realizar las tareas diarias.<\/p>\n<p>Entre las personas que hab\u00edan manejado su infecci\u00f3n por COVID en el hogar, entre el 12 % y el 16 % todav\u00eda ten\u00edan problemas de memoria o del funcionamiento ejecutivo.<\/p>\n<p>En la vida diaria, dijo Becker, ese tipo de d\u00e9ficits podr\u00edan aparecer como dificultades concentrarse o cometer errores en el trabajo, por ejemplo.<\/p>\n<p>Dr. Lawrence Purpura, que no particip\u00f3 en el estudio, estableci\u00f3 una cl\u00ednica de larga duraci\u00f3n para la COVID en el NewYork-Presbyterian\/Columbia University Irving Medical Center, en la ciudad de Nueva York.<\/p>\n<p>Dijo que no es sorprendente que algunos pacientes con COVID hayan tenido problemas a largo plazo relacionados con la enfermedad.<\/p>\n<p>Los m\u00e9dicos saben, por ejemplo, que las personas que est\u00e1n gravemente enfermas en el hospital pueden desarrollar el \u00abs\u00edndrome posterior a la UCI\u00bb, un conjunto de s\u00edntomas que van desde debilidad muscular y fatiga, a problemas cognitivos, al estr\u00e9s postraum\u00e1tico. Y dado que el SARS-CoV-2 es un virus respiratorio, se puede esperar cierto grado de problemas respiratorios persistentes.<\/p>\n<p>Lo que es sorprendente, dijo Purpura, es la prevalencia de COVID prolongado entre las personas que estaban levemente enfermas con el infecci\u00f3n.<\/p>\n<p>En su propia investigaci\u00f3n, \u00e9l y sus colegas descubrieron que los pacientes que ten\u00edan casos leves tienen casi la misma probabilidad de informar al menos un s\u00edntoma neurol\u00f3gico prolongado de COVID que los que estaban gravemente enfermos.<\/p>\n<p>Y aunque la niebla mental es un problema, la COVID prolongada incluye una amplia gama de s\u00edntomas, que incluyen fatiga, dolores de cabeza, dolor en las articulaciones, palpitaciones card\u00edacas y problemas gastrointestinales.<\/p>\n<p>Los investigadores a\u00fan est\u00e1n trabajando para comprender qu\u00e9 mecanismos son conduci\u00e9ndolo todo, seg\u00fan Purpura. <\/p>\n<p>\u00abNuestra mejor hip\u00f3tesis es que implica una sobreactivaci\u00f3n del sistema inmunol\u00f3gico\u00bb, dijo.<\/p>\n<p>Becker estuvo de acuerdo en que tal sobreactivaci\u00f3n, que resulta en una inflamaci\u00f3n generalizada en el cuerpo , podr\u00eda estar en el trabajo. <\/p>\n<p>\u00bfC\u00f3mo es la recuperaci\u00f3n de la niebla mental? Tomar\u00e1 tiempo, dijo Becker, para que los investigadores comprendan con qu\u00e9 frecuencia las personas mejoran por s\u00ed mismas, o descubrir c\u00f3mo manejar una \u00abnueva normalidad\u00bb, por ejemplo. Estudios adicionales, dijo, tambi\u00e9n con suerte conducir\u00e1n a formas m\u00e1s espec\u00edficas para ayudar a los pacientes en su recuperaci\u00f3n.<\/p>\n<p>Purpura dijo que, en su experiencia, ha visto pacientes que mejoran gradualmente en cuesti\u00f3n de meses. Otro escenario com\u00fan, dijo, es que los pacientes tienen reca\u00eddas, donde un desencadenante quiz\u00e1s sobrecargarse mentalmente hace que sus s\u00edntomas cognitivos se agudicen durante un tiempo.<\/p>\n<p>Por lo tanto, aprender a mantener el ritmo es una parte del manejo de los s\u00edntomas cognitivos posteriores a la COVID.<\/p>\n<p>Becker alent\u00f3 a las personas con s\u00edntomas persistentes -S\u00edntomas de COVID para hablar con su m\u00e9dico. Una raz\u00f3n, se\u00f1al\u00f3, es que podr\u00eda haber causas espec\u00edficas para algunos de esos problemas: en algunos casos, por ejemplo, los problemas de memoria y otros s\u00edntomas cognitivos pueden estar relacionados con la depresi\u00f3n. <\/p>\n<p> Explore m\u00e1s<\/p>\n<p> M\u00e1s de un tercio de los pacientes con COVID-19 di diagnosticado con al menos un s\u00edntoma de COVID prolongado <strong>M\u00e1s informaci\u00f3n:<\/strong> Los Centros para el Control y la Prevenci\u00f3n de Enfermedades de EE. UU. tienen m\u00e1s informaci\u00f3n sobre el COVID prolongado. <strong>Informaci\u00f3n de la revista:<\/strong> JAMA Network Open <\/p>\n<p> Copyright 2021 HealthDay. Reservados todos los derechos. <\/p>\n<p> <strong>Cita<\/strong>: Los pacientes con COVID en recuperaci\u00f3n a menudo se enfrentan a una &#8216;niebla mental&#8217; a largo plazo (25 de octubre de 2021) consultado el 29 de agosto de 2022 de https:\/\/medicalxpress.com\/news\/2021-10- recoverying-covid-patients-long-term-brain.html Este documento est\u00e1 sujeto a derechos de autor. Aparte de cualquier trato justo con fines de estudio o investigaci\u00f3n privados, ninguna parte puede reproducirse sin el permiso por escrito. El contenido se proporciona \u00fanicamente con fines informativos.<\/p>\n","protected":false},"excerpt":{"rendered":"<p>(HealthDay)Incluso meses despu\u00e9s de vencer a la COVID-19, muchas personas todav\u00eda sufren fallas de memoria, dificultad para concentrarse y otros s\u00edntomas de \u00abniebla cerebral\u00bb, seg\u00fan un nuevo estudio espect\u00e1culos Los investigadores descubrieron que tales s\u00edntomas prevalec\u00edan siete meses despu\u00e9s de un diagn\u00f3stico de COVID tanto en pacientes que hab\u00edan estado gravemente enfermos y hospitalizados como &hellip; <a href=\"https:\/\/www.biblia.work\/articulos-salud\/los-pacientes-con-covid-19-en-recuperacion-a-menudo-enfrentan-una-niebla-mental-a-largo-plazo\/\" class=\"more-link\">Continuar leyendo<span class=\"screen-reader-text\"> \u00abLos pacientes con COVID-19 en recuperaci\u00f3n a menudo enfrentan una \u00abniebla mental\u00bb a largo plazo\u00bb<\/span><\/a><\/p>\n","protected":false},"author":1,"featured_media":0,"comment_status":"","ping_status":"","sticky":false,"template":"","format":"standard","meta":{"footnotes":""},"categories":[1],"tags":[],"class_list":["post-71","post","type-post","status-publish","format-standard","hentry","category-general"],"_links":{"self":[{"href":"https:\/\/www.biblia.work\/articulos-salud\/wp-json\/wp\/v2\/posts\/71","targetHints":{"allow":["GET"]}}],"collection":[{"href":"https:\/\/www.biblia.work\/articulos-salud\/wp-json\/wp\/v2\/posts"}],"about":[{"href":"https:\/\/www.biblia.work\/articulos-salud\/wp-json\/wp\/v2\/types\/post"}],"author":[{"embeddable":true,"href":"https:\/\/www.biblia.work\/articulos-salud\/wp-json\/wp\/v2\/users\/1"}],"replies":[{"embeddable":true,"href":"https:\/\/www.biblia.work\/articulos-salud\/wp-json\/wp\/v2\/comments?post=71"}],"version-history":[{"count":0,"href":"https:\/\/www.biblia.work\/articulos-salud\/wp-json\/wp\/v2\/posts\/71\/revisions"}],"wp:attachment":[{"href":"https:\/\/www.biblia.work\/articulos-salud\/wp-json\/wp\/v2\/media?parent=71"}],"wp:term":[{"taxonomy":"category","embeddable":true,"href":"https:\/\/www.biblia.work\/articulos-salud\/wp-json\/wp\/v2\/categories?post=71"},{"taxonomy":"post_tag","embeddable":true,"href":"https:\/\/www.biblia.work\/articulos-salud\/wp-json\/wp\/v2\/tags?post=71"}],"curies":[{"name":"wp","href":"https:\/\/api.w.org\/{rel}","templated":true}]}}