{"id":7949,"date":"2022-08-30T02:37:21","date_gmt":"2022-08-30T07:37:21","guid":{"rendered":"https:\/\/www.biblia.work\/articulos-salud\/cuando-terminara-la-pandemia\/"},"modified":"2022-08-30T02:37:21","modified_gmt":"2022-08-30T07:37:21","slug":"cuando-terminara-la-pandemia","status":"publish","type":"post","link":"https:\/\/www.biblia.work\/articulos-salud\/cuando-terminara-la-pandemia\/","title":{"rendered":"\u00bfCu\u00e1ndo terminar\u00e1 la pandemia?"},"content":{"rendered":"<p>Eliminar los mandatos de uso de mascarillas y otras precauciones de seguridad podr\u00eda aumentar las tasas de COVID, pero lo que no se reconoce es que las muertes disminuir\u00e1n de manera desigual, afectando a algunas comunidades m\u00e1s que a otras, dice el profesor asistente Ramnath Subbaraman. Cr\u00e9dito: Shutterstock <\/p>\n<p>Durante los \u00faltimos dos a\u00f1os, la pandemia de COVID-19 ha trastornado pr\u00e1cticamente todas las facetas de la vida. Ahora, algunas personas est\u00e1n listas para deshacerse de las m\u00e1scaras y otras precauciones. Seg\u00fan el argumento, COVID eventualmente pasar\u00e1 de ser una pandemia a ser end\u00e9mica, por lo que tambi\u00e9n podr\u00edamos dejar que se propague y llegar a la endemicidad antes. <\/p>\n<p>La definici\u00f3n de libro de texto de end\u00e9mica es cuando una enfermedad siempre est\u00e1 presente en una poblaci\u00f3n determinada, pero en niveles predecibles, a diferencia de las oleadas de casos de COVID que hemos visto en la pandemia. Pero, \u00bfc\u00f3mo se ve \u00abend\u00e9mico\u00bb para COVID-19? \u00bfY cu\u00e1l es la mejor manera de llegar all\u00ed? <\/p>\n<p>Ramnath Subbaraman, profesor asistente de la Facultad de Medicina de la Universidad de Tufts, advierte contra simplemente \u00abdeclarar que hemos terminado\u00bb. <\/p>\n<p>Para obtener m\u00e1s informaci\u00f3n sobre la endemicidad, Tufts Now habl\u00f3 recientemente con Subbaraman, director asociado del Centro Tufts para la Salud P\u00fablica Global y m\u00e9dico de enfermedades infecciosas que se especializa en tuberculosis, que se considera end\u00e9mica en ciertas partes de el mundo y era la principal causa infecciosa de muerte en todo el mundo antes de que llegara el COVID-19. <\/p>\n<p>Tufts Now: \u00bfCu\u00e1l es la definici\u00f3n de end\u00e9mica? <\/p>\n<p>Ramnath Subbaraman: Para m\u00ed, la endemicidad de COVID-19 significa que llegamos a una etapa en la que podemos hacer un cambio a la normalidad y no enfrentar la interrupci\u00f3n social. <\/p>\n<p>Mi mayor preocupaci\u00f3n es: \u00bfend\u00e9mica para qui\u00e9n? \u00bfVamos a basar la endemicidad en que algunas personas tienen bajo riesgo individual, las que se vacunan con bajas comorbilidades? \u00bfO vamos a establecer umbrales en los que la gran mayor\u00eda de las personas en nuestra sociedad est\u00e9n seguras, incluidas las personas mayores, las personas con m\u00faltiples comorbilidades, las personas inmunocomprometidas y las comunidades de color? <\/p>\n<p>En todo el pa\u00eds, las comunidades de color han sido mucho m\u00e1s vulnerables y han sufrido un n\u00famero considerablemente mayor de muertes. Ha sido una pandemia casi completamente diferente para ellos. Hasta septiembre de 2021, 1 de cada 1300 personas blancas hab\u00eda muerto de COVID-19 en comparaci\u00f3n con 1 de cada 480 personas negras, 1 de cada 390 latinos y 1 de cada 240 ind\u00edgenas. Los ni\u00f1os negros e ind\u00edgenas han tenido 2,7 y 3,5 veces m\u00e1s probabilidades que los ni\u00f1os blancos de morir de COVID-19. <\/p>\n<p>\u00bfSe quedar\u00e1n atr\u00e1s esas comunidades cuando avancemos hacia la endemicidad? La implicaci\u00f3n en torno al debate es que deber\u00edamos terminar con los mandatos de m\u00e1scara y retroceder en las pruebas de vigilancia sabiendo que podr\u00eda haber una consecuencia de una mayor transmisi\u00f3n. Lo que no se reconoce es que las muertes caer\u00e1n de manera desigual, afectando a unas comunidades m\u00e1s que a otras. <\/p>\n<p>\u00bfPor qu\u00e9 algunas comunidades son m\u00e1s vulnerables? <\/p>\n<p>Las personas en comunidades de bajos ingresos y comunidades de color a menudo son trabajadores esenciales que no pueden trabajar desde casa. Los hijos de familias negras, latinas, ind\u00edgenas y asi\u00e1ticas tienen muchas m\u00e1s probabilidades de vivir en familias multigeneracionales, por lo que si se infectan en la escuela, pueden infectar a los miembros mayores de la familia, con malos resultados. Cuando se infectaron, estas personas negras y latinas ten\u00edan menos probabilidades de recibir terapias que previenen malos resultados, como anticuerpos monoclonales. Las personas m\u00e1s privilegiadas obtuvieron un acceso m\u00e1s r\u00e1pido a las vacunas. Aunque los adultos negros y latinos se est\u00e1n poniendo al d\u00eda con la serie original de vacunas, los ni\u00f1os est\u00e1n atrasados con la serie inicial y los adultos en muchas comunidades de color est\u00e1n atrasados con los refuerzos. <\/p>\n<p>\u00bfC\u00f3mo podemos llegar a la endemicidad de una manera que no deje a nadie atr\u00e1s? <\/p>\n<p>No me siento c\u00f3modo logrando la endemicidad simplemente declarando que hemos terminado. Si hacemos eso, a algunas comunidades les ir\u00e1 bien ya otras no. <\/p>\n<p>La forma en que me gustar\u00eda lograr la endemicidad es maximizar nuestro uso de herramientas que pueden reducir la transmisi\u00f3n, la vacunaci\u00f3n, el enmascaramiento cuando las tasas de COVID son m\u00e1s altas, un aumento constante de las pruebas y el rastreo de contactos. Las herramientas est\u00e1n en nuestras manos si realmente queremos invertir en salud p\u00fablica para lograr la endemicidad. Por ejemplo, mientras que muchos estados est\u00e1n estableciendo fechas arbitrarias para eliminar los mandatos de uso de mascarillas en las escuelas, estudios de modelos recientes sugieren que debemos lograr tasas comunitarias de COVID-19 mucho m\u00e1s bajas que las que tenemos ahora para poder dejar de usar mascarillas sin aumentar la transmisi\u00f3n. entre los estudiantes, el personal y las familias. <\/p>\n<p>\u00bfEl cierre de escuelas es una de esas herramientas? <\/p>\n<p>No, no estoy hablando de cerrar las escuelas o la sociedad. Lo que han hecho Tufts y otras universidades es maximizar el uso de las herramientas que tenemos, como el enmascaramiento y las pruebas frecuentes, para permitir que la experiencia de pregrado contin\u00fae. <\/p>\n<p>\u00bfC\u00f3mo sabremos cu\u00e1ndo los picos y picos de COVID han quedado atr\u00e1s? <\/p>\n<p>Es dif\u00edcil determinar cu\u00e1ndo sucede ese momento. En los \u00faltimos dos a\u00f1os, hubo varios puntos en los que pensamos que est\u00e1bamos llegando a esa etapa. Un ejemplo fue el verano pasado cuando nuestra directora de los CDC, Rochelle Walensky, quien es una brillante doctora en enfermedades infecciosas, ampliamente reconocida en la comunidad de enfermedades infecciosas, se retract\u00f3 del uso de m\u00e1scaras para las personas vacunadas, y nuestro presidente declar\u00f3 un momento de libertad, y no lo fue. En la India, en ese momento, hubo una enorme cantidad de muertes, la cifra m\u00e1s alta que hemos visto desde el surgimiento de delta. Ten\u00eda dos parientes que murieron en la misma semana en la India, y me pregunto: \u00bfc\u00f3mo estamos hablando de quitarnos las m\u00e1scaras? <\/p>\n<p>Muestra lo dif\u00edcil que es tratar de definir un momento determinado. Solo dir\u00eda que debemos reconocer que el futuro es impredecible. Lo positivo es que tenemos muchas herramientas efectivas disponibles. Cualquier movimiento hacia la normalidad debe reconocer que solo lo lograremos garantizando el acceso equitativo a estas herramientas. <\/p>\n<p>Ahora que omicron est\u00e1 disminuyendo y tantos estadounidenses tienen cierto nivel de inmunidad a las vacunas y\/o infecciones, \u00bfno estamos al borde de la endemicidad? <\/p>\n<p>Esa es la pregunta del bill\u00f3n de d\u00f3lares. Tengo dos opiniones sobre eso. Una toma es que cualquier aumento en la inmunidad de la poblaci\u00f3n es \u00fatil. A medida que las personas obtienen m\u00e1s inmunidad, tienen una mayor protecci\u00f3n contra la hospitalizaci\u00f3n y la muerte si se vuelven a infectar, por lo que me deja con algo de optimismo proveniente de omicron. <\/p>\n<p>Dicho esto, claramente hemos visto surgir nuevas variantes que pueden reinfectarnos, como omicron. Puede ser menos potente, pero cuando infecta a muchas m\u00e1s personas, tambi\u00e9n mata a m\u00e1s personas. En Massachusetts, el pico de muertes por omicron el mes pasado fue m\u00e1s alto que el pico de muertes que experimentamos durante la ola del invierno pasado, antes de que hubiera una amplia accesibilidad a las vacunas. No sabemos si las variantes futuras pueden tener alg\u00fan nivel de escape inmunol\u00f3gico que nos devuelva a nuestra posici\u00f3n original. <\/p>\n<p>\u00bfC\u00f3mo podemos protegernos contra futuras variantes? <\/p>\n<p>Necesitamos equidad mundial en vacunas para que sea menos probable que veamos variantes que nos mantengan en la etapa pand\u00e9mica. En este momento, si observa el Tablero de equidad de vacunas de la ONU y la OMS, 2 de cada 3 personas en pa\u00edses de altos ingresos han sido vacunadas en comparaci\u00f3n con 1 de cada 8 personas en pa\u00edses de bajos ingresos. Tanto con delta como con omicron, nuestro lanzamiento muy lento de vacunas a nivel mundial realmente nos perjudic\u00f3 y nos puso en situaciones en las que las tasas de infecci\u00f3n aumentaron nuevamente. Para m\u00ed, es asombroso que el lanzamiento mundial de vacunas no est\u00e9 en la portada todos los d\u00edas. <\/p>\n<p>Explore m\u00e1s<\/p>\n<p> Los casos disminuyen, pero los expertos dicen que la pandemia de COVID-19 no ha terminado Proporcionado por la Universidad de Tufts <strong>Cita<\/strong>: \u00bfCu\u00e1ndo terminar\u00e1 la pandemia? (2022, 22 de febrero) recuperado el 29 de agosto de 2022 de https:\/\/medicalxpress.com\/news\/2022-02-pandemic.html Este documento est\u00e1 sujeto a derechos de autor. Aparte de cualquier trato justo con fines de estudio o investigaci\u00f3n privados, ninguna parte puede reproducirse sin el permiso por escrito. El contenido se proporciona \u00fanicamente con fines informativos.<\/p>\n","protected":false},"excerpt":{"rendered":"<p>Eliminar los mandatos de uso de mascarillas y otras precauciones de seguridad podr\u00eda aumentar las tasas de COVID, pero lo que no se reconoce es que las muertes disminuir\u00e1n de manera desigual, afectando a algunas comunidades m\u00e1s que a otras, dice el profesor asistente Ramnath Subbaraman. Cr\u00e9dito: Shutterstock Durante los \u00faltimos dos a\u00f1os, la pandemia &hellip; <a href=\"https:\/\/www.biblia.work\/articulos-salud\/cuando-terminara-la-pandemia\/\" class=\"more-link\">Continuar leyendo<span class=\"screen-reader-text\"> \u00ab\u00bfCu\u00e1ndo terminar\u00e1 la pandemia?\u00bb<\/span><\/a><\/p>\n","protected":false},"author":1,"featured_media":0,"comment_status":"","ping_status":"","sticky":false,"template":"","format":"standard","meta":{"footnotes":""},"categories":[1],"tags":[],"class_list":["post-7949","post","type-post","status-publish","format-standard","hentry","category-general"],"_links":{"self":[{"href":"https:\/\/www.biblia.work\/articulos-salud\/wp-json\/wp\/v2\/posts\/7949","targetHints":{"allow":["GET"]}}],"collection":[{"href":"https:\/\/www.biblia.work\/articulos-salud\/wp-json\/wp\/v2\/posts"}],"about":[{"href":"https:\/\/www.biblia.work\/articulos-salud\/wp-json\/wp\/v2\/types\/post"}],"author":[{"embeddable":true,"href":"https:\/\/www.biblia.work\/articulos-salud\/wp-json\/wp\/v2\/users\/1"}],"replies":[{"embeddable":true,"href":"https:\/\/www.biblia.work\/articulos-salud\/wp-json\/wp\/v2\/comments?post=7949"}],"version-history":[{"count":0,"href":"https:\/\/www.biblia.work\/articulos-salud\/wp-json\/wp\/v2\/posts\/7949\/revisions"}],"wp:attachment":[{"href":"https:\/\/www.biblia.work\/articulos-salud\/wp-json\/wp\/v2\/media?parent=7949"}],"wp:term":[{"taxonomy":"category","embeddable":true,"href":"https:\/\/www.biblia.work\/articulos-salud\/wp-json\/wp\/v2\/categories?post=7949"},{"taxonomy":"post_tag","embeddable":true,"href":"https:\/\/www.biblia.work\/articulos-salud\/wp-json\/wp\/v2\/tags?post=7949"}],"curies":[{"name":"wp","href":"https:\/\/api.w.org\/{rel}","templated":true}]}}