{"id":7961,"date":"2022-08-30T02:37:42","date_gmt":"2022-08-30T07:37:42","guid":{"rendered":"https:\/\/www.biblia.work\/articulos-salud\/interaccion-entre-redes-cerebrales-en-el-autismo\/"},"modified":"2022-08-30T02:37:42","modified_gmt":"2022-08-30T07:37:42","slug":"interaccion-entre-redes-cerebrales-en-el-autismo","status":"publish","type":"post","link":"https:\/\/www.biblia.work\/articulos-salud\/interaccion-entre-redes-cerebrales-en-el-autismo\/","title":{"rendered":"Interacci\u00f3n entre redes cerebrales en el autismo"},"content":{"rendered":"<p>Cr\u00e9dito: Pixabay\/CC0 Dominio p\u00fablico <\/p>\n<p>El trastorno del espectro autista (TEA) est\u00e1 asociado con un mayor enfoque en las experiencias internas de uno junto con una reducci\u00f3n en la capacidad de respuesta al entorno social externo. Ahora, un nuevo estudio investiga la din\u00e1mica de la conectividad cerebral entre las redes cerebrales asociadas con las experiencias internas, la atenci\u00f3n externa y el cambio entre estados internos y externos. El estudio aparece en Biological Psychiatry: Cognitive Neuroscience and Neuroimaging. <\/p>\n<p>Los investigadores utilizaron datos de resonancia magn\u00e9tica funcional (fMRI) del Autism Brain Imaging Data Exchange (ABIDE) para comparar a 325 personas con TEA con 356 personas en un grupo de control con desarrollo normal. Midieron la din\u00e1mica de conectividad entre tres redes cerebrales clave: la red de modo predeterminado (DMN), la red frontoparietal (FPN) y la red de prominencia a lo largo del tiempo.<\/p>\n<p>\u00abEl papel de cada una de estas redes cerebrales intr\u00ednsecas ha sido investigado individualmente en personas con ASD\u00bb, dijo Tae-Ho Lee, Ph.D., co-investigador principal de Virginia Tech, Blacksburg, VA, EE. UU., \u00abpero nuestro estudio es el primero en examinar c\u00f3mo estas tres redes interactuaban din\u00e1micamente a nivel de sistemas cerebrales a gran escala, en lugar de centrarse en una sola red o conexi\u00f3n est\u00e1tica\u00bb.<\/p>\n<p>El an\u00e1lisis de los autores determin\u00f3 que la red de prominencia activa excesivamente el DMN, que est\u00e1 asociado con la mente errante y la introspecci\u00f3n. pensamientos mientras inhibe la FPN con el tiempo en personas con TEA. Por el contrario, en el grupo de desarrollo t\u00edpico, la red de prominencia desactiva la DMN y activa la FPN, lo que dirige la atenci\u00f3n al entorno externo de manera espont\u00e1nea y moment\u00e1nea, y los lleva a monitorear regularmente (y ser m\u00e1s receptivos a) posibles cambios ambientales.<\/p>\n<p>\u00abNuestro estudio proporciona una posible explicaci\u00f3n mec\u00e1nica de por qu\u00e9 el TEA se asocia con una cognici\u00f3n m\u00e1s enfocada internamente, incluida la mente errante y la prospecci\u00f3n, y menos atenci\u00f3n a las se\u00f1ales ambientales externas\u00bb, agreg\u00f3 el coautor principal Hyungwook. Yim, Ph.D., Universidad de Hanyang, Se\u00fal, Rep\u00fablica de Corea.<\/p>\n<p>El trabajo tambi\u00e9n podr\u00eda proporcionar una mejor comprensi\u00f3n de la interacci\u00f3n entre las redes cerebrales en otras situaciones. \u00abPor ejemplo, es m\u00e1s probable que los adultos mayores no ignoren la informaci\u00f3n innecesaria de su entorno\u00bb, dijo el Dr. Lee. \u00abDe acuerdo con estudios previos, la red de prominencia en adultos mayores activa excesivamente la FPN mientras inhibe la DMN, justo lo contrario de las interacciones ASD. La investigaci\u00f3n futura podr\u00eda encontrar que los ni\u00f1os con TDAH tienen un patr\u00f3n de din\u00e1mica de conectividad que es opuesto al de aquellos con ASD, \u00ab, especul\u00f3.<\/p>\n<p>Cameron Carter, MD, editor de Biological Psychiatry: Cognitive Neuroscience and Neuroimaging, dijo sobre el trabajo: \u00abEste importante estudio muestra c\u00f3mo los nuevos enfoques para analizar los patrones din\u00e1micos de las interacciones entre los sistemas cerebrales a lo largo de El tiempo puede ayudarnos a comprender la base neuronal de los s\u00edntomas incapacitantes, como el aumento de los lapsos de atenci\u00f3n en el autismo, e identificar nuevos objetivos importantes para la invenci\u00f3n para mejorar el funcionamiento cognitivo en ni\u00f1os y adultos que est\u00e1n en el espectro del autismo\u00bb.<\/p>\n<p> \u00abNuestro estudio proporciona una explicaci\u00f3n mec\u00e1nica de por qu\u00e9 las personas con TEA est\u00e1n menos atentas a su entorno y muestran una cognici\u00f3n m\u00e1s enfocada internamente, como divagaci\u00f3n mental y pro especificaci\u00f3n Este nuevo conocimiento podr\u00eda ser potencialmente \u00fatil para mejorar el diagn\u00f3stico de TEA o ayudar a informar estrategias terap\u00e9uticas para mejorar el bienestar de las personas con TEA\u00bb, dijo el Dr. Lee. <\/p>\n<p>Explore m\u00e1s<\/p>\n<p> Los comportamientos del autismo muestran huellas dactilares de redes cerebrales beb\u00e9s <strong>M\u00e1s informaci\u00f3n:<\/strong> Ya-Yun Chen et al, Acoplamiento funcional excesivo con menos variabilidad entre redes de modo prominente y predeterminado en el trastorno del espectro autista, psiquiatr\u00eda biol\u00f3gica: neurociencia cognitiva y neuroimagen (2021). DOI: 10.1016\/ j.bpsc.2021.11.016 Proporcionado por Elsevier <strong>Cita<\/strong>: Interacci\u00f3n entre redes cerebrales en el autismo (2022, 22 de febrero) recuperado el 29 de agosto de 2022 de https:\/\/medicalxpress.com\/news\/2022-02- interplay-brain-networks-autism.html Este documento est\u00e1 sujeto a derechos de autor. Aparte de cualquier trato justo con fines de estudio o investigaci\u00f3n privados, ninguna parte puede reproducirse sin el permiso por escrito. El contenido se proporciona \u00fanicamente con fines informativos.<\/p>\n","protected":false},"excerpt":{"rendered":"<p>Cr\u00e9dito: Pixabay\/CC0 Dominio p\u00fablico El trastorno del espectro autista (TEA) est\u00e1 asociado con un mayor enfoque en las experiencias internas de uno junto con una reducci\u00f3n en la capacidad de respuesta al entorno social externo. Ahora, un nuevo estudio investiga la din\u00e1mica de la conectividad cerebral entre las redes cerebrales asociadas con las experiencias internas, &hellip; <a href=\"https:\/\/www.biblia.work\/articulos-salud\/interaccion-entre-redes-cerebrales-en-el-autismo\/\" class=\"more-link\">Continuar leyendo<span class=\"screen-reader-text\"> \u00abInteracci\u00f3n entre redes cerebrales en el autismo\u00bb<\/span><\/a><\/p>\n","protected":false},"author":1,"featured_media":0,"comment_status":"","ping_status":"","sticky":false,"template":"","format":"standard","meta":{"footnotes":""},"categories":[1],"tags":[],"class_list":["post-7961","post","type-post","status-publish","format-standard","hentry","category-general"],"_links":{"self":[{"href":"https:\/\/www.biblia.work\/articulos-salud\/wp-json\/wp\/v2\/posts\/7961","targetHints":{"allow":["GET"]}}],"collection":[{"href":"https:\/\/www.biblia.work\/articulos-salud\/wp-json\/wp\/v2\/posts"}],"about":[{"href":"https:\/\/www.biblia.work\/articulos-salud\/wp-json\/wp\/v2\/types\/post"}],"author":[{"embeddable":true,"href":"https:\/\/www.biblia.work\/articulos-salud\/wp-json\/wp\/v2\/users\/1"}],"replies":[{"embeddable":true,"href":"https:\/\/www.biblia.work\/articulos-salud\/wp-json\/wp\/v2\/comments?post=7961"}],"version-history":[{"count":0,"href":"https:\/\/www.biblia.work\/articulos-salud\/wp-json\/wp\/v2\/posts\/7961\/revisions"}],"wp:attachment":[{"href":"https:\/\/www.biblia.work\/articulos-salud\/wp-json\/wp\/v2\/media?parent=7961"}],"wp:term":[{"taxonomy":"category","embeddable":true,"href":"https:\/\/www.biblia.work\/articulos-salud\/wp-json\/wp\/v2\/categories?post=7961"},{"taxonomy":"post_tag","embeddable":true,"href":"https:\/\/www.biblia.work\/articulos-salud\/wp-json\/wp\/v2\/tags?post=7961"}],"curies":[{"name":"wp","href":"https:\/\/api.w.org\/{rel}","templated":true}]}}