{"id":7964,"date":"2022-08-30T02:37:47","date_gmt":"2022-08-30T07:37:47","guid":{"rendered":"https:\/\/www.biblia.work\/articulos-salud\/es-realmente-seguro-poner-fin-a-los-mandatos-de-uso-de-mascarillas-en-las-escuelas\/"},"modified":"2022-08-30T02:37:47","modified_gmt":"2022-08-30T07:37:47","slug":"es-realmente-seguro-poner-fin-a-los-mandatos-de-uso-de-mascarillas-en-las-escuelas","status":"publish","type":"post","link":"https:\/\/www.biblia.work\/articulos-salud\/es-realmente-seguro-poner-fin-a-los-mandatos-de-uso-de-mascarillas-en-las-escuelas\/","title":{"rendered":"\u00bfEs realmente seguro poner fin a los mandatos de uso de mascarillas en las escuelas?"},"content":{"rendered":"<p>Cr\u00e9dito: Unsplash\/CC0 Public Domain <\/p>\n<p>A medida que los estados relajan las restricciones por el COVID-19 en todo el pa\u00eds, el uso de mascarillas, particularmente en las escuelas, sigue siendo un tema controvertido y confuso. <\/p>\n<p>Si bien es cierto que las tasas de casos de COVID-19 est\u00e1n disminuyendo despu\u00e9s del aumento de omicron, las hospitalizaciones siguen siendo altas en muchas partes del pa\u00eds, y los Centros para el Control y la Prevenci\u00f3n de Enfermedades (CDC) y la administraci\u00f3n de Biden dicen que es prematuro levantar mandatos de m\u00e1scara en las escuelas. (Los CDC contin\u00faan recomendando que todos usen una m\u00e1scara de alta calidad y que se ajuste bien en todos los lugares cerrados). <\/p>\n<p>Sin embargo, quienes est\u00e1n a favor de quitarse la m\u00e1scara en las escuelas dicen que la transmisi\u00f3n entre los escolares nunca ha sido buena. -estudiados y se\u00f1alan la carga social y emocional del enmascaramiento, particularmente en ni\u00f1os peque\u00f1os que se benefician al ver las expresiones faciales de sus maestros. <\/p>\n<p>Dados estos diversos puntos de vista, no es de extra\u00f1ar que muchos padres est\u00e9n desgarrados y frustrados, ya que un n\u00famero cada vez mayor de gobernadores, incluido el de Connecticut, han fijado una fecha para levantar los mandatos de mascarillas en las escuelas, dejando la decisi\u00f3n en manos de las autoridades locales. . <\/p>\n<p>Si la escuela de su hijo hace que las m\u00e1scaras sean opcionales y usted no est\u00e1 listo para que se las quiten, \u00bfdeber\u00eda hacer que su hijo contin\u00fae us\u00e1ndolas? \u00bfQu\u00e9 sabemos sobre c\u00f3mo las m\u00e1scaras previenen la transmisi\u00f3n de COVID-19 en las escuelas? <\/p>\n<p>\u00abLos gobiernos locales dicen una cosa y los CDC dicen otra. \u00bfC\u00f3mo pueden ser ciertas ambas cosas?\u00bb pregunta Jaimie Meyer, MD, MS, experta en enfermedades infecciosas de Yale Medicine. \u00abParece que estamos diciendo arbitrariamente: &#8216;Oye, es hora de quitarte la m\u00e1scara'\u00bb.<\/p>\n<p>Hablamos m\u00e1s con el Dr. Meyer y un compa\u00f1ero experto en medicina de Yale para ayudar a dar sentido a esta \u00faltima etapa. de la pandemia y cu\u00e1l es la mejor manera de navegarlo de la manera m\u00e1s sensata y segura posible. <\/p>\n<p>\u00bfPor qu\u00e9 los mandatos de uso de mascarillas en las escuelas son un problema?<\/p>\n<p>El movimiento para desenmascarar comenz\u00f3 a principios de febrero cuando varios estados anunciaron planes para aliviar muchas restricciones pand\u00e9micas a medida que el aumento de omicron comenz\u00f3 a retroceder. Fue un esfuerzo vagamente coordinado que surgi\u00f3 inmediatamente despu\u00e9s de las discusiones sobre salud p\u00fablica y los grupos de enfoque que comenzaron despu\u00e9s de las elecciones de noviembre. <\/p>\n<p>En Connecticut, la inminente expiraci\u00f3n de las \u00f3rdenes ejecutivas del gobernador relacionadas con la pandemia, incluido el mandato del uso de mascarillas en las escuelas, puso el tema en primer plano. La legislatura estatal vot\u00f3 para extender el mandato de m\u00e1scara en las escuelas hasta el 28 de febrero, despu\u00e9s de lo cual la decisi\u00f3n recaer\u00e1 en escuelas, pueblos y ciudades individuales. <\/p>\n<p>Dra. Meyer se\u00f1ala que no hay nada desde la perspectiva de las m\u00e9tricas de salud que sea \u00abm\u00e1gico\u00bb en esta fecha. <\/p>\n<p>\u00ab\u00bfPor qu\u00e9 ahora? \u00bfPor qu\u00e9 en este momento? Eso es pura pol\u00edtica. Son simplemente \u00f3rdenes ejecutivas que expiran\u00bb, dice. \u00abPero tambi\u00e9n creo que a la gente no le gustan los mandatos. Est\u00e1n cansados de que les digan qu\u00e9 hacer. Creo que eso realmente frustra a la gente\u00bb. <\/p>\n<p>Fin de los mandatos de mascarilla: \u00bfuna decisi\u00f3n basada en la ciencia o la pol\u00edtica?<\/p>\n<p>Mientras Connecticut se prepara para poner fin a su mandato de mascarilla, la Dra. Meyer dice que preferir\u00eda ver m\u00e9tricas concretas que demuestren que es hora de acabar con ellos. <\/p>\n<p>\u00abA veces, se necesitan mandatos para la salud y la seguridad p\u00fablicas\u00bb, dice ella. \u00abEntonces, ser\u00eda \u00fatil tener un plan en el que dij\u00e9ramos que, por ejemplo, una vez que la tasa de hospitalizaci\u00f3n sea X y la cobertura de vacunaci\u00f3n sea Y, y cuando podamos ventilar mejor nuestros espacios y pasar m\u00e1s tiempo al aire libre, ser\u00eda Est\u00e1 bien quitarse la m\u00e1scara. Pero elegir una fecha arbitrariamente no tiene absolutamente ning\u00fan sentido para m\u00ed. Este virus dictar\u00e1 cu\u00e1l es la fecha correcta\u00bb.<\/p>\n<p>Del mismo modo, cuando se eliminan los mandatos y te quedas solo con elecci\u00f3n personal, debe haber m\u00e9tricas que nos permitan decir que ciertas medidas son recomendadas o requeridas para ciertos grupos de personas, dice. <\/p>\n<p>Desafortunadamente, esos marcadores est\u00e1n resultando dif\u00edciles de encontrar. Por ejemplo, antes de que la vacunaci\u00f3n estuviera disponible, las escuelas depend\u00edan de las tasas de positividad de las pruebas. \u00abHab\u00eda m\u00e9tricas y era din\u00e1mico. Est\u00e1s en una zona roja, una zona amarilla\u00bb, dice el Dr. Meyer. \u00abPuede haber sido dif\u00edcil de seguir, pero al menos sab\u00edas d\u00f3nde estabas y hab\u00eda una raz\u00f3n para el aumento de las medidas de protecci\u00f3n\u00bb. <\/p>\n<p>Pero ahora no podemos confiar en esas mismas m\u00e9tricas tan f\u00e1cilmente, explica el Dr. Meyer. \u00abObserve las tasas de positividad, por ejemplo. Muchas personas ahora se est\u00e1n haciendo pruebas en el hogar y no est\u00e1n obligadas a informarlo al Departamento de Salud P\u00fablica\u00bb, dice ella. \u00abTambi\u00e9n est\u00e1 el aumento de la transmisi\u00f3n de omicron y el hecho de que, en general, todav\u00eda era relativamente leve en comparaci\u00f3n con las variantes anteriores. Ahora nos preocupamos m\u00e1s por las tasas de hospitalizaci\u00f3n y vacunaci\u00f3n, no solo por la cantidad de infecciones\u00bb. <\/p>\n<p>Eugene Shapiro, MD, especialista en enfermedades infecciosas pedi\u00e1tricas de Yale Medicine, dice que los mandatos de m\u00e1scara son un tema espinoso. <\/p>\n<p>\u00abNos metemos en pol\u00edtica cuando hablamos de un mandato de m\u00e1scara en lugar de recomendarlas. Usar\u00e9 una m\u00e1scara durante mucho tiempo mientras el virus est\u00e9 con nosotros\u00bb, dice. \u201cNo es irrazonable usar una m\u00e1scara, pero un mandato es algo diferente, con toda la jerga legal involucrada\u201d. <\/p>\n<p>M\u00e1s bien, el Dr. Shapiro dice que separar\u00eda el mandato de la informaci\u00f3n sobre los beneficios y las desventajas de usar una mascarilla. \u00abPara m\u00ed, no es tan oneroso usar uno, y hay una raz\u00f3n por la que los usamos cuando entramos en las habitaciones del hospital donde alguien tiene una enfermedad respiratoria\u00bb, dice. \u00ab\u00bfCu\u00e1les son los efectos secundarios adversos de las m\u00e1scaras? En eso, te involucras mucho en la sociolog\u00eda y la pol\u00edtica\u00bb. <\/p>\n<p>Si bien est\u00e1 claro que las mascarillas reducen tanto el riesgo de propagaci\u00f3n como la probabilidad de contraer la COVID-19, la pregunta sigue siendo cu\u00e1nto, agrega la Dra. Shapiro. \u00abEn este momento, la incidencia de la enfermedad est\u00e1 disminuyendo, pero en un mes y medio, podr\u00eda volver a subir\u00bb, dice. \u00abPodr\u00eda haber una nueva variante. Hay tanta incertidumbre, y lo que est\u00e1 bien esta semana podr\u00eda no estar bien la pr\u00f3xima\u00bb. <\/p>\n<p>Los mensajes sobre el enmascaramiento deber\u00edan ser m\u00e1s claros<\/p>\n<p>Un problema persistente durante la pandemia ha sido el de los mensajes, dice el Dr. Meyer. <\/p>\n<p>\u00abLa comunicaci\u00f3n debe ser clara y coherente si quiere que la gente la siga. La Casa Blanca no deber\u00eda estar haciendo algo diferente a los CDC, que es diferente al gobernador, que est\u00e1 haciendo algo diferente a los superintendente escolar\u00bb, dice. \u00abEs por eso que la gente no conf\u00eda en la ciencia\u00bb. <\/p>\n<p>Espec\u00edficamente, el problema de los mensajes es el enfoque de \u00abtodo o nada\u00bb para las precauciones de COVID-19, dice ella. \u00abLas m\u00e1scaras se presentan como un interruptor. Encendemos el interruptor y tenemos mandatos de m\u00e1scaras. Todos usan m\u00e1scaras todo el tiempo en lugares p\u00fablicos y en las escuelas\u00bb, dice ella. \u00abLuego, los privilegios ejecutivos terminan y apagamos el interruptor, y nadie usar\u00e1 m\u00e1scaras. El CDC b\u00e1sicamente dice: &#8216;Oye, tiempo fuera. No, todav\u00eda deber\u00edamos usar m\u00e1scaras'\u00bb.<\/p>\n<p>En lugar de un interruptor, las precauciones deben considerarse m\u00e1s como un dial, agrega el Dr. Meyer. \u00abLos mandatos son la versi\u00f3n extrema del dial. Tuvimos que subirlo a 10 cuando est\u00e1bamos en medio de una oleada, especialmente si quer\u00edamos que nuestros hijos pudieran permanecer en la escuela\u00bb, dice ella. \u00abLas m\u00e1scaras son efectivas en las escuelas. Son la raz\u00f3n por la cual los brotes en las escuelas que tienen mandatos de m\u00e1scaras son tan raros, especialmente cuando se combinan con la vacunaci\u00f3n del personal\u00bb.<\/p>\n<p>Entonces, es apropiado, ya que termina el aumento de omicron y m\u00e1s personas se vacunan, que el dial se baja, dice el Dr. Meyer. <\/p>\n<p>\u00abDevolvemos a las personas algo de autonom\u00eda y les damos el derecho de usar una m\u00e1scara o no usarla. Pero estamos cambiando el dial a un siete, no a un cero\u00bb, dice ella. \u00abAdem\u00e1s, algunas personas a\u00fan necesitan usar una m\u00e1scara. Si tiene transmisi\u00f3n comunitaria en curso o si tiene condiciones de salud subyacentes que aumentan el riesgo de una enfermedad grave, a\u00fan necesitar\u00e1 usar una m\u00e1scara. No es todo o nada\u00bb.<\/p>\n<p>\u00bfEl enmascaramiento en las escuelas afecta la transmisi\u00f3n?<\/p>\n<p>Varios estudios de los CDC publicados en septiembre de 2021 destacan la importancia del enmascaramiento universal, junto con otras estrategias de prevenci\u00f3n, para detener la propagaci\u00f3n de COVID -19 transmisi\u00f3n en las escuelas. Los estudios muestran que los distritos escolares que no ten\u00edan una pol\u00edtica universal de mascarillas ten\u00edan m\u00e1s probabilidades de tener brotes de COVID-19. <\/p>\n<p>Pero es importante tener en cuenta que las m\u00e1scaras fueron una de las muchas medidas de mitigaci\u00f3n, incluidas la vacunaci\u00f3n y el distanciamiento social, lo que dificulta evaluar la efectividad. \u00abCuando trata de decir si una intervenci\u00f3n de cualquier tipo es efectiva o no, quiere ver esa intervenci\u00f3n de forma aislada. Y no hay forma de hacerlo\u00bb, dice el Dr. Meyer. \u201cLos lugares que tienen mandatos de mascarillas tambi\u00e9n fueron lugares que tienen una mayor cobertura de vacunaci\u00f3n. En Connecticut, a menudo tenemos requisitos de vacunaci\u00f3n para los educadores. Fue parte de un &#8216;paquete de intervenci\u00f3n&#8217;. Por lo tanto, es dif\u00edcil desentra\u00f1ar lo que funciona mejor\u00bb. <\/p>\n<p>En cambio, es una cuesti\u00f3n de asociaci\u00f3n, no de causalidad, explica el Dr. Meyer. \u00abAl menos podemos ver que en los lugares que ten\u00edan una alta participaci\u00f3n en el uso de mascarillas o mandatos de uso de mascarillas en la escuela, hubo tasas de infecci\u00f3n mucho m\u00e1s bajas entre los ni\u00f1os en edad escolar. Hubo menos brotes\u00bb, dice ella. \u201cPero si fueron las m\u00e1scaras, las vacunas o la limpieza y el distanciamiento, simplemente no lo sabemos. Probablemente fueron todas esas cosas\u201d. <\/p>\n<p>Por otro lado, la Dra. Meyer dice que no ha visto ning\u00fan dato que indique que las m\u00e1scaras no funcionan en las escuelas. \u00abDesde una mentalidad puramente de salud p\u00fablica y enfermedades infecciosas, quitarse las m\u00e1scaras no tiene absolutamente ning\u00fan sentido para m\u00ed. Es una infecci\u00f3n transmitida por gotitas\u00bb, dice ella. \u00abSi evita que salga de la nariz y la boca de alguien y entre en la nariz y la boca de otra persona, entonces evitar\u00e1 la infecci\u00f3n. Es por eso que vemos tasas tan bajas de gripe este a\u00f1o y el a\u00f1o pasado, porque todos usamos m\u00e1scaras\u00bb. \/p&gt; <\/p>\n<p>\u00bfQu\u00e9 deben hacer los padres cuando finalicen los mandatos de mascarillas en las escuelas?<\/p>\n<p>A medida que los estados y las escuelas afinan sus pol\u00edticas de mascarillas en lugares p\u00fablicos y en las escuelas, queda por ver si los CDC actualizan alguna de sus lineamientos. En Connecticut, los Departamentos de Salud P\u00fablica y Educaci\u00f3n tienen derecho hasta el 30 de junio para volver a imponer el uso obligatorio de mascarillas en las escuelas, si lo consideran necesario. <\/p>\n<p>Mientras tanto, los padres de ni\u00f1os en escuelas donde se retiran los mandatos de m\u00e1scara se enfrentan a una decisi\u00f3n personal. <\/p>\n<p>\u00abComo si la crianza de los hijos durante una pandemia no fuera lo suficientemente dif\u00edcil, lo que es realmente estresante para los padres es toda la evaluaci\u00f3n de riesgos individualizada\u00bb, dice el Dr. Meyer. \u00abHay algunos casos que son claros. Si su hijo u otras personas en su hogar o familia inmediatos tienen una afecci\u00f3n de salud subyacente que los pone en riesgo de contraer una enfermedad grave, tendr\u00e1 que tomar precauciones adicionales\u00bb. <\/p>\n<p>Pero tambi\u00e9n deber\u00edan estar en juego otros factores, incluido el estado de vacunaci\u00f3n. \u00abTal vez si las tasas de casos y las hospitalizaciones fueran lo suficientemente bajas, la vacunaci\u00f3n ser\u00eda suficiente\u00bb, dice el Dr. Meyer. \u00abDe lo contrario, me equivocar\u00eda por el lado de la precauci\u00f3n. Voy a hacer que mis hijos usen m\u00e1scaras, por ejemplo\u00bb.<\/p>\n<p>Las tasas de vacunaci\u00f3n son bajas en el grupo m\u00e1s joven (de cinco a 11 a\u00f1os) que ahora son elegibles , y los CDC informan que solo alrededor de una cuarta parte de esta poblaci\u00f3n est\u00e1 completamente vacunada. <\/p>\n<p>Pero la vacunaci\u00f3n tambi\u00e9n puede ser un factor protector suficiente para algunas familias, agrega. \u00abCreo que vacunarse a s\u00ed mismo y a su familia es algo fortalecedor que lo hace sentir listo para desenmascararse\u00bb, dice ella. \u00abTambi\u00e9n creo que si su nivel de comodidad a\u00fan no est\u00e1 all\u00ed, est\u00e1 bien que sus hijos usen m\u00e1scaras\u00bb. <\/p>\n<p>Al final del d\u00eda, ahora no es el momento de deshacerse por completo de las m\u00e1scaras, dice el Dr. Meyer.<\/p>\n<p>\u00abA medida que m\u00e1s y m\u00e1s personas son vacunadas e inmunes, y a medida que hacia un clima c\u00e1lido, podemos abrir las ventanas y estar afuera\u00bb, dice ella. \u201cCreo que cuando pase todo esto, esas medidas de precauci\u00f3n adicionales con m\u00e1scaras ser\u00e1n cada vez menos importantes\u201d. <\/p>\n<p>Pero si la circulaci\u00f3n del virus aumenta nuevamente y las tasas de hospitalizaci\u00f3n aumentan, entonces el indicador debe volver a subir, advierte. <\/p>\n<p>\u00abEse es el problema cuando se considera un interruptor, la gente no quiere volver a encender el interruptor\u00bb, dice el Dr. Meyer. \u00abPero cuando hay un dial, podemos ser flexibles. Hemos vivido una pandemia ahora. Tenemos que ser lo suficientemente flexibles para volver a agregar medidas, cuando sea necesario\u00bb.<\/p>\n<p>Es importante recordar que el enmascaramiento es solo otra capa protectora, y una que las familias a\u00fan pueden elegir usar, explica el Dr. Meyer. \u00abMis hijos usar\u00e1n un KN95 durante mucho tiempo, hasta que est\u00e9 listo para quit\u00e1rselos\u00bb, dice ella. <\/p>\n<p>Explore m\u00e1s<\/p>\n<p> \u00bfDebe su hijo seguir usando una m\u00e1scara en la escuela? Proporcionado por la Universidad de Yale <strong>Cita<\/strong>: \u00bfEs realmente seguro terminar con los mandatos de uso de mascarillas en las escuelas? (2022, 22 de febrero) recuperado el 29 de agosto de 2022 de https:\/\/medicalxpress.com\/news\/2022-02-safe-mask-mandates-schools.html Este documento est\u00e1 sujeto a derechos de autor. Aparte de cualquier trato justo con fines de estudio o investigaci\u00f3n privados, ninguna parte puede reproducirse sin el permiso por escrito. El contenido se proporciona \u00fanicamente con fines informativos.<\/p>\n","protected":false},"excerpt":{"rendered":"<p>Cr\u00e9dito: Unsplash\/CC0 Public Domain A medida que los estados relajan las restricciones por el COVID-19 en todo el pa\u00eds, el uso de mascarillas, particularmente en las escuelas, sigue siendo un tema controvertido y confuso. Si bien es cierto que las tasas de casos de COVID-19 est\u00e1n disminuyendo despu\u00e9s del aumento de omicron, las hospitalizaciones siguen &hellip; <a href=\"https:\/\/www.biblia.work\/articulos-salud\/es-realmente-seguro-poner-fin-a-los-mandatos-de-uso-de-mascarillas-en-las-escuelas\/\" class=\"more-link\">Continuar leyendo<span class=\"screen-reader-text\"> \u00ab\u00bfEs realmente seguro poner fin a los mandatos de uso de mascarillas en las escuelas?\u00bb<\/span><\/a><\/p>\n","protected":false},"author":1,"featured_media":0,"comment_status":"","ping_status":"","sticky":false,"template":"","format":"standard","meta":{"footnotes":""},"categories":[1],"tags":[],"class_list":["post-7964","post","type-post","status-publish","format-standard","hentry","category-general"],"_links":{"self":[{"href":"https:\/\/www.biblia.work\/articulos-salud\/wp-json\/wp\/v2\/posts\/7964","targetHints":{"allow":["GET"]}}],"collection":[{"href":"https:\/\/www.biblia.work\/articulos-salud\/wp-json\/wp\/v2\/posts"}],"about":[{"href":"https:\/\/www.biblia.work\/articulos-salud\/wp-json\/wp\/v2\/types\/post"}],"author":[{"embeddable":true,"href":"https:\/\/www.biblia.work\/articulos-salud\/wp-json\/wp\/v2\/users\/1"}],"replies":[{"embeddable":true,"href":"https:\/\/www.biblia.work\/articulos-salud\/wp-json\/wp\/v2\/comments?post=7964"}],"version-history":[{"count":0,"href":"https:\/\/www.biblia.work\/articulos-salud\/wp-json\/wp\/v2\/posts\/7964\/revisions"}],"wp:attachment":[{"href":"https:\/\/www.biblia.work\/articulos-salud\/wp-json\/wp\/v2\/media?parent=7964"}],"wp:term":[{"taxonomy":"category","embeddable":true,"href":"https:\/\/www.biblia.work\/articulos-salud\/wp-json\/wp\/v2\/categories?post=7964"},{"taxonomy":"post_tag","embeddable":true,"href":"https:\/\/www.biblia.work\/articulos-salud\/wp-json\/wp\/v2\/tags?post=7964"}],"curies":[{"name":"wp","href":"https:\/\/api.w.org\/{rel}","templated":true}]}}