{"id":7978,"date":"2022-08-30T02:38:12","date_gmt":"2022-08-30T07:38:12","guid":{"rendered":"https:\/\/www.biblia.work\/articulos-salud\/la-gran-colision-el-impacto-de-la-salud-mental-de-los-ninos-en-la-fuerza-laboral\/"},"modified":"2022-08-30T02:38:12","modified_gmt":"2022-08-30T07:38:12","slug":"la-gran-colision-el-impacto-de-la-salud-mental-de-los-ninos-en-la-fuerza-laboral","status":"publish","type":"post","link":"https:\/\/www.biblia.work\/articulos-salud\/la-gran-colision-el-impacto-de-la-salud-mental-de-los-ninos-en-la-fuerza-laboral\/","title":{"rendered":"La gran colisi\u00f3n: el impacto de la salud mental de los ni\u00f1os en la fuerza laboral"},"content":{"rendered":"<p>Cr\u00e9dito: Unsplash\/CC0 Public Domain <\/p>\n<p>La crisis de salud mental pedi\u00e1trica y adolescente, atra\u00edda por una nueva atenci\u00f3n y m\u00e1s urgente por el estr\u00e9s de la pandemia, ahora demuestra tener implicaciones directas y dram\u00e1ticas en el lugar de trabajo. <\/p>\n<p>On Our Sleeves, el movimiento para la salud mental de los ni\u00f1os, realiz\u00f3 recientemente un estudio nacional \u00fanico en su tipo en la primavera de 2021, financiado por la Fundaci\u00f3n Nationwide, para evaluar espec\u00edficamente el impacto de la salud mental de los ni\u00f1os en el desempe\u00f1o laboral de los padres. y, a su vez, en el \u00e9xito de las empresas. Los resultados fueron oportunos y reveladores:<\/p>\n<ul>\n<li>53 % de los padres que trabajan han faltado al trabajo al menos una vez al mes para lidiar con la salud mental de sus hijos.<\/li>\n<li>54 % de los padres que trabajan interrumpieron su trabajo para responder a la comunicaci\u00f3n sobre las necesidades de salud mental de sus hijos durante el horario laboral.<\/li>\n<li>3050% de los pensamientos de los padres que trabajan est\u00e1n en la salud mental y el bienestar de sus hijos, incluso mientras est\u00e1n en el trabajo,<\/li>\n<li>85% de los padres que trabajan piensan que es una buena idea hablar sobre la salud mental de los ni\u00f1os, pero pocos hablaron con sus gerentes (20%), el departamento de recursos humanos (23%) o colegas (21%),<\/li>\n<li>Los padres que trabajan menores de 40 a\u00f1os est\u00e1n m\u00e1s preocupados por la salud mental de sus hijos y tambi\u00e9n es m\u00e1s probable que elijan empleadores en funci\u00f3n del acceso a los beneficios y recursos de atenci\u00f3n de la salud mental.<\/li>\n<\/ul>\n<p>\u00bb Las preocupaciones sobre la salud mental de los ni\u00f1os siempre han existido, pero en medio de la pandemia se han vuelto cada vez m\u00e1s visibles y urgentes\u201d, dijo Marti Bleds. oe Post, autor principal del estudio y director ejecutivo de On Our Sleeves. \u00abAhora, los padres que trabajan aparentemente est\u00e1n atrapados en un tira y afloja, tratando de concentrarse en las necesidades de sus hijos mientras tambi\u00e9n se ocupan de las responsabilidades laborales\u00bb.<\/p>\n<p>M\u00e1s de 3000 padres que trabajan en todo el pa\u00eds participaron en la encuesta y respondieron preguntas sobre c\u00f3mo su rendimiento laboral se vio afectado por la salud mental y emocional de sus hijos. Los resultados mostraron que los padres que trabajan no solo est\u00e1n sometidos a un mayor estr\u00e9s debido a sus preocupaciones sobre la salud mental de sus hijos, sino que tambi\u00e9n les afecta en el trabajo.<\/p>\n<p>El estudio tambi\u00e9n incorpor\u00f3 un enfoque de equidad en salud para comprender las necesidades espec\u00edficas y diferencias entre diversos rangos de padres en funci\u00f3n de la raza, la edad y el nivel socioecon\u00f3mico.<\/p>\n<p>\u00abSi bien estos datos reflejan una tasa baja de trastornos de la salud mental entre los padres negros y latinos (a), y los padres de nivel socioecon\u00f3mico m\u00e1s bajo, sabemos, a partir de datos nacionales, que este no es el caso. Los ni\u00f1os de comunidades subrepresentadas enfrentan tasas m\u00e1s altas de estr\u00e9s y enfermedades mentales; sin embargo, el estigma y las barreras para acceder a profesionales de salud mental e informaci\u00f3n pueden explicar las diferencias en c\u00f3mo se informaron los problemas de salud mental. en nuestros datos\u00bb, dijo Ariana Hoet, Ph.D., psic\u00f3loga pedi\u00e1trica del Nationwide Children&#8217;s Hospital y directora cl\u00ednica de On Our Sleeves. \u00abEs por eso que las investigaciones futuras sobre este tema incluir\u00e1n una mayor segmentaci\u00f3n y abordar\u00e1n las experiencias \u00fanicas de diversos padres\u00bb.<\/p>\n<p>Este estudio se basa en investigaciones existentes sobre el impacto en la salud mental en el lugar de trabajo de organizaciones como National Alliance on Mental Illness (NAMI), pero este es el primer estudio en el que se evaluaron los problemas de salud mental pedi\u00e1trica en el contexto del lugar de trabajo. Y no podr\u00eda haber llegado en un mejor momento con las tasas de trastornos de salud mental de los adolescentes aumentando a un ritmo alarmante.<\/p>\n<p>A nivel nacional, m\u00e1s de 150 organizaciones dirigidas por la Academia Estadounidense de Pediatr\u00eda, la Academia Estadounidense de Child and Adolescent Psychiatry y Children&#8217;s Hospital Association est\u00e1n haciendo sonar la alarma por la salud mental de los ni\u00f1os en un esfuerzo por enfocar a los legisladores en las necesidades \u00fanicas de los ni\u00f1os. Consciente de esta y otras iniciativas, el Cirujano General de los Estados Unidos declar\u00f3 la salud mental infantil una crisis nacional. Su oficina revis\u00f3 los hallazgos de \u00abThe Great Collide\u00bb y coment\u00f3:<\/p>\n<p>\u00abTodos debemos trabajar juntos para abordar la crisis de salud mental de los j\u00f3venes. Este informe refuerza el hecho de que la salud mental de los j\u00f3venes afecta no solo a los ni\u00f1os sino tambi\u00e9n a los padres\u00bb. , cuidadores y empleadores\u00bb, dijo el Cirujano General de EE. UU., el Dr. Vivek Murthy. \u00abEl aviso de mi Cirujano General describe varios pasos que los empleadores pueden tomar para apoyar la salud mental de sus empleados y sus familias, reconociendo que los empleadores tienen un papel que desempe\u00f1ar mientras trabajamos para sentar las bases de una naci\u00f3n m\u00e1s saludable. Gracias a Nationwide Children&#8217;s Hospital por centrarse en este tema cr\u00edtico\u00bb.<\/p>\n<p>M\u00e1s de la mitad de todos los padres que trabajan encuestados han estado extremadamente preocupados por la salud emocional y el desarrollo de sus hijos, pero a menudo, muchos sufren en silencio y no buscan la ayuda de sus hijos. jefes, colegas o recursos humanos debido a las percepciones sobre las actitudes de la empresa hacia la salud mental.<\/p>\n<p>\u00abEntendemos que algunos padres dudan en buscar ayuda para el apoyo emocional y mental de sus hijos, pero es hora de que eso cambie y ese cambio puede ser posible si las empresas toman medidas\u00bb, dijo Vinita Clements, vicepresidenta ejecutiva y directora de recursos humanos de Nationwide Insurance, cuya fundaci\u00f3n financi\u00f3 el estudio. \u00abEs nuestra responsabilidad como l\u00edderes empresariales crear un espacio seguro en el que los empleados se sientan c\u00f3modos comunic\u00e1ndose sobre la salud mental en el trabajo y, en \u00faltima instancia, reciban la ayuda necesaria para mantener a sus familias\u00bb. <\/p>\n<p>Explore m\u00e1s<\/p>\n<p> Cuando el COVID-19 perturba a las familias con varios ni\u00f1os, un hermano se ve m\u00e1s afectado <strong>M\u00e1s informaci\u00f3n:<\/strong> Informe: www.OnOurSleeves.org Proporcionado por el Nationwide Children&#8217;s Hospital <strong>Cita <\/strong>: El gran choque: El impacto de la salud mental de los ni\u00f1os en la fuerza laboral (22 de febrero de 2022) recuperado el 29 de agosto de 2022 de https:\/\/medicalxpress.com\/news\/2022-02-great-collide-impact-children -mental.html Este documento est\u00e1 sujeto a derechos de autor. Aparte de cualquier trato justo con fines de estudio o investigaci\u00f3n privados, ninguna parte puede reproducirse sin el permiso por escrito. El contenido se proporciona \u00fanicamente con fines informativos.<\/p>\n","protected":false},"excerpt":{"rendered":"<p>Cr\u00e9dito: Unsplash\/CC0 Public Domain La crisis de salud mental pedi\u00e1trica y adolescente, atra\u00edda por una nueva atenci\u00f3n y m\u00e1s urgente por el estr\u00e9s de la pandemia, ahora demuestra tener implicaciones directas y dram\u00e1ticas en el lugar de trabajo. On Our Sleeves, el movimiento para la salud mental de los ni\u00f1os, realiz\u00f3 recientemente un estudio nacional &hellip; <a href=\"https:\/\/www.biblia.work\/articulos-salud\/la-gran-colision-el-impacto-de-la-salud-mental-de-los-ninos-en-la-fuerza-laboral\/\" class=\"more-link\">Continuar leyendo<span class=\"screen-reader-text\"> \u00abLa gran colisi\u00f3n: el impacto de la salud mental de los ni\u00f1os en la fuerza laboral\u00bb<\/span><\/a><\/p>\n","protected":false},"author":1,"featured_media":0,"comment_status":"","ping_status":"","sticky":false,"template":"","format":"standard","meta":{"footnotes":""},"categories":[1],"tags":[],"class_list":["post-7978","post","type-post","status-publish","format-standard","hentry","category-general"],"_links":{"self":[{"href":"https:\/\/www.biblia.work\/articulos-salud\/wp-json\/wp\/v2\/posts\/7978","targetHints":{"allow":["GET"]}}],"collection":[{"href":"https:\/\/www.biblia.work\/articulos-salud\/wp-json\/wp\/v2\/posts"}],"about":[{"href":"https:\/\/www.biblia.work\/articulos-salud\/wp-json\/wp\/v2\/types\/post"}],"author":[{"embeddable":true,"href":"https:\/\/www.biblia.work\/articulos-salud\/wp-json\/wp\/v2\/users\/1"}],"replies":[{"embeddable":true,"href":"https:\/\/www.biblia.work\/articulos-salud\/wp-json\/wp\/v2\/comments?post=7978"}],"version-history":[{"count":0,"href":"https:\/\/www.biblia.work\/articulos-salud\/wp-json\/wp\/v2\/posts\/7978\/revisions"}],"wp:attachment":[{"href":"https:\/\/www.biblia.work\/articulos-salud\/wp-json\/wp\/v2\/media?parent=7978"}],"wp:term":[{"taxonomy":"category","embeddable":true,"href":"https:\/\/www.biblia.work\/articulos-salud\/wp-json\/wp\/v2\/categories?post=7978"},{"taxonomy":"post_tag","embeddable":true,"href":"https:\/\/www.biblia.work\/articulos-salud\/wp-json\/wp\/v2\/tags?post=7978"}],"curies":[{"name":"wp","href":"https:\/\/api.w.org\/{rel}","templated":true}]}}