{"id":7979,"date":"2022-08-30T02:38:14","date_gmt":"2022-08-30T07:38:14","guid":{"rendered":"https:\/\/www.biblia.work\/articulos-salud\/los-sintomas-auditivos-de-covid-19-podrian-deberse-a-la-ansiedad\/"},"modified":"2022-08-30T02:38:14","modified_gmt":"2022-08-30T07:38:14","slug":"los-sintomas-auditivos-de-covid-19-podrian-deberse-a-la-ansiedad","status":"publish","type":"post","link":"https:\/\/www.biblia.work\/articulos-salud\/los-sintomas-auditivos-de-covid-19-podrian-deberse-a-la-ansiedad\/","title":{"rendered":"Los s\u00edntomas auditivos de COVID-19 podr\u00edan deberse a la ansiedad"},"content":{"rendered":"<p>Cr\u00e9dito: Pixabay\/CC0 Dominio p\u00fablico <\/p>\n<p>Los informes de s\u00edntomas como tinnitus y p\u00e9rdida de audici\u00f3n durante la pandemia de coronavirus podr\u00edan tener en parte un origen psicosocial en lugar de estar directamente relacionados con COVID- 19 o el virus SARS-CoV2. <\/p>\n<p>El estudio del Centro de Investigaci\u00f3n Biom\u00e9dica de Manchester (BRC) de la Universidad de Manchester y el Instituto Nacional para la Investigaci\u00f3n de la Salud (NIHR), publicado en Frontiers in Public Health, muestra que los s\u00edntomas, que por definici\u00f3n no son medibles, son un terreno f\u00e9rtil para la mala interpretaci\u00f3n.<\/p>\n<p>El estudio fue apoyado por la Universidad Anglia Ruskin. Se recibi\u00f3 financiaci\u00f3n de Manchester BRC, el Instituto Nacional Real para Personas Sordas (RNID), la Asociaci\u00f3n Brit\u00e1nica de Tinnitus y Neuromod Devices Limited.<\/p>\n<p>Informes de asociaciones entre COVID-19 y s\u00edntomas auditivos como dificultad auditiva y tinnitus han sido ampliamente discutidos en los medios y la academia.<\/p>\n<p>Sin embargo, la mayor\u00eda de los estudios se han basado en autoinformes y carec\u00edan de informaci\u00f3n de referencia anterior a la pandemia.<\/p>\n<p>Eso hace que sea dif\u00edcil saber si los s\u00edntomas ocurrieron porque el virus COVID-19 afect\u00f3 el o\u00eddo mismo, o si ocurrieron debido a factores psicosociales como vivir una pandemia, temores sobre lo que podr\u00eda hacer el virus o sesgo de memoria.<\/p>\n<p>En una encuesta de YouGov en 2019 de m\u00e1s de 10\u00a0000 personas, el profesor Chris Armitage, catedr\u00e1tico de Psicolog\u00eda de la Salud en la Universidad de Manchester, y Manchester BRC Hearing Health, l\u00edder del programa de optimizaci\u00f3n de resultados, pregunt\u00f3, entre otras cosas, si las personas ten\u00edan dificultades auditivas y\/o tinnitus.<\/p>\n<p>yo n agosto de 2021, el equipo de estudio actual encarg\u00f3 a YouGov que contactara a las mismas personas sobre los s\u00edntomas que hab\u00edan experimentado durante la pandemia y respondieron 6881.<\/p>\n<p>La segunda encuesta pregunt\u00f3 sobre el inicio y el cambio en tres tipos de s\u00edntomas:<\/p>\n<ul>\n<li>Tipo uno: p\u00e9rdida del olfato, problemas de memoria\/concentraci\u00f3n, fatiga persistente que tienen asociaci\u00f3n conocida con COVID-19.<\/li>\n<li>Tipo dos: s\u00edntomas auditivos (dificultad auditiva y tinnitus) que tienen una asociaci\u00f3n indeterminada con COVID-19.<\/li>\n<li>Tipo tres: dolor de muelas, una pista falsa sin asociaci\u00f3n establecida con COVID-19.<\/li>\n<\/ul>\n<p>Aunque hubo el doble de informes de nuevas dificultades auditivas y tinnitus en personas con COVID-19 confirmado y presunto, en comparaci\u00f3n con personas que no hab\u00edan tenido COVID-19, encontraron:<\/p>\n<ul>\n<li>La aparici\u00f3n de nuevos s\u00edntomas auditivos coincidi\u00f3 con COVID-19 en solo un tercio de las personas que informaron los s\u00edntomas; un tercio no sab\u00eda cu\u00e1ndo comenzaron sus s\u00edntomas; y un tercio dijo que sus s\u00edntomas comenzaron antes de la pandemia, aunque todos hab\u00edan dicho que no ten\u00edan s\u00edntomas auditivos en marzo de 2019.<\/li>\n<li>M\u00e1s del 60 % de las personas con COVID-19 confirmado o presunto dijeron que sus El dolor de muelas tambi\u00e9n se hab\u00eda visto afectado por el COVID-19 a pesar de que no hab\u00eda evidencia de una asociaci\u00f3n.<\/li>\n<li>Como era de esperar, los s\u00edntomas de tipo uno fueron reportados con mayor frecuencia por las personas con COVID-19 confirmado. Pero los s\u00edntomas de tipo dos y tipo tres fueron reportados con mayor frecuencia por las personas que sospechaban que ten\u00edan COVID-19.<\/li>\n<\/ul>\n<p>El estudio tambi\u00e9n pregunt\u00f3 sobre los desaf\u00edos experimentados durante la pandemia, como sentirse solo y ansioso , falta de ejercicio, falta de espacio en el hogar y cuidado de los dem\u00e1s.<\/p>\n<p>Observaron la cantidad de desaf\u00edos informados en relaci\u00f3n con la cantidad de s\u00edntomas experimentados durante la pandemia y encontraron que cuanto mayor era la cantidad de desaf\u00edos, se informaron m\u00e1s s\u00edntomas.<\/p>\n<p>Dr. Gabrielle Saunders de la Universidad de Manchester, que administra el Centro de dispositivos auditivos de Manchester BRC, fue la autora principal del estudio. Ella dijo: \u00abAunque hubo m\u00e1s informes de s\u00edntomas auditivos en personas con COVID-19 confirmado o sospechoso, nuestro estudio proporciona evidencia de que los factores psicosociales influyeron en lo que sintieron nuestros encuestados.<\/p>\n<p>\u00abTambi\u00e9n encontramos que los encuestados fueron inconsistentes con su informe de s\u00edntomas auditivos a lo largo del tiempo. Creemos que esto se debe en parte a que sus respuestas se vieron afectadas por el contexto en el que se hizo la pregunta.<\/p>\n<p>\u00abIncluso si los s\u00edntomas surgieron debido a factores psicosociales, siguen siendo reales para la persona que los experimenta, por lo que deben ser manejados pero usando estrategias terap\u00e9uticas diferentes a si fueran causados directamente por el virus.<\/p>\n<p>\u201cPor eso debemos tener mucho cuidado al atribuir cualquier s\u00edntoma al efecto del virus, especialmente si carecemos datos de referencia.<\/p>\n<p>\u00abCreemos que los estudios que incluyen grupos de control y usan medidas audiom\u00e9tricas (pruebas de audici\u00f3n) adem\u00e1s del autoinforme, para investigar el cambio en los s\u00edntomas auditivos en relaci\u00f3n con antes de COVID-19, son urgentes\u00bb. necesario.\u00bb <\/p>\n<p>Explore m\u00e1s<\/p>\n<p> La evidencia respalda el v\u00ednculo de la p\u00e9rdida auditiva con la COVID, dicen los cient\u00edficos <strong>M\u00e1s informaci\u00f3n:<\/strong> Gabrielle H. Saunders et al, Shedding Light on SARS-CoV-2, COVID-19, COVID- 19 Vacunaci\u00f3n y S\u00edntomas Auditivos: \u00bfCausalidad o Conjunci\u00f3n Espuria?, Frontiers in Public Health (2022). DOI: 10.3389\/fpubh.2022.837513 <strong>Informaci\u00f3n de la revista:<\/strong> Frontiers in Public Health <\/p>\n<p> Proporcionado por la Universidad de Manchester <strong>Cita<\/strong>: Los s\u00edntomas auditivos de COVID-19 podr\u00edan ser provocados por la ansiedad (2022 , 22 de febrero) recuperado el 29 de agosto de 2022 de https:\/\/medicalxpress.com\/news\/2022-02-auditory-covid-symptoms-anxiety-driven.html Este documento est\u00e1 sujeto a derechos de autor. Aparte de cualquier trato justo con fines de estudio o investigaci\u00f3n privados, ninguna parte puede reproducirse sin el permiso por escrito. El contenido se proporciona \u00fanicamente con fines informativos.<\/p>\n","protected":false},"excerpt":{"rendered":"<p>Cr\u00e9dito: Pixabay\/CC0 Dominio p\u00fablico Los informes de s\u00edntomas como tinnitus y p\u00e9rdida de audici\u00f3n durante la pandemia de coronavirus podr\u00edan tener en parte un origen psicosocial en lugar de estar directamente relacionados con COVID- 19 o el virus SARS-CoV2. El estudio del Centro de Investigaci\u00f3n Biom\u00e9dica de Manchester (BRC) de la Universidad de Manchester y &hellip; <a href=\"https:\/\/www.biblia.work\/articulos-salud\/los-sintomas-auditivos-de-covid-19-podrian-deberse-a-la-ansiedad\/\" class=\"more-link\">Continuar leyendo<span class=\"screen-reader-text\"> \u00abLos s\u00edntomas auditivos de COVID-19 podr\u00edan deberse a la ansiedad\u00bb<\/span><\/a><\/p>\n","protected":false},"author":1,"featured_media":0,"comment_status":"","ping_status":"","sticky":false,"template":"","format":"standard","meta":{"footnotes":""},"categories":[1],"tags":[],"class_list":["post-7979","post","type-post","status-publish","format-standard","hentry","category-general"],"_links":{"self":[{"href":"https:\/\/www.biblia.work\/articulos-salud\/wp-json\/wp\/v2\/posts\/7979","targetHints":{"allow":["GET"]}}],"collection":[{"href":"https:\/\/www.biblia.work\/articulos-salud\/wp-json\/wp\/v2\/posts"}],"about":[{"href":"https:\/\/www.biblia.work\/articulos-salud\/wp-json\/wp\/v2\/types\/post"}],"author":[{"embeddable":true,"href":"https:\/\/www.biblia.work\/articulos-salud\/wp-json\/wp\/v2\/users\/1"}],"replies":[{"embeddable":true,"href":"https:\/\/www.biblia.work\/articulos-salud\/wp-json\/wp\/v2\/comments?post=7979"}],"version-history":[{"count":0,"href":"https:\/\/www.biblia.work\/articulos-salud\/wp-json\/wp\/v2\/posts\/7979\/revisions"}],"wp:attachment":[{"href":"https:\/\/www.biblia.work\/articulos-salud\/wp-json\/wp\/v2\/media?parent=7979"}],"wp:term":[{"taxonomy":"category","embeddable":true,"href":"https:\/\/www.biblia.work\/articulos-salud\/wp-json\/wp\/v2\/categories?post=7979"},{"taxonomy":"post_tag","embeddable":true,"href":"https:\/\/www.biblia.work\/articulos-salud\/wp-json\/wp\/v2\/tags?post=7979"}],"curies":[{"name":"wp","href":"https:\/\/api.w.org\/{rel}","templated":true}]}}