{"id":7993,"date":"2022-08-30T02:38:38","date_gmt":"2022-08-30T07:38:38","guid":{"rendered":"https:\/\/www.biblia.work\/articulos-salud\/los-mecanismos-neuronales-detras-del-autismo-alteracion-del-procesamiento-sensorial-de-las-senales-de-comunicacion\/"},"modified":"2022-08-30T02:38:38","modified_gmt":"2022-08-30T07:38:38","slug":"los-mecanismos-neuronales-detras-del-autismo-alteracion-del-procesamiento-sensorial-de-las-senales-de-comunicacion","status":"publish","type":"post","link":"https:\/\/www.biblia.work\/articulos-salud\/los-mecanismos-neuronales-detras-del-autismo-alteracion-del-procesamiento-sensorial-de-las-senales-de-comunicacion\/","title":{"rendered":"Los mecanismos neuronales detr\u00e1s del autismo: Alteraci\u00f3n del procesamiento sensorial de las se\u00f1ales de comunicaci\u00f3n"},"content":{"rendered":"<p>Los participantes del estudio con un diagn\u00f3stico de espectro autista ten\u00edan respuestas m\u00e1s bajas del col\u00edculo inferior (CI) en comparaci\u00f3n con el grupo de control no autista. Este fue el caso al reconocer a los hablantes y tambi\u00e9n al escuchar voces en general. Cr\u00e9dito: S. Schelinski y K. von Kriegstein <\/p>\n<p>El procesamiento de voz es un proceso conservado evolutivamente. Las respuestas espec\u00edficas de la voz ya est\u00e1n presentes en el \u00fatero y las respuestas cerebrales espec\u00edficas de la voz se desarrollan temprano en la vida humana, incluso antes del nacimiento, el feto reacciona a la voz de la madre de manera diferente que a la voz de un extra\u00f1o. En el autismo, la percepci\u00f3n de la voz alterada, como la falta de preferencia por la voz de la madre, ya se puede observar en la primera infancia. Tambi\u00e9n m\u00e1s tarde en la vida, las alteraciones en el procesamiento de la voz, como las dificultades para reconocer la identidad o la emoci\u00f3n de otra persona por medio de la voz o el reconocimiento del habla en entornos ruidosos, son prominentes en la percepci\u00f3n autista. <\/p>\n<p>Profesor. Katharina von Kriegstein y su equipo en TU Dresden ahora han presentado un nuevo estudio, en el que probaron la integridad funcional de los n\u00facleos de la v\u00eda sensorial auditiva para el procesamiento de la voz en tres experimentos independientes de resonancia magn\u00e9tica funcional (fMRI) en grupos de adultos con autismo y control. grupos Los miembros de los grupos de control se eligieron de acuerdo con la edad, el sexo, las manos y el coeficiente intelectual, para que coincidieran con su pareja en el grupo experimental. Los neurocient\u00edficos se centraron en dos aspectos del procesamiento de la voz que se ven afectados por el autismo: la percepci\u00f3n de la identidad de la voz y el reconocimiento del habla en el ruido. \u00abEncontramos respuestas cerebrales reducidas para el autismo en comparaci\u00f3n con los grupos de control t\u00edpicamente desarrollados en el col\u00edculo inferior (IC), la estructura central del mesenc\u00e9falo de la v\u00eda auditiva, pero no en otras estructuras de la v\u00eda auditiva. Las alteraciones ocurrieron particularmente en el procesamiento de la identidad de la voz. , pero tambi\u00e9n hay primeros indicios de alteraciones en el procesamiento del habla en medio del ruido\u00bb, describe la Dra. Stefanie Schelinski, primera autora de sus hallazgos.<\/p>\n<p>Durante mucho tiempo, se supuso que las dificultades para procesar las se\u00f1ales de comunicaci\u00f3n en el autismo ocurren a nivel de la corteza cerebral o estructuras en el cerebro asociadas con el procesamiento de emociones. Una raz\u00f3n para esta suposici\u00f3n es que la mayor\u00eda de los estudios realizados hasta ahora no se han centrado en las diminutas estructuras del mesenc\u00e9falo que est\u00e1n asociadas con el procesamiento ac\u00fastico sensorial. Ahora, el equipo de TU Dresden proporciona evidencia por primera vez de que en el autismo, las alteraciones en el procesamiento neuronal de las voces ya ocurren en esas etapas de procesamiento anteriores cuando se analiza la se\u00f1al sensorial. Considerar las alteraciones en el procesamiento sensorial temprano de la voz al explicar las dificultades de comunicaci\u00f3n en el autismo y otras condiciones cl\u00ednicas asociadas con las deficiencias de la comunicaci\u00f3n es un enfoque novedoso que tiene el potencial de informar a los modelos sobre la comunicaci\u00f3n t\u00edpica y alterada.<\/p>\n<p> \u00abUna mejor comprensi\u00f3n de los mecanismos neuronales detr\u00e1s del autismo proporciona una base para la transferencia cl\u00ednica, como en la b\u00fasqueda de marcadores de diagn\u00f3stico. Por ejemplo, la prueba de deficiencias en la identidad de la voz, el reconocimiento de emociones vocales o la percepci\u00f3n de las caracter\u00edsticas de la voz ac\u00fastica, como el tono vocal, podr\u00eda ser una herramienta adicional directa en los enfoques de diagn\u00f3stico del autismo. Tambi\u00e9n podr\u00eda ser una buena base para evaluar las opciones terap\u00e9uticas, ya que existe evidencia de plasticidad neuronal en el sistema sensorial auditivo debido al entrenamiento. Mayor conocimiento b\u00e1sico sobre el procesamiento alterado de la voz en el autismo tambi\u00e9n aumenta la descripci\u00f3n y clasificaci\u00f3n de los desaf\u00edos en la comunicaci\u00f3n social pe Las personas con autismo a menudo se enfrentan\u00bb, explican Katharina von Kriegstein, profesora de neurociencia cognitiva y cl\u00ednica en TU Dresden y Stefanie Schelinski, sobre el impacto de sus hallazgos.<\/p>\n<p>La investigaci\u00f3n se public\u00f3 en Human Brain Mapping. <\/p>\n<p>Explora m\u00e1s<\/p>\n<p> \u00bfPuedes o\u00edr lo que digo? Nuevos hallazgos sobre el reconocimiento del habla humana <strong>M\u00e1s informaci\u00f3n:<\/strong> Stefanie Schelinski et al, Procesamiento alterado de se\u00f1ales de comunicaci\u00f3n en la v\u00eda sensorial auditiva subcortical en el autismo, Human Brain Mapping (2022). DOI: 10.1002\/hbm.25766 Proporcionado por la Universidad Tecnol\u00f3gica de Dresden <strong>Cita<\/strong>: Los mecanismos neuronales detr\u00e1s del autismo: Procesamiento sensorial alterado de las se\u00f1ales de comunicaci\u00f3n (2022, 22 de febrero) recuperado el 29 de agosto de 2022 de https:\/\/medicalxpress .com\/news\/2022-02-neural-mechanisms-autism-sensory.html Este documento est\u00e1 sujeto a derechos de autor. Aparte de cualquier trato justo con fines de estudio o investigaci\u00f3n privados, ninguna parte puede reproducirse sin el permiso por escrito. El contenido se proporciona \u00fanicamente con fines informativos.<\/p>\n","protected":false},"excerpt":{"rendered":"<p>Los participantes del estudio con un diagn\u00f3stico de espectro autista ten\u00edan respuestas m\u00e1s bajas del col\u00edculo inferior (CI) en comparaci\u00f3n con el grupo de control no autista. Este fue el caso al reconocer a los hablantes y tambi\u00e9n al escuchar voces en general. Cr\u00e9dito: S. Schelinski y K. von Kriegstein El procesamiento de voz es &hellip; <a href=\"https:\/\/www.biblia.work\/articulos-salud\/los-mecanismos-neuronales-detras-del-autismo-alteracion-del-procesamiento-sensorial-de-las-senales-de-comunicacion\/\" class=\"more-link\">Continuar leyendo<span class=\"screen-reader-text\"> \u00abLos mecanismos neuronales detr\u00e1s del autismo: Alteraci\u00f3n del procesamiento sensorial de las se\u00f1ales de comunicaci\u00f3n\u00bb<\/span><\/a><\/p>\n","protected":false},"author":1,"featured_media":0,"comment_status":"","ping_status":"","sticky":false,"template":"","format":"standard","meta":{"footnotes":""},"categories":[1],"tags":[],"class_list":["post-7993","post","type-post","status-publish","format-standard","hentry","category-general"],"_links":{"self":[{"href":"https:\/\/www.biblia.work\/articulos-salud\/wp-json\/wp\/v2\/posts\/7993","targetHints":{"allow":["GET"]}}],"collection":[{"href":"https:\/\/www.biblia.work\/articulos-salud\/wp-json\/wp\/v2\/posts"}],"about":[{"href":"https:\/\/www.biblia.work\/articulos-salud\/wp-json\/wp\/v2\/types\/post"}],"author":[{"embeddable":true,"href":"https:\/\/www.biblia.work\/articulos-salud\/wp-json\/wp\/v2\/users\/1"}],"replies":[{"embeddable":true,"href":"https:\/\/www.biblia.work\/articulos-salud\/wp-json\/wp\/v2\/comments?post=7993"}],"version-history":[{"count":0,"href":"https:\/\/www.biblia.work\/articulos-salud\/wp-json\/wp\/v2\/posts\/7993\/revisions"}],"wp:attachment":[{"href":"https:\/\/www.biblia.work\/articulos-salud\/wp-json\/wp\/v2\/media?parent=7993"}],"wp:term":[{"taxonomy":"category","embeddable":true,"href":"https:\/\/www.biblia.work\/articulos-salud\/wp-json\/wp\/v2\/categories?post=7993"},{"taxonomy":"post_tag","embeddable":true,"href":"https:\/\/www.biblia.work\/articulos-salud\/wp-json\/wp\/v2\/tags?post=7993"}],"curies":[{"name":"wp","href":"https:\/\/api.w.org\/{rel}","templated":true}]}}