{"id":8029,"date":"2022-08-30T02:39:41","date_gmt":"2022-08-30T07:39:41","guid":{"rendered":"https:\/\/www.biblia.work\/articulos-salud\/para-covid-19-endemico-no-significa-el-fin\/"},"modified":"2022-08-30T02:39:41","modified_gmt":"2022-08-30T07:39:41","slug":"para-covid-19-endemico-no-significa-el-fin","status":"publish","type":"post","link":"https:\/\/www.biblia.work\/articulos-salud\/para-covid-19-endemico-no-significa-el-fin\/","title":{"rendered":"Para COVID-19, &#8216;end\u00e9mico&#8217; no significa &#8216;el fin&#8217;"},"content":{"rendered":"<p>los expertos en salud p\u00fablica dicen que es probable que COVID-19 se convierta en una enfermedad \u00abend\u00e9mica\u00bb. Esto es lo que eso significa. Cr\u00e9dito: Matthew Modoono\/Universidad del Noreste <\/p>\n<p>El t\u00e9rmino ha sido utilizado por expertos en salud p\u00fablica para describir c\u00f3mo ser\u00e1 probablemente el futuro de la COVID-19: la enfermedad se volver\u00e1 \u00abend\u00e9mica\u00bb. <\/p>\n<p>\u00abEndemia\u00bb es un t\u00e9rmino con el que la mayor\u00eda de la gente no est\u00e1 familiarizada y que ha causado cierta confusi\u00f3n. No significa que el virus vaya a terminar o desaparecer. M\u00e1s bien, tendremos que seguir viviendo con el SARS-CoV-2, el coronavirus que causa el COVID-19. Pero no ser\u00e1 el estado pand\u00e9mico inestable de los \u00faltimos dos a\u00f1os.<\/p>\n<p>Para los cient\u00edficos, \u00abend\u00e9mico\u00bb significa algo particular, dice Alessandro Vespignani, director del Network Science Institute y profesor distinguido de la familia Sternberg en Northeastern . Vespignani lidera un equipo de modeladores de enfermedades infecciosas que ha estado desarrollando un conjunto de proyecciones sobre los posibles futuros de la pandemia de COVID-19 desde que comenz\u00f3 la crisis. \u00ab&#8216;End\u00e9mica&#8217; tiene un significado t\u00e9cnico espec\u00edfico en epidemiolog\u00eda. Significa que b\u00e1sicamente est\u00e1s en un estado estacionario, con la prevalencia de la enfermedad\u00bb.<\/p>\n<p>Eso no significa que end\u00e9mica sea necesariamente una \u00abbuena \u00bb o cosa \u00abmala\u00bb, dice. \u00abDepende del nivel de prevalencia que establezca. Puede ser muy alto y luego es un problema importante. O puede ser muy bajo\u00bb. <\/p>\n<p>Una m\u00e9trica que usan los epidemi\u00f3logos, dice Vespignani, se llama \u00abn\u00famero de reproducci\u00f3n\u00bb. Indica si un brote est\u00e1 creciendo, reduci\u00e9ndose o estabiliz\u00e1ndose.<\/p>\n<p>\u00abMatem\u00e1ticamente hablando, cuando la proporci\u00f3n de personas que pueden enfermarse equilibra el n\u00famero de reproducci\u00f3n del virus para tener un n\u00famero bastante constante de casos, \u201c, dice, entonces los cient\u00edficos consideran una enfermedad \u201cend\u00e9mica\u201d. <\/p>\n<p>Sin embargo, la definici\u00f3n de \u00abend\u00e9mica\u00bb se ha ampliado para incluir enfermedades que tambi\u00e9n exhiben patrones estacionales, como la gripe, dice. \u00abLo que todos esperamos es que el COVID sea uno de los virus respiratorios estacionales que nos hace la vida imposible en invierno, pero al mismo nivel que la gripe u otros virus. Esto es lo que toleramos como sociedad\u00bb.<\/p>\n<p>Herramientas como vacunas y tratamientos tambi\u00e9n son parte del panorama para mantener la prevalencia de una enfermedad en un nivel estable, as\u00ed como la cantidad de personas que han estado expuestas al virus en los \u00faltimos dos a\u00f1os.<\/p>\n<p>\u00ab&#8216;Endemia&#8217; significa que esto est\u00e1 con nosotros a un nivel que podemos administrar o, mejor a\u00fan, controlar\u00bb, dice Vespignani. \u00ab&#8216;Endemia&#8217; no significa que no sea una carga para la atenci\u00f3n de la salud o la salud p\u00fablica. Significa que debemos enfrentarlo de una manera que no sea el modo de crisis por el que pasamos durante dos a\u00f1os\u00bb.<\/p>\n<p>El acceso a las vacunas sigue siendo un problema en muchos pa\u00edses del mundo y, como resultado, es probable que el COVID-19 siga causando estragos en muchos lugares. Sin embargo, la enfermedad a\u00fan puede considerarse \u00abend\u00e9mica\u00bb m\u00e1s temprano que tarde, por definici\u00f3n.<\/p>\n<p>Una \u00abpandemia\u00bb se define como un brote verdaderamente global, con una enfermedad que se propaga sin control en una regi\u00f3n o en el mundo. Seg\u00fan el diccionario Merriam-Webster, la definici\u00f3n m\u00e1s amplia de \u00abend\u00e9mico\u00bb, cuando se usa para describir algo m\u00e1s que enfermedades, es una caracter\u00edstica de estar restringido a una regi\u00f3n o localidad en particular. Los expertos en salud p\u00fablica tambi\u00e9n han dicho que es probable que diferentes lugares experimenten el final de la pandemia de manera diferente, y las respuestas de COVID-19 probablemente lo reflejen, con un enfoque en las precauciones locales e individuales en lugar de las reglas estatales y nacionales. <\/p>\n<p>Explore m\u00e1s<\/p>\n<p> La endemia de COVID no significar\u00eda el fin del peligro: OMS Proporcionado por Northeastern University <strong>Cita<\/strong>: Para COVID-19, &#8216;end\u00e9mica&#8217; no significa &#8216;el final&#8217; (2022, 21 de febrero) recuperado el 29 de agosto de 2022 de https:\/\/medicalxpress.com\/news\/2022-02-covid-endemic.html Este documento est\u00e1 sujeto a derechos de autor. Aparte de cualquier trato justo con fines de estudio o investigaci\u00f3n privados, ninguna parte puede reproducirse sin el permiso por escrito. El contenido se proporciona \u00fanicamente con fines informativos.<\/p>\n","protected":false},"excerpt":{"rendered":"<p>los expertos en salud p\u00fablica dicen que es probable que COVID-19 se convierta en una enfermedad \u00abend\u00e9mica\u00bb. Esto es lo que eso significa. Cr\u00e9dito: Matthew Modoono\/Universidad del Noreste El t\u00e9rmino ha sido utilizado por expertos en salud p\u00fablica para describir c\u00f3mo ser\u00e1 probablemente el futuro de la COVID-19: la enfermedad se volver\u00e1 \u00abend\u00e9mica\u00bb. \u00abEndemia\u00bb es &hellip; <a href=\"https:\/\/www.biblia.work\/articulos-salud\/para-covid-19-endemico-no-significa-el-fin\/\" class=\"more-link\">Continuar leyendo<span class=\"screen-reader-text\"> \u00abPara COVID-19, &#8216;end\u00e9mico&#8217; no significa &#8216;el fin&#8217;\u00bb<\/span><\/a><\/p>\n","protected":false},"author":1,"featured_media":0,"comment_status":"","ping_status":"","sticky":false,"template":"","format":"standard","meta":{"footnotes":""},"categories":[1],"tags":[],"class_list":["post-8029","post","type-post","status-publish","format-standard","hentry","category-general"],"_links":{"self":[{"href":"https:\/\/www.biblia.work\/articulos-salud\/wp-json\/wp\/v2\/posts\/8029","targetHints":{"allow":["GET"]}}],"collection":[{"href":"https:\/\/www.biblia.work\/articulos-salud\/wp-json\/wp\/v2\/posts"}],"about":[{"href":"https:\/\/www.biblia.work\/articulos-salud\/wp-json\/wp\/v2\/types\/post"}],"author":[{"embeddable":true,"href":"https:\/\/www.biblia.work\/articulos-salud\/wp-json\/wp\/v2\/users\/1"}],"replies":[{"embeddable":true,"href":"https:\/\/www.biblia.work\/articulos-salud\/wp-json\/wp\/v2\/comments?post=8029"}],"version-history":[{"count":0,"href":"https:\/\/www.biblia.work\/articulos-salud\/wp-json\/wp\/v2\/posts\/8029\/revisions"}],"wp:attachment":[{"href":"https:\/\/www.biblia.work\/articulos-salud\/wp-json\/wp\/v2\/media?parent=8029"}],"wp:term":[{"taxonomy":"category","embeddable":true,"href":"https:\/\/www.biblia.work\/articulos-salud\/wp-json\/wp\/v2\/categories?post=8029"},{"taxonomy":"post_tag","embeddable":true,"href":"https:\/\/www.biblia.work\/articulos-salud\/wp-json\/wp\/v2\/tags?post=8029"}],"curies":[{"name":"wp","href":"https:\/\/api.w.org\/{rel}","templated":true}]}}