{"id":82,"date":"2022-08-29T22:23:07","date_gmt":"2022-08-30T03:23:07","guid":{"rendered":"https:\/\/www.biblia.work\/articulos-salud\/la-covid-prolongada-puede-afectar-negativamente-la-funcion-fisica-y-cognitiva-el-empleo-y-la-calidad-de-vida-durante-al-menos-un-ano\/"},"modified":"2022-08-29T22:23:07","modified_gmt":"2022-08-30T03:23:07","slug":"la-covid-prolongada-puede-afectar-negativamente-la-funcion-fisica-y-cognitiva-el-empleo-y-la-calidad-de-vida-durante-al-menos-un-ano","status":"publish","type":"post","link":"https:\/\/www.biblia.work\/articulos-salud\/la-covid-prolongada-puede-afectar-negativamente-la-funcion-fisica-y-cognitiva-el-empleo-y-la-calidad-de-vida-durante-al-menos-un-ano\/","title":{"rendered":"La COVID prolongada puede afectar negativamente la funci\u00f3n f\u00edsica y cognitiva, el empleo y la calidad de vida durante al menos un a\u00f1o"},"content":{"rendered":"<p>Cr\u00e9dito: Pixabay\/CC0 Dominio p\u00fablico <\/p>\n<p>Los pacientes que experimentan el s\u00edndrome de COVID postagudo (PACS, tambi\u00e9n conocido \u00ab) pueden tener s\u00edntomas durante al menos 12 meses despu\u00e9s de la infecci\u00f3n inicial de COVID-19, lo que afecta significativa y negativamente su cognici\u00f3n, capacidad para trabajar, participaci\u00f3n en actividad f\u00edsica, interacci\u00f3n con otros y calidad de vida en general, seg\u00fan un nuevo estudio de Mount Sinai . <\/p>\n<p>El estudio, publicado en la edici\u00f3n del 25 de octubre de American Journal of Physical and Rehabilitation Medicine, es uno de los primeros en medir el deterioro real y el impacto de PACS en los pacientes, y detalla los factores que pueden exacerbar sus s\u00edntomas. Este trabajo ayudar\u00e1 a guiar a los legisladores y agencias de salud nacionales e internacionales para desarrollar estrategias y pol\u00edticas para apoyar a estos pacientes durante su larga recuperaci\u00f3n.<\/p>\n<p>\u00abCon millones de estadounidenses en riesgo de desarrollar PACS al final de la pandemia, Ha surgido una segunda emergencia de salud p\u00fablica a m\u00e1s largo plazo. Es imperativo comprender la carga de esta nueva afecci\u00f3n y desarrollar intervenciones espec\u00edficas para ayudar a los pacientes a participar en las actividades diarias, as\u00ed como pol\u00edticas que los ayuden con su discapacidad y situaci\u00f3n laboral. \u00bb dice el autor principal David Putrino, Ph.D., Director de Innovaci\u00f3n en Rehabilitaci\u00f3n del Sistema de Salud Mount Sinai. \u00abEste estudio es un recordatorio preocupante de cu\u00e1n severamente debilitantes son los s\u00edntomas de PACS, el costo que tienen para la salud y el bienestar, y el hecho de que, sin un tratamiento activo, estos s\u00edntomas parecen persistir indefinidamente\u00bb.<\/p>\n<p>Un equipo de los investigadores realiz\u00f3 un estudio observacional retrospectivo de 156 pacientes tratados en el Centro de Atenci\u00f3n Post-COVID de Mount Sinai entre marzo de 2020 y marzo de 2021. Los pacientes hab\u00edan tenido previamente COVID-19 y a\u00fan no hab\u00edan sido vacunados en el momento del estudio. Los pacientes completaron encuestas sobre los s\u00edntomas persistentes y los desencadenantes de la exacerbaci\u00f3n de los s\u00edntomas una mediana de 351 d\u00edas desde el primer d\u00eda de la infecci\u00f3n. Los pacientes recibieron las encuestas despu\u00e9s de programar su primera cita y se les sell\u00f3 la hora una vez que las enviaron. Se les hicieron preguntas detalladas sobre la fatiga, la dificultad para respirar, la capacidad para realizar actividad f\u00edsica de intensidad moderada y vigorosa, la funci\u00f3n cognitiva, la calidad de vida relacionada con la salud, la ansiedad, la depresi\u00f3n, la discapacidad y su situaci\u00f3n laboral antes y despu\u00e9s de la COVID-19<\/p>\n<p>Los s\u00edntomas m\u00e1s comunes informados fueron fatiga (82 por ciento de los pacientes), seguidos de confusi\u00f3n mental (67 por ciento), dolor de cabeza (60 por ciento), trastornos del sue\u00f1o (59 por ciento) y mareos (54 por ciento). Los investigadores realizaron una evaluaci\u00f3n m\u00e1s detallada de la gravedad del deterioro cognitivo autoinformado y descubrieron que m\u00e1s del 60 por ciento de los pacientes con PACS ten\u00edan alg\u00fan nivel de deterioro cognitivo (ya sea leve, moderado o grave), con s\u00edntomas que inclu\u00edan memoria a corto plazo disminuida, dificultad para recordar nombres y problemas con la toma de decisiones y la planificaci\u00f3n diaria. <\/p>\n<p>En total, 135 pacientes respondieron preguntas sobre su empleo antes y despu\u00e9s de la COVID-19, y el n\u00famero de pacientes con trabajo a tiempo completo (102) se redujo a 55.<\/p>\n<p>Yendo m\u00e1s all\u00e1, el estudio not\u00f3 factores que los pacientes dijeron que empeoraron sus s\u00edntomas de PACS. El mayor desencadenante fue el esfuerzo f\u00edsico (informado por el 86 % de los pacientes), seguido del estr\u00e9s (69 %), la deshidrataci\u00f3n (49 %) y los cambios de clima (37 %).<\/p>\n<p>\u00abMuchos de los s\u00edntomas informados en este estudio se han medido, pero para muchos esta es la primera vez que se han documentado objetivamente utilizando resultados informados por pacientes bien validados y vinculados a cambios en las actividades de la vida diaria y la calidad de vida\u00bb, explica el Dr. Putrino. \u00abLa larga duraci\u00f3n de estos s\u00edntomas nos recuerda que este es un problema que no va a desaparecer, y que debemos aplicar pol\u00edticas agresivas que apoyen y protejan mejor a estos pacientes a largo plazo. La investigaci\u00f3n futura debe centrarse en un seguimiento m\u00e1s detallado de los s\u00edntomas de PACS, comprender mejor c\u00f3mo y por qu\u00e9 ocurren ser\u00e1 crucial para desarrollar tratamientos espec\u00edficos\u00bb. <\/p>\n<p>Explore m\u00e1s<\/p>\n<p> Los pacientes con COVID-19 en recuperaci\u00f3n a menudo se enfrentan a una \u00abniebla mental\u00bb a largo plazo <strong>M\u00e1s informaci\u00f3n:<\/strong> El s\u00edndrome de COVID-19 posagudo afecta negativamente la funci\u00f3n f\u00edsica, la funci\u00f3n cognitiva y la calidad relacionada con la salud de vida y participaci\u00f3n, American Journal of Physical and Rehabilitation Medicine, 2021. Proporcionado por The Mount Sinai Hospital <strong>Cita<\/strong>: El COVID prolongado puede afectar negativamente la funci\u00f3n f\u00edsica y cognitiva, el empleo y la calidad de vida de al a\u00f1o (2021, 25 de octubre) recuperado el 29 de agosto de 2022 de https:\/\/medicalxpress.com\/news\/2021-10-covid-negatively-impact-physical-cognitive.html Este documento est\u00e1 sujeto a derechos de autor. Aparte de cualquier trato justo con fines de estudio o investigaci\u00f3n privados, ninguna parte puede reproducirse sin el permiso por escrito. El contenido se proporciona \u00fanicamente con fines informativos.<\/p>\n","protected":false},"excerpt":{"rendered":"<p>Cr\u00e9dito: Pixabay\/CC0 Dominio p\u00fablico Los pacientes que experimentan el s\u00edndrome de COVID postagudo (PACS, tambi\u00e9n conocido \u00ab) pueden tener s\u00edntomas durante al menos 12 meses despu\u00e9s de la infecci\u00f3n inicial de COVID-19, lo que afecta significativa y negativamente su cognici\u00f3n, capacidad para trabajar, participaci\u00f3n en actividad f\u00edsica, interacci\u00f3n con otros y calidad de vida en &hellip; <a href=\"https:\/\/www.biblia.work\/articulos-salud\/la-covid-prolongada-puede-afectar-negativamente-la-funcion-fisica-y-cognitiva-el-empleo-y-la-calidad-de-vida-durante-al-menos-un-ano\/\" class=\"more-link\">Continuar leyendo<span class=\"screen-reader-text\"> \u00abLa COVID prolongada puede afectar negativamente la funci\u00f3n f\u00edsica y cognitiva, el empleo y la calidad de vida durante al menos un a\u00f1o\u00bb<\/span><\/a><\/p>\n","protected":false},"author":1,"featured_media":0,"comment_status":"","ping_status":"","sticky":false,"template":"","format":"standard","meta":{"footnotes":""},"categories":[1],"tags":[],"class_list":["post-82","post","type-post","status-publish","format-standard","hentry","category-general"],"_links":{"self":[{"href":"https:\/\/www.biblia.work\/articulos-salud\/wp-json\/wp\/v2\/posts\/82","targetHints":{"allow":["GET"]}}],"collection":[{"href":"https:\/\/www.biblia.work\/articulos-salud\/wp-json\/wp\/v2\/posts"}],"about":[{"href":"https:\/\/www.biblia.work\/articulos-salud\/wp-json\/wp\/v2\/types\/post"}],"author":[{"embeddable":true,"href":"https:\/\/www.biblia.work\/articulos-salud\/wp-json\/wp\/v2\/users\/1"}],"replies":[{"embeddable":true,"href":"https:\/\/www.biblia.work\/articulos-salud\/wp-json\/wp\/v2\/comments?post=82"}],"version-history":[{"count":0,"href":"https:\/\/www.biblia.work\/articulos-salud\/wp-json\/wp\/v2\/posts\/82\/revisions"}],"wp:attachment":[{"href":"https:\/\/www.biblia.work\/articulos-salud\/wp-json\/wp\/v2\/media?parent=82"}],"wp:term":[{"taxonomy":"category","embeddable":true,"href":"https:\/\/www.biblia.work\/articulos-salud\/wp-json\/wp\/v2\/categories?post=82"},{"taxonomy":"post_tag","embeddable":true,"href":"https:\/\/www.biblia.work\/articulos-salud\/wp-json\/wp\/v2\/tags?post=82"}],"curies":[{"name":"wp","href":"https:\/\/api.w.org\/{rel}","templated":true}]}}