{"id":8450,"date":"2022-08-30T02:52:30","date_gmt":"2022-08-30T07:52:30","guid":{"rendered":"https:\/\/www.biblia.work\/articulos-salud\/alteracion-del-sueno-muy-frecuente-en-pacientes-con-psoriasis\/"},"modified":"2022-08-30T02:52:30","modified_gmt":"2022-08-30T07:52:30","slug":"alteracion-del-sueno-muy-frecuente-en-pacientes-con-psoriasis","status":"publish","type":"post","link":"https:\/\/www.biblia.work\/articulos-salud\/alteracion-del-sueno-muy-frecuente-en-pacientes-con-psoriasis\/","title":{"rendered":"Alteraci\u00f3n del sue\u00f1o muy frecuente en pacientes con psoriasis"},"content":{"rendered":"<p>(HealthDay) La alteraci\u00f3n del sue\u00f1o es muy frecuente entre los pacientes con psoriasis y se asocia con prurito, ansiedad y depresi\u00f3n, seg\u00fan un estudio publicado en l\u00ednea el 12 de enero en la revista Journal of the Academia Europea de Dermatolog\u00eda y Venereolog\u00eda. <\/p>\n<p>Elvan Sahin, de la Universittsmedizin Berlin, y sus colegas examinaron las caracter\u00edsticas del sue\u00f1o y los factores asociados con los trastornos del sue\u00f1o en un estudio transversal en el que participaron 334 pacientes con psoriasis y 126 controles (tasas de respuesta, 86 y 82 %, respectivamente).<\/p>\n<p>Los investigadores encontraron que el 59 y el 34 % de los pacientes y los controles ten\u00edan trastornos del sue\u00f1o, respectivamente. En comparaci\u00f3n con los controles, los pacientes durmieron una hora menos (mediana, seis frente a siete horas). En comparaci\u00f3n con los pacientes con prurito fuerte y muy fuerte, los que no ten\u00edan prurito ten\u00edan menos trastornos del sue\u00f1o. <\/p>\n<p>Los predictores m\u00e1s fuertes de alteraci\u00f3n del sue\u00f1o fueron los niveles de ansiedad y depresi\u00f3n, seguidos de la exacerbaci\u00f3n del prurito por la noche, la edad, el sexo femenino, la exacerbaci\u00f3n del prurito por la ma\u00f1ana, la intensidad promedio del prurito, la depresi\u00f3n diagnosticada y la enfermedad por reflujo gastroesof\u00e1gico; juntos, estos representaron del 32 al 37% de la variaci\u00f3n global de la calidad del sue\u00f1o. Los mediadores significativos que explican la asociaci\u00f3n entre la intensidad del prurito y la alteraci\u00f3n del sue\u00f1o fueron la ansiedad y la depresi\u00f3n, que representan el 42 % y el 37 %, respectivamente.<\/p>\n<p>\u00abRevelamos una prevalencia alarmantemente alta de alteraci\u00f3n del sue\u00f1o en una poblaci\u00f3n de pacientes con Psoriasis controlada. Los pacientes con psoriasis deben ser evaluados en busca de trastornos del sue\u00f1o, prurito, ansiedad y depresi\u00f3n\u00bb, escriben los autores. \u00abProporcionar psicoterapia complementaria dirigida a reducir la ansiedad, la depresi\u00f3n y la angustia psicol\u00f3gica puede ayudar a mejorar el sue\u00f1o en pacientes con psoriasis\u00bb. <\/p>\n<p>Explore m\u00e1s<\/p>\n<p> La psoriasis afecta negativamente la calidad del sue\u00f1o del paciente <strong>M\u00e1s informaci\u00f3n:<\/strong> E. Sahin et al, Prevalencia y factores asociados con la alteraci\u00f3n del sue\u00f1o en pacientes adultos con psoriasis, Journal of the European Academy of Dermatolog\u00eda y Venereolog\u00eda (2022). DOI: 10.1111\/jdv.17917 <\/p>\n<p> Derechos de autor 2021 HealthDay. Reservados todos los derechos. <\/p>\n<p> <strong>Cita<\/strong>: Trastorno del sue\u00f1o altamente prevalente en pacientes con psoriasis (2022, 15 de febrero) recuperado el 29 de agosto de 2022 de https:\/\/medicalxpress.com\/news\/2022-02-disturbance-highly-prevalent -psoriasis-patients.html Este documento est\u00e1 sujeto a derechos de autor. Aparte de cualquier trato justo con fines de estudio o investigaci\u00f3n privados, ninguna parte puede reproducirse sin el permiso por escrito. El contenido se proporciona \u00fanicamente con fines informativos.<\/p>\n","protected":false},"excerpt":{"rendered":"<p>(HealthDay) La alteraci\u00f3n del sue\u00f1o es muy frecuente entre los pacientes con psoriasis y se asocia con prurito, ansiedad y depresi\u00f3n, seg\u00fan un estudio publicado en l\u00ednea el 12 de enero en la revista Journal of the Academia Europea de Dermatolog\u00eda y Venereolog\u00eda. Elvan Sahin, de la Universittsmedizin Berlin, y sus colegas examinaron las caracter\u00edsticas &hellip; <a href=\"https:\/\/www.biblia.work\/articulos-salud\/alteracion-del-sueno-muy-frecuente-en-pacientes-con-psoriasis\/\" class=\"more-link\">Continuar leyendo<span class=\"screen-reader-text\"> \u00abAlteraci\u00f3n del sue\u00f1o muy frecuente en pacientes con psoriasis\u00bb<\/span><\/a><\/p>\n","protected":false},"author":1,"featured_media":0,"comment_status":"","ping_status":"","sticky":false,"template":"","format":"standard","meta":{"footnotes":""},"categories":[1],"tags":[],"class_list":["post-8450","post","type-post","status-publish","format-standard","hentry","category-general"],"_links":{"self":[{"href":"https:\/\/www.biblia.work\/articulos-salud\/wp-json\/wp\/v2\/posts\/8450","targetHints":{"allow":["GET"]}}],"collection":[{"href":"https:\/\/www.biblia.work\/articulos-salud\/wp-json\/wp\/v2\/posts"}],"about":[{"href":"https:\/\/www.biblia.work\/articulos-salud\/wp-json\/wp\/v2\/types\/post"}],"author":[{"embeddable":true,"href":"https:\/\/www.biblia.work\/articulos-salud\/wp-json\/wp\/v2\/users\/1"}],"replies":[{"embeddable":true,"href":"https:\/\/www.biblia.work\/articulos-salud\/wp-json\/wp\/v2\/comments?post=8450"}],"version-history":[{"count":0,"href":"https:\/\/www.biblia.work\/articulos-salud\/wp-json\/wp\/v2\/posts\/8450\/revisions"}],"wp:attachment":[{"href":"https:\/\/www.biblia.work\/articulos-salud\/wp-json\/wp\/v2\/media?parent=8450"}],"wp:term":[{"taxonomy":"category","embeddable":true,"href":"https:\/\/www.biblia.work\/articulos-salud\/wp-json\/wp\/v2\/categories?post=8450"},{"taxonomy":"post_tag","embeddable":true,"href":"https:\/\/www.biblia.work\/articulos-salud\/wp-json\/wp\/v2\/tags?post=8450"}],"curies":[{"name":"wp","href":"https:\/\/api.w.org\/{rel}","templated":true}]}}