{"id":8451,"date":"2022-08-30T02:52:32","date_gmt":"2022-08-30T07:52:32","guid":{"rendered":"https:\/\/www.biblia.work\/articulos-salud\/la-exposicion-esofagica-al-acido-es-mas-corta-con-la-posicion-lateral-izquierda-para-dormir\/"},"modified":"2022-08-30T02:52:32","modified_gmt":"2022-08-30T07:52:32","slug":"la-exposicion-esofagica-al-acido-es-mas-corta-con-la-posicion-lateral-izquierda-para-dormir","status":"publish","type":"post","link":"https:\/\/www.biblia.work\/articulos-salud\/la-exposicion-esofagica-al-acido-es-mas-corta-con-la-posicion-lateral-izquierda-para-dormir\/","title":{"rendered":"La exposici\u00f3n esof\u00e1gica al \u00e1cido es m\u00e1s corta con la posici\u00f3n lateral izquierda para dormir"},"content":{"rendered":"<p>(HealthDay) Durante el sue\u00f1o, la posici\u00f3n en dec\u00fabito lateral izquierdo se asocia con un tiempo de exposici\u00f3n al \u00e1cido esof\u00e1gico m\u00e1s corto y una eliminaci\u00f3n del \u00e1cido esof\u00e1gico m\u00e1s r\u00e1pida, seg\u00fan un estudio publicado en la edici\u00f3n de febrero de El Diario Americano de Gastroenterolog\u00eda. <\/p>\n<p>Jeroen M. Schuitenmaker, MD, de University Medical Centers Amsterdam, y sus colegas midieron la posici\u00f3n del sue\u00f1o concurrente utilizando un dispositivo de medici\u00f3n de la posici\u00f3n del sue\u00f1o en 57 pacientes remitidos para monitoreo ambulatorio del reflujo de pH-impedancia y examinaron el impacto de la posici\u00f3n del sue\u00f1o en la gastroesof\u00e1gica nocturna. reflujo.<\/p>\n<p>Los investigadores encontraron que, en comparaci\u00f3n con la posici\u00f3n lateral derecha y la posici\u00f3n supina, el tiempo de exposici\u00f3n al \u00e1cido fue significativamente m\u00e1s corto en la posici\u00f3n lateral izquierda (mediana, 0.0 % versus 1.2 y 0.6 %, respectivamente). Se observ\u00f3 un tiempo de depuraci\u00f3n del \u00e1cido esof\u00e1gico significativamente m\u00e1s corto en la posici\u00f3n de dec\u00fabito lateral izquierdo frente a las posiciones supina y lateral derecha (mediana, 35 segundos frente a 76 y 90 segundos, respectivamente).<\/p>\n<p>\u00abEstos hallazgos proporcionan una justificaci\u00f3n para las intervenciones con el objetivo de promover la posici\u00f3n de sue\u00f1o en dec\u00fabito lateral izquierdo para aliviar la exposici\u00f3n nocturna al \u00e1cido esof\u00e1gico y los s\u00edntomas de reflujo\u00bb, escriben los autores.<\/p>\n<p>Un autor revel\u00f3 v\u00ednculos financieros con las industrias biofarmac\u00e9utica y de dispositivos m\u00e9dicos, incluida Side Sleep Technologies, que proporcion\u00f3 los dispositivos de medici\u00f3n de la posici\u00f3n del sue\u00f1o. <\/p>\n<p>Explore m\u00e1s<\/p>\n<p> El sue\u00f1o en dec\u00fabito supino, no del lado izquierdo no est\u00e1 relacionado con los resultados del embarazo <strong>M\u00e1s informaci\u00f3n:<\/strong> Jeroen M. Schuitenmaker et al, Associations Between Sleep Position and Nocturnal Gastroesophageal Reflux: A Study Uso de la monitorizaci\u00f3n simult\u00e1nea de la posici\u00f3n del sue\u00f1o y el pH y la impedancia esof\u00e1gicos, American Journal of Gastroenterology (2021). DOI: 10.14309\/ajg.0000000000001588 <strong>Informaci\u00f3n de la revista:<\/strong> American Journal of Gastroenterology <\/p>\n<p> Copyright 2022 HealthDay. Reservados todos los derechos. <\/p>\n<p> <strong>Cita<\/strong>: Exposici\u00f3n al \u00e1cido esof\u00e1gico m\u00e1s corta con la posici\u00f3n lateral izquierda para dormir (15 de febrero de 2022) consultado el 29 de agosto de 2022 en https:\/\/medicalxpress.com\/news\/2022-02-esophageal-acid -exposure-shorter-left.html Este documento est\u00e1 sujeto a derechos de autor. Aparte de cualquier trato justo con fines de estudio o investigaci\u00f3n privados, ninguna parte puede reproducirse sin el permiso por escrito. El contenido se proporciona \u00fanicamente con fines informativos.<\/p>\n","protected":false},"excerpt":{"rendered":"<p>(HealthDay) Durante el sue\u00f1o, la posici\u00f3n en dec\u00fabito lateral izquierdo se asocia con un tiempo de exposici\u00f3n al \u00e1cido esof\u00e1gico m\u00e1s corto y una eliminaci\u00f3n del \u00e1cido esof\u00e1gico m\u00e1s r\u00e1pida, seg\u00fan un estudio publicado en la edici\u00f3n de febrero de El Diario Americano de Gastroenterolog\u00eda. Jeroen M. Schuitenmaker, MD, de University Medical Centers Amsterdam, y &hellip; <a href=\"https:\/\/www.biblia.work\/articulos-salud\/la-exposicion-esofagica-al-acido-es-mas-corta-con-la-posicion-lateral-izquierda-para-dormir\/\" class=\"more-link\">Continuar leyendo<span class=\"screen-reader-text\"> \u00abLa exposici\u00f3n esof\u00e1gica al \u00e1cido es m\u00e1s corta con la posici\u00f3n lateral izquierda para dormir\u00bb<\/span><\/a><\/p>\n","protected":false},"author":1,"featured_media":0,"comment_status":"","ping_status":"","sticky":false,"template":"","format":"standard","meta":{"footnotes":""},"categories":[1],"tags":[],"class_list":["post-8451","post","type-post","status-publish","format-standard","hentry","category-general"],"_links":{"self":[{"href":"https:\/\/www.biblia.work\/articulos-salud\/wp-json\/wp\/v2\/posts\/8451","targetHints":{"allow":["GET"]}}],"collection":[{"href":"https:\/\/www.biblia.work\/articulos-salud\/wp-json\/wp\/v2\/posts"}],"about":[{"href":"https:\/\/www.biblia.work\/articulos-salud\/wp-json\/wp\/v2\/types\/post"}],"author":[{"embeddable":true,"href":"https:\/\/www.biblia.work\/articulos-salud\/wp-json\/wp\/v2\/users\/1"}],"replies":[{"embeddable":true,"href":"https:\/\/www.biblia.work\/articulos-salud\/wp-json\/wp\/v2\/comments?post=8451"}],"version-history":[{"count":0,"href":"https:\/\/www.biblia.work\/articulos-salud\/wp-json\/wp\/v2\/posts\/8451\/revisions"}],"wp:attachment":[{"href":"https:\/\/www.biblia.work\/articulos-salud\/wp-json\/wp\/v2\/media?parent=8451"}],"wp:term":[{"taxonomy":"category","embeddable":true,"href":"https:\/\/www.biblia.work\/articulos-salud\/wp-json\/wp\/v2\/categories?post=8451"},{"taxonomy":"post_tag","embeddable":true,"href":"https:\/\/www.biblia.work\/articulos-salud\/wp-json\/wp\/v2\/tags?post=8451"}],"curies":[{"name":"wp","href":"https:\/\/api.w.org\/{rel}","templated":true}]}}