{"id":8464,"date":"2022-08-30T02:52:58","date_gmt":"2022-08-30T07:52:58","guid":{"rendered":"https:\/\/www.biblia.work\/articulos-salud\/alemania-pondra-fin-a-la-mayoria-de-las-restricciones-de-covid-en-marzo-borrador-del-plan-del-gobierno\/"},"modified":"2022-08-30T02:52:58","modified_gmt":"2022-08-30T07:52:58","slug":"alemania-pondra-fin-a-la-mayoria-de-las-restricciones-de-covid-en-marzo-borrador-del-plan-del-gobierno","status":"publish","type":"post","link":"https:\/\/www.biblia.work\/articulos-salud\/alemania-pondra-fin-a-la-mayoria-de-las-restricciones-de-covid-en-marzo-borrador-del-plan-del-gobierno\/","title":{"rendered":"Alemania pondr\u00e1 fin a la mayor\u00eda de las restricciones de Covid en marzo: borrador del plan del gobierno"},"content":{"rendered":"<p>Cr\u00e9dito: CC0 Dominio p\u00fablico <\/p>\n<p>Alemania pondr\u00e1 fin a la mayor\u00eda de las restricciones gubernamentales para combatir la pandemia de coronavirus en marzo, seg\u00fan un borrador del plan oficial visto por AFP el lunes, como Las tasas de nuevas infecciones disminuyen. <\/p>\n<p>Dos a\u00f1os despu\u00e9s del inicio del brote en Alemania, las restricciones para prevenir el contagio comenzar\u00e1n a desaparecer. <\/p>\n<p>Como primer paso, las restricciones de contacto se suavizar\u00e1n permitiendo que m\u00e1s personas se re\u00fanan en privado, mientras que el acceso a las tiendas estar\u00e1 abierto para todos sin verificar si las personas est\u00e1n vacunadas o analizadas.<\/p>\n<p>Desde El 4 de marzo, el acceso a los restaurantes tambi\u00e9n estar\u00e1 abierto para las personas no vacunadas si dan negativo en la prueba.<\/p>\n<p>En un paso final, \u00ablas amplias restricciones de la vida social, cultural y econ\u00f3mica deben levantarse gradualmente para el comienzo de primavera el 20 de marzo de 2022\u00bb, dice el borrador del documento que ser\u00e1 aprobado por los l\u00edderes federales y estatales el mi\u00e9rcoles.<\/p>\n<p>Despu\u00e9s de esa fecha, la principal econom\u00eda de Europa se basar\u00e1 en \u00abmedidas de protecci\u00f3n b\u00e1sicas\u00bb que incluyen \u00aben particular, la uso de m\u00e1scaras m\u00e9dicas\u00bb en p\u00fablico.<\/p>\n<p>Las reglas que requieren que los empleadores permitan que el personal trabaje desde casa si es posible tambi\u00e9n se levantar\u00e1n en ese momento. <\/p>\n<p>Durante varias semanas, Alemania ha restringido el acceso a bares y restaurantes a las personas que han recibido una dosis de refuerzo de la vacuna contra el coronavirus o que se someten a la prueba adem\u00e1s de estar completamente vacunados o recuperados.<\/p>\n<p>Tambi\u00e9n existen restricciones de contacto para mantener las reuniones privadas a 10 personas, o dos hogares si hay una persona no vacunada presente.<\/p>\n<p>El canciller Olaf Scholz se reunir\u00e1 con los l\u00edderes de los 16 estados de Alemania el mi\u00e9rcoles para acordar el pr\u00f3ximo medidas para hacer frente a la pandemia.<\/p>\n<p>El lunes, Alemania inform\u00f3 76\u00a0465 nuevas infecciones por COVID-19 en las \u00faltimas 24 horas y 42 muertes en la segunda semana consecutiva para mostrar tasas decrecientes.<\/p>\n<p>Los estados de Alemania, que tienen una autonom\u00eda significativa en la implementaci\u00f3n de restricciones desde el uso de m\u00e1scaras en el transporte p\u00fablico hasta la educaci\u00f3n en el hogar, ya han comenzado a suavizar gradualmente las restricciones. <\/p>\n<p>Explorar m\u00e1s<\/p>\n<p> Alemania busca aliviar las restricciones de COVID, dice que las infecciones alcanzan su punto m\u00e1ximo <\/p>\n<p> 2022 AFP <\/p>\n<p> <strong>Cita<\/strong>: Alemania terminar\u00e1 con la mayor\u00eda de las restricciones de Covid en marzo: borrador del plan del gobierno (2022 , 14 de febrero) recuperado el 29 de agosto de 2022 de https:\/\/medicalxpress.com\/news\/2022-02-germany-covid-curbs-govt.html Este documento est\u00e1 sujeto a derechos de autor. Aparte de cualquier trato justo con fines de estudio o investigaci\u00f3n privados, ninguna parte puede reproducirse sin el permiso por escrito. El contenido se proporciona \u00fanicamente con fines informativos.<\/p>\n","protected":false},"excerpt":{"rendered":"<p>Cr\u00e9dito: CC0 Dominio p\u00fablico Alemania pondr\u00e1 fin a la mayor\u00eda de las restricciones gubernamentales para combatir la pandemia de coronavirus en marzo, seg\u00fan un borrador del plan oficial visto por AFP el lunes, como Las tasas de nuevas infecciones disminuyen. Dos a\u00f1os despu\u00e9s del inicio del brote en Alemania, las restricciones para prevenir el contagio &hellip; <a href=\"https:\/\/www.biblia.work\/articulos-salud\/alemania-pondra-fin-a-la-mayoria-de-las-restricciones-de-covid-en-marzo-borrador-del-plan-del-gobierno\/\" class=\"more-link\">Continuar leyendo<span class=\"screen-reader-text\"> \u00abAlemania pondr\u00e1 fin a la mayor\u00eda de las restricciones de Covid en marzo: borrador del plan del gobierno\u00bb<\/span><\/a><\/p>\n","protected":false},"author":1,"featured_media":0,"comment_status":"","ping_status":"","sticky":false,"template":"","format":"standard","meta":{"footnotes":""},"categories":[1],"tags":[],"class_list":["post-8464","post","type-post","status-publish","format-standard","hentry","category-general"],"_links":{"self":[{"href":"https:\/\/www.biblia.work\/articulos-salud\/wp-json\/wp\/v2\/posts\/8464","targetHints":{"allow":["GET"]}}],"collection":[{"href":"https:\/\/www.biblia.work\/articulos-salud\/wp-json\/wp\/v2\/posts"}],"about":[{"href":"https:\/\/www.biblia.work\/articulos-salud\/wp-json\/wp\/v2\/types\/post"}],"author":[{"embeddable":true,"href":"https:\/\/www.biblia.work\/articulos-salud\/wp-json\/wp\/v2\/users\/1"}],"replies":[{"embeddable":true,"href":"https:\/\/www.biblia.work\/articulos-salud\/wp-json\/wp\/v2\/comments?post=8464"}],"version-history":[{"count":0,"href":"https:\/\/www.biblia.work\/articulos-salud\/wp-json\/wp\/v2\/posts\/8464\/revisions"}],"wp:attachment":[{"href":"https:\/\/www.biblia.work\/articulos-salud\/wp-json\/wp\/v2\/media?parent=8464"}],"wp:term":[{"taxonomy":"category","embeddable":true,"href":"https:\/\/www.biblia.work\/articulos-salud\/wp-json\/wp\/v2\/categories?post=8464"},{"taxonomy":"post_tag","embeddable":true,"href":"https:\/\/www.biblia.work\/articulos-salud\/wp-json\/wp\/v2\/tags?post=8464"}],"curies":[{"name":"wp","href":"https:\/\/api.w.org\/{rel}","templated":true}]}}