{"id":8469,"date":"2022-08-30T02:53:08","date_gmt":"2022-08-30T07:53:08","guid":{"rendered":"https:\/\/www.biblia.work\/articulos-salud\/estudio-vincula-la-contaminacion-del-aire-y-la-funcion-ovarica-adversa-en-ratones-hembra\/"},"modified":"2022-08-30T02:53:08","modified_gmt":"2022-08-30T07:53:08","slug":"estudio-vincula-la-contaminacion-del-aire-y-la-funcion-ovarica-adversa-en-ratones-hembra","status":"publish","type":"post","link":"https:\/\/www.biblia.work\/articulos-salud\/estudio-vincula-la-contaminacion-del-aire-y-la-funcion-ovarica-adversa-en-ratones-hembra\/","title":{"rendered":"Estudio vincula la contaminaci\u00f3n del aire y la funci\u00f3n ov\u00e1rica adversa en ratones hembra"},"content":{"rendered":"<p>Fig. 1. Efectos de la exposici\u00f3n a PM2.5 en el n\u00famero de fol\u00edculos ov\u00e1ricos: ratones hembra de 3 meses de edad fueron expuestos a PM2.5 ambiental concentrado o aire filtrado 4 horas al d\u00eda, 5 d\u00edas a la semana durante 12 semanas y fueron sacrificados 24 horas despu\u00e9s del \u00faltimo d\u00eda de exposici\u00f3n para la enumeraci\u00f3n de fol\u00edculos ov\u00e1ricos como se describe en M\u00e9todos. Los gr\u00e1ficos muestran el n\u00famero medio SEM de fol\u00edculos por ovario. A Los n\u00fameros de fol\u00edculos primordiales y primarios sanos se redujeron significativamente en los ratones expuestos a PM2.5 en comparaci\u00f3n con los controles de aire. B El n\u00famero de fol\u00edculos secundarios sanos, pero no atr\u00e9sicos, disminuy\u00f3 significativamente en los ratones expuestos a PM2.5 en comparaci\u00f3n con los controles de aire. C Ni el n\u00famero de fol\u00edculos antrales sanos ni atr\u00e9sicos cambi\u00f3 significativamente en los ratones expuestos a PM2.5 en comparaci\u00f3n con los controles de aire. *PAGS<\/p>\n","protected":false},"excerpt":{"rendered":"<p>Fig. 1. Efectos de la exposici\u00f3n a PM2.5 en el n\u00famero de fol\u00edculos ov\u00e1ricos: ratones hembra de 3 meses de edad fueron expuestos a PM2.5 ambiental concentrado o aire filtrado 4 horas al d\u00eda, 5 d\u00edas a la semana durante 12 semanas y fueron sacrificados 24 horas despu\u00e9s del \u00faltimo d\u00eda de exposici\u00f3n para la &hellip; <a href=\"https:\/\/www.biblia.work\/articulos-salud\/estudio-vincula-la-contaminacion-del-aire-y-la-funcion-ovarica-adversa-en-ratones-hembra\/\" class=\"more-link\">Continuar leyendo<span class=\"screen-reader-text\"> \u00abEstudio vincula la contaminaci\u00f3n del aire y la funci\u00f3n ov\u00e1rica adversa en ratones hembra\u00bb<\/span><\/a><\/p>\n","protected":false},"author":1,"featured_media":0,"comment_status":"","ping_status":"","sticky":false,"template":"","format":"standard","meta":{"footnotes":""},"categories":[1],"tags":[],"class_list":["post-8469","post","type-post","status-publish","format-standard","hentry","category-general"],"_links":{"self":[{"href":"https:\/\/www.biblia.work\/articulos-salud\/wp-json\/wp\/v2\/posts\/8469","targetHints":{"allow":["GET"]}}],"collection":[{"href":"https:\/\/www.biblia.work\/articulos-salud\/wp-json\/wp\/v2\/posts"}],"about":[{"href":"https:\/\/www.biblia.work\/articulos-salud\/wp-json\/wp\/v2\/types\/post"}],"author":[{"embeddable":true,"href":"https:\/\/www.biblia.work\/articulos-salud\/wp-json\/wp\/v2\/users\/1"}],"replies":[{"embeddable":true,"href":"https:\/\/www.biblia.work\/articulos-salud\/wp-json\/wp\/v2\/comments?post=8469"}],"version-history":[{"count":0,"href":"https:\/\/www.biblia.work\/articulos-salud\/wp-json\/wp\/v2\/posts\/8469\/revisions"}],"wp:attachment":[{"href":"https:\/\/www.biblia.work\/articulos-salud\/wp-json\/wp\/v2\/media?parent=8469"}],"wp:term":[{"taxonomy":"category","embeddable":true,"href":"https:\/\/www.biblia.work\/articulos-salud\/wp-json\/wp\/v2\/categories?post=8469"},{"taxonomy":"post_tag","embeddable":true,"href":"https:\/\/www.biblia.work\/articulos-salud\/wp-json\/wp\/v2\/tags?post=8469"}],"curies":[{"name":"wp","href":"https:\/\/api.w.org\/{rel}","templated":true}]}}