{"id":8491,"date":"2022-08-30T02:53:50","date_gmt":"2022-08-30T07:53:50","guid":{"rendered":"https:\/\/www.biblia.work\/articulos-salud\/la-covid-prolongada-podria-estar-relacionada-con-los-efectos-del-sars-cov-2-en-el-nervio-vago\/"},"modified":"2022-08-30T02:53:50","modified_gmt":"2022-08-30T07:53:50","slug":"la-covid-prolongada-podria-estar-relacionada-con-los-efectos-del-sars-cov-2-en-el-nervio-vago","status":"publish","type":"post","link":"https:\/\/www.biblia.work\/articulos-salud\/la-covid-prolongada-podria-estar-relacionada-con-los-efectos-del-sars-cov-2-en-el-nervio-vago\/","title":{"rendered":"La COVID prolongada podr\u00eda estar relacionada con los efectos del SARS-CoV-2 en el nervio vago"},"content":{"rendered":"<p>Cr\u00e9dito: Unsplash\/CC0 Dominio p\u00fablico <\/p>\n<p>Nueva investigaci\u00f3n que se presentar\u00e1 en el Congreso Europeo de Microbiolog\u00eda Cl\u00ednica y Enfermedades Infecciosas de este a\u00f1o (ECCMID 2022) , Lisboa, 2326 de abril) sugiere que muchos de los s\u00edntomas relacionados con el s\u00edndrome post-COVID (PCC, tambi\u00e9n conocido como COVID largo) podr\u00edan estar relacionados con el efecto del virus en el nervio vago, uno de los nervios multifuncionales m\u00e1s importantes en el cuerpo. El estudio es realizado por la Dra. Gemma Llads y la Dra. Lourdes Mateu, Hospital Universitario Germans Trias i Pujol, Badalona, Espa\u00f1a, y colegas. <\/p>\n<p>El nervio vago se extiende desde el cerebro hasta el torso y el coraz\u00f3n, los pulmones y los intestinos, as\u00ed como varios m\u00fasculos, incluidos los involucrados en la degluci\u00f3n. Como tal, este nervio es responsable de una amplia variedad de funciones corporales, incluido el control de la frecuencia card\u00edaca, el habla, el reflejo nauseoso, la transferencia de alimentos de la boca al est\u00f3mago, el movimiento de los alimentos a trav\u00e9s de los intestinos, la sudoraci\u00f3n y muchas otras.<\/p>\n<p>La COVID prolongada es un s\u00edndrome potencialmente incapacitante que afecta aproximadamente al 1015 % de los sujetos que sobreviven a la COVID-19. Los autores proponen que la disfunci\u00f3n del nervio vago (VND) mediada por el SARS-CoV-2 podr\u00eda explicar algunos s\u00edntomas prolongados de la COVID, como disfon\u00eda (problemas de voz persistentes), disfagia (dificultad para tragar), mareos, taquicardia (frecuencia card\u00edaca anormalmente alta), ortost\u00e1tica hipotensi\u00f3n (presi\u00f3n arterial baja) y diarrea.<\/p>\n<p>Los autores realizaron una evaluaci\u00f3n piloto, morfol\u00f3gica y funcional extensa del nervio vago, utilizando im\u00e1genes y pruebas funcionales en una cohorte observacional prospectiva de sujetos con COVID prolongado con s\u00edntomas sugestivos de VND. En su cohorte total de 348 pacientes, 228 (66 por ciento) ten\u00edan al menos un s\u00edntoma sugestivo de VND. La evaluaci\u00f3n actual se realiz\u00f3 en los primeros 22 sujetos con s\u00edntomas de VND (10 por ciento del total) atendidos en la Cl\u00ednica Long COVID del Hospital Universitario Germans Trias i Pujol entre marzo y junio de 2021. El estudio est\u00e1 en curso y contin\u00faa reclutando pacientes. <\/p>\n<p>De los 22 sujetos analizados, 20 (91 por ciento) eran mujeres con una mediana de edad de 44 a\u00f1os. Los s\u00edntomas relacionados con VND m\u00e1s frecuentes fueron: diarrea (73 por ciento), taquicardia (59 por ciento), mareos, disfagia y disfon\u00eda (45 por ciento cada uno) e hipotensi\u00f3n ortost\u00e1tica (14 por ciento). Casi todos (19 sujetos, 86 por ciento) ten\u00edan al menos tres s\u00edntomas relacionados con VND. La mediana de duraci\u00f3n previa de los s\u00edntomas fue de 14 meses. Seis de 22 pacientes (27 por ciento) mostraron alteraci\u00f3n del nervio vago en el cuello que se muestra en la ecograf\u00eda, incluido el engrosamiento del nervio y el aumento de la &#8216;ecogenicidad&#8217;, lo que indica cambios reactivos inflamatorios leves.<\/p>\n<p>Una ecograf\u00eda tor\u00e1cica mostr\u00f3 aplanamiento &#8216; curvas diafragm\u00e1ticas&#8217; en 10 de 22 (46 por ciento) sujetos (lo que se traduce en una disminuci\u00f3n de la movilidad diafragm\u00e1tica durante la respiraci\u00f3n, o m\u00e1s simplemente respiraci\u00f3n anormal). Un total de 10 de 16 (63 por ciento) de los individuos evaluados mostraron presiones inspiratorias m\u00e1ximas reducidas, mostrando debilidad de los m\u00fasculos respiratorios.<\/p>\n<p>La alimentaci\u00f3n y la funci\u00f3n digestiva tambi\u00e9n se vieron afectadas en algunos pacientes, con 13 de 18 evaluados (72 por ciento ) tener una prueba positiva para la autopercepci\u00f3n de disfagia orofar\u00edngea (dificultad para tragar). Una evaluaci\u00f3n de la funci\u00f3n g\u00e1strica e intestinal realizada en 19 pacientes revel\u00f3 que ocho (42 por ciento) ten\u00edan afectada su capacidad para llevar alimentos al est\u00f3mago (a trav\u00e9s del es\u00f3fago), y dos de estos ocho (25 por ciento) informaron dificultad para tragar. Se observ\u00f3 reflujo gastroesof\u00e1gico (reflujo \u00e1cido) en nueve de 19 (47 por ciento) individuos; con cuatro de estos nueve (44 por ciento) nuevamente teniendo dificultad para llevar alimentos al est\u00f3mago y tres de estos nueve (33 por ciento) con hernia de hiato que ocurre cuando la parte superior del est\u00f3mago sobresale a trav\u00e9s del diafragma hacia la cavidad tor\u00e1cica.<\/p>\n<p>Una prueba Voice Handicap Index 30 (una forma est\u00e1ndar de medir la funci\u00f3n de la voz) result\u00f3 anormal en 8\/17 (47 por ciento) de los casos, y siete de estos ocho casos (88 por ciento) sufrieron disfon\u00eda.<\/p>\n<p> Los autores dicen: \u00abEn esta evaluaci\u00f3n piloto, la mayor\u00eda de los sujetos con COVID prolongado con s\u00edntomas de disfunci\u00f3n del nervio vago ten\u00edan una variedad de alteraciones significativas, cl\u00ednicamente relevantes, estructurales y\/o funcionales en su nervio vago, que incluyen engrosamiento del nervio, dificultad para tragar y s\u00edntomas de dificultad para respirar. Nuestros hallazgos hasta ahora apuntan a la disfunci\u00f3n del nervio vago como una caracter\u00edstica fisiopatol\u00f3gica central de la COVID prolongada\u00bb. <\/p>\n<p>Explore m\u00e1s<\/p>\n<p> El da\u00f1o a las cuerdas vocales podr\u00eda causar s\u00edntomas de COVID a largo plazo Proporcionado por la Sociedad Europea de Microbiolog\u00eda Cl\u00ednica y Enfermedades Infecciosas <strong>Cita<\/strong>: La COVID prolongada podr\u00eda estar relacionada con los efectos del SARS- CoV-2 en el nervio vago (2022, 14 de febrero) recuperado el 29 de agosto de 2022 de https:\/\/medicalxpress.com\/news\/2022-02-covid-linked-effects-sars-cov-vagus.html Este documento est\u00e1 sujeto a derechos de autor. Aparte de cualquier trato justo con fines de estudio o investigaci\u00f3n privados, ninguna parte puede reproducirse sin el permiso por escrito. El contenido se proporciona \u00fanicamente con fines informativos.<\/p>\n","protected":false},"excerpt":{"rendered":"<p>Cr\u00e9dito: Unsplash\/CC0 Dominio p\u00fablico Nueva investigaci\u00f3n que se presentar\u00e1 en el Congreso Europeo de Microbiolog\u00eda Cl\u00ednica y Enfermedades Infecciosas de este a\u00f1o (ECCMID 2022) , Lisboa, 2326 de abril) sugiere que muchos de los s\u00edntomas relacionados con el s\u00edndrome post-COVID (PCC, tambi\u00e9n conocido como COVID largo) podr\u00edan estar relacionados con el efecto del virus en &hellip; <a href=\"https:\/\/www.biblia.work\/articulos-salud\/la-covid-prolongada-podria-estar-relacionada-con-los-efectos-del-sars-cov-2-en-el-nervio-vago\/\" class=\"more-link\">Continuar leyendo<span class=\"screen-reader-text\"> \u00abLa COVID prolongada podr\u00eda estar relacionada con los efectos del SARS-CoV-2 en el nervio vago\u00bb<\/span><\/a><\/p>\n","protected":false},"author":1,"featured_media":0,"comment_status":"","ping_status":"","sticky":false,"template":"","format":"standard","meta":{"footnotes":""},"categories":[1],"tags":[],"class_list":["post-8491","post","type-post","status-publish","format-standard","hentry","category-general"],"_links":{"self":[{"href":"https:\/\/www.biblia.work\/articulos-salud\/wp-json\/wp\/v2\/posts\/8491","targetHints":{"allow":["GET"]}}],"collection":[{"href":"https:\/\/www.biblia.work\/articulos-salud\/wp-json\/wp\/v2\/posts"}],"about":[{"href":"https:\/\/www.biblia.work\/articulos-salud\/wp-json\/wp\/v2\/types\/post"}],"author":[{"embeddable":true,"href":"https:\/\/www.biblia.work\/articulos-salud\/wp-json\/wp\/v2\/users\/1"}],"replies":[{"embeddable":true,"href":"https:\/\/www.biblia.work\/articulos-salud\/wp-json\/wp\/v2\/comments?post=8491"}],"version-history":[{"count":0,"href":"https:\/\/www.biblia.work\/articulos-salud\/wp-json\/wp\/v2\/posts\/8491\/revisions"}],"wp:attachment":[{"href":"https:\/\/www.biblia.work\/articulos-salud\/wp-json\/wp\/v2\/media?parent=8491"}],"wp:term":[{"taxonomy":"category","embeddable":true,"href":"https:\/\/www.biblia.work\/articulos-salud\/wp-json\/wp\/v2\/categories?post=8491"},{"taxonomy":"post_tag","embeddable":true,"href":"https:\/\/www.biblia.work\/articulos-salud\/wp-json\/wp\/v2\/tags?post=8491"}],"curies":[{"name":"wp","href":"https:\/\/api.w.org\/{rel}","templated":true}]}}